{"id":970,"date":"2023-10-21T17:21:42","date_gmt":"2023-10-21T20:21:42","guid":{"rendered":"https:\/\/www.ufsm.br\/midias\/experimental\/agencia-da-hora\/?p=970"},"modified":"2023-11-13T17:37:42","modified_gmt":"2023-11-13T20:37:42","slug":"mais-de-120-participantes-marcam-presenca-no-iii-workshop-da-agr-jr","status":"publish","type":"post","link":"https:\/\/www.ufsm.br\/midias\/experimental\/agencia-da-hora\/2023\/10\/21\/mais-de-120-participantes-marcam-presenca-no-iii-workshop-da-agr-jr","title":{"rendered":"<strong>Mais de 120 participantes marcam presen\u00e7a no III Workshop da AGR Jr.<\/strong>"},"content":{"rendered":"\n<p><strong><em>Promovido pela empresa j\u00fanior da UFSM-FW<\/em><\/strong><strong><em>, o momento contou com\u00a0 palestras, mesa redonda e sorteios de pr\u00eamios<\/em><\/strong>.<\/p>\n\n\n\n<p><strong>Por:<\/strong> Gabriel Bueno<\/p>\n\n\n\n<p>Em sua terceira edi\u00e7\u00e3o, com o intuito de explorar sobre os estudos no campo agron\u00f4mico, os colaboradores da AGR Jr. Consultoria Agron\u00f4mica, acad\u00eamicos da Universidade Federal de Santa Maria, campus Frederico Westphalen, organizaram na quarta-feira, 18 de outubro, \u00e0s 19 horas, o III Workshop da AGR Jr. Mais de 120 pessoas participaram do evento, que ocorreu na Afucoper, localizado na rua S\u00e3o Francisco de Assis, no bairro Aparecida.<\/p>\n<p><img fetchpriority=\"high\" decoding=\"async\" class=\"alignnone wp-image-971 size-full\" src=\"https:\/\/www.ufsm.br\/app\/uploads\/sites\/825\/2023\/11\/WhatsApp-Image-2023-11-08-at-14.03.01.jpeg\" alt=\"\" width=\"1280\" height=\"854\" srcset=\"https:\/\/www.ufsm.br\/app\/uploads\/sites\/825\/2023\/11\/WhatsApp-Image-2023-11-08-at-14.03.01.jpeg 1280w, https:\/\/www.ufsm.br\/app\/uploads\/sites\/825\/2023\/11\/WhatsApp-Image-2023-11-08-at-14.03.01-300x200.jpeg 300w, https:\/\/www.ufsm.br\/app\/uploads\/sites\/825\/2023\/11\/WhatsApp-Image-2023-11-08-at-14.03.01-1024x683.jpeg 1024w, https:\/\/www.ufsm.br\/app\/uploads\/sites\/825\/2023\/11\/WhatsApp-Image-2023-11-08-at-14.03.01-768x512.jpeg 768w, https:\/\/www.ufsm.br\/app\/uploads\/sites\/825\/2023\/11\/WhatsApp-Image-2023-11-08-at-14.03.01-272x182.jpeg 272w\" sizes=\"(max-width: 1280px) 100vw, 1280px\" \/><\/p>\n<p>Como parte da programa\u00e7\u00e3o, a primeira exposi\u00e7\u00e3o da noite foi realizada pelo Engenheiro Agr\u00f4nomo, Doutor em Fitotecnia, Coordenador do Grupo de Ecofisiologia e Manejo de Plantas Daninhas (Gempla), e editor-chefe da revista \u201cAdvances in Weed Science\u201d, Anderson Nunes, que abordou sobre os desafios e as estrat\u00e9gias no controle de plantas invasoras de dif\u00edcil controle.<\/p>\n<p>O ambiente saturado de profissionais, os valores e a import\u00e2ncia de herbicidas, substitutos ao paraquat, aplica\u00e7\u00e3o sequencial, a import\u00e2ncia das associa\u00e7\u00f5es, PROTOX na acelera\u00e7\u00e3o de desseca\u00e7\u00e3o, rota\u00e7\u00e3o de culturas, controle do rebrote, e o uso de pr\u00e9-emergentes, foram os assuntos abordados por Nunes. Segundo o doutor, o uso de pr\u00e9-emergentes tem uma import\u00e2ncia significativa quando se realiza o controle de plantas daninhas nas lavouras.<\/p>\n<p><em>\u201cUm ponto importante nos pr\u00f3ximos dias para quem vai semear a soja, \u00e9 com rela\u00e7\u00e3o ao uso de herbicidas pr\u00e9-emergentes. O\u00a0 que voc\u00eas acham que \u00e9 mais f\u00e1cil, ganhar na mega-sena ou uma planta daninha se tornar resistente ao herbicida? \u00c9 muito mais f\u00e1cil ganhar no jogo do que a planta se tornar resistente. Agora, por que n\u00e3o conhecemos ningu\u00e9m que tenha ganhado na mega-sena, mas conhece um monte de gente que tem problema com a resist\u00eancia? Porque, se eu tivesse o mesmo n\u00famero de cart\u00f5es da mega-sena do que eu tenho de plantas daninhas na minha lavoura, n\u00f3s j\u00e1 ter\u00edamos ganhado nesse jogo muitas vezes. Resist\u00eancia e mega-sena \u00e9 uma quest\u00e3o de probabilidade, e a planta\u00e7\u00e3o tem a ver com os pr\u00e9-emergentes. Se voc\u00ea aplicar esse glufosinato, ou 2,4-D em 5 bilh\u00f5es de plantas, \u00e9 uma probabilidade muito maior do que voc\u00ea aplicar em 1 bilh\u00e3o de plantas. Ent\u00e3o os pr\u00e9-emergentes t\u00eam um papel muito interessante, que \u00e9 reduzir o n\u00famero de cart\u00f5es da mega-sena que voc\u00ea n\u00e3o quer\u201d.<\/em><\/p>\n<p>Depois do coffee break, a segunda palestra do workshop foi realizada pelo Engenheiro Agr\u00f4nomo e Doutor em Fitossanidade, Cristiano Bell\u00e9, que apresentou as experi\u00eancias e os ensinamentos sobre os desafios do manejo de nematoides na cultura da soja.<\/p>\n<p>Al\u00e9m de explicar as distribui\u00e7\u00f5es das ra\u00e7as Heterodera glycines e de nemat\u00f3ides na regi\u00e3o sul, Bell\u00e9 argumentou sobre o manejo qu\u00edmico, fotoqu\u00edmico, biol\u00f3gico, a promo\u00e7\u00e3o de crescimento, as bact\u00e9rias endof\u00edticas e rizobact\u00e9rias, os efeito no sistema radicular, e as plantas tigueras. O engenheiro argumenta que existem milhares de esp\u00e9cies de nemat\u00f3ides, mas apenas uma pequena porcentagem delas \u00e9 que tem o poder de causar grandes estragos na cultura da soja.\u00a0<\/p>\n<p><em>\u201cA gente n\u00e3o tem s\u00f3 nemat\u00f3ide debaixo do solo, a gente tem outros problemas de outros pat\u00f3genos. Os nemat\u00f3ides, muitas vezes, causam um ferimento no sistema radicular. Esse ferimento \u00e9 uma porta de entrada para outros fungos do solo, principalmente o Fusarium, o Macrophomina e a Rhizoctonia. Ent\u00e3o, quando a gente v\u00ea aquelas plantas mortas, em reboleiras, muitas vezes quem come\u00e7ou toda a festinha foi o nemat\u00f3ide, mas quem terminou de mat\u00e1-las foram os fungos do solo. N\u00f3s temos mais de 1 milh\u00e3o de esp\u00e9cies de nemat\u00f3ides; desse n\u00famero, 5% s\u00e3o os que causam problemas na cultura da soja.\u201d<\/em><\/p>\n<p>A noite foi encerrada com uma mesa-redonda, reunindo os palestrantes e os professores da UFSM\/FW, Stela Maris Kulcheski e Diecson Ruy Orsolin, que conversaram com os participantes sobre os temas abordados. Al\u00e9m dos sorteios dos pr\u00eamios, ocorreu uma homenagem \u00e0 prof\u00aa. Dra. Gizelli Moiano de Paula, que estava fazendo anivers\u00e1rio.<\/p>\n<p>O III Workshop da AGR Jr teve o patroc\u00ednio da Agripulverize, Agrobon, Supermercado Bertoletti, Casa Comercial, Comercial Agr\u00edcola Meotti, Cooper A1, Erval Mate Alto Uruguai, Fabris Semestes, Forzare Agroneg\u00f3cios, Rice Ra\u00e7\u00f5es Cerealista e Vital Agro. E contou com os apoiadores: Afucoper, Grupo Creluz, Cresol Raiz, Ecol\u00f3gica Jr, Grupo de Pesquisa em Plantas de Lavoura, PET ci\u00eancias agr\u00e1rias, Rumivet Jr &#8211; Consultoria Veterin\u00e1ria e UFSM\/FW.<\/p>\n<p>\u00a0<\/p>\n","protected":false},"excerpt":{"rendered":"<p>Promovido pela empresa j\u00fanior da UFSM-FW, o momento contou com\u00a0 palestras, mesa redonda e sorteios de pr\u00eamios. Por: Gabriel Bueno Em sua terceira edi\u00e7\u00e3o, com o intuito de explorar sobre os estudos no campo agron\u00f4mico, os colaboradores da AGR Jr. Consultoria Agron\u00f4mica, acad\u00eamicos da Universidade Federal de Santa Maria, campus Frederico Westphalen, organizaram na quarta-feira, [&hellip;]<\/p>\n","protected":false},"author":2786,"featured_media":971,"comment_status":"closed","ping_status":"closed","sticky":false,"template":"","format":"standard","meta":{"episode_type":"","audio_file":"","cover_image":"","cover_image_id":"","duration":"","filesize":"","date_recorded":"","explicit":"","block":"","filesize_raw":"","footnotes":""},"categories":[9,2],"tags":[28,123,81],"class_list":["post-970","post","type-post","status-publish","format-standard","has-post-thumbnail","hentry","category-destaques","category-noticias","tag-agenciadahora","tag-curso-de-agronomia","tag-ufsm-fw"],"acf":[],"_links":{"self":[{"href":"https:\/\/www.ufsm.br\/midias\/experimental\/agencia-da-hora\/wp-json\/wp\/v2\/posts\/970","targetHints":{"allow":["GET"]}}],"collection":[{"href":"https:\/\/www.ufsm.br\/midias\/experimental\/agencia-da-hora\/wp-json\/wp\/v2\/posts"}],"about":[{"href":"https:\/\/www.ufsm.br\/midias\/experimental\/agencia-da-hora\/wp-json\/wp\/v2\/types\/post"}],"author":[{"embeddable":true,"href":"https:\/\/www.ufsm.br\/midias\/experimental\/agencia-da-hora\/wp-json\/wp\/v2\/users\/2786"}],"replies":[{"embeddable":true,"href":"https:\/\/www.ufsm.br\/midias\/experimental\/agencia-da-hora\/wp-json\/wp\/v2\/comments?post=970"}],"version-history":[{"count":0,"href":"https:\/\/www.ufsm.br\/midias\/experimental\/agencia-da-hora\/wp-json\/wp\/v2\/posts\/970\/revisions"}],"wp:featuredmedia":[{"embeddable":true,"href":"https:\/\/www.ufsm.br\/midias\/experimental\/agencia-da-hora\/wp-json\/wp\/v2\/media\/971"}],"wp:attachment":[{"href":"https:\/\/www.ufsm.br\/midias\/experimental\/agencia-da-hora\/wp-json\/wp\/v2\/media?parent=970"}],"wp:term":[{"taxonomy":"category","embeddable":true,"href":"https:\/\/www.ufsm.br\/midias\/experimental\/agencia-da-hora\/wp-json\/wp\/v2\/categories?post=970"},{"taxonomy":"post_tag","embeddable":true,"href":"https:\/\/www.ufsm.br\/midias\/experimental\/agencia-da-hora\/wp-json\/wp\/v2\/tags?post=970"}],"curies":[{"name":"wp","href":"https:\/\/api.w.org\/{rel}","templated":true}]}}