{"id":742,"date":"2013-06-06T01:21:21","date_gmt":"2013-06-06T04:21:21","guid":{"rendered":"http:\/\/www.ufsm.br\/revistatxt\/?p=742"},"modified":"2019-08-28T15:32:05","modified_gmt":"2019-08-28T18:32:05","slug":"cafe-intercom","status":"publish","type":"post","link":"https:\/\/www.ufsm.br\/midias\/experimental\/educom\/2013\/06\/06\/cafe-intercom","title":{"rendered":"Caf\u00e9 Intercom"},"content":{"rendered":"<p style=\"text-align: left\">Foi realizada no dia 07 de maio a segunda edi\u00e7\u00e3o do Caf\u00e9 Intercom de Santa Maria, encontro que debate assuntos referentes \u00e0 Comunica\u00e7\u00e3o. O Caf\u00e9, que fazia parte da programa\u00e7\u00e3o da 40\u00ba Feira do Livro de Santa Maria, aconteceu na Choperia Alemanha e teve o lan\u00e7amento de cinco t\u00edtulos relacionados \u00e0s Ci\u00eancias da Comunica\u00e7\u00e3o da Editora Facos. O evento contou com a presen\u00e7a da patronesse da Feira do Livro deste ano e autora de um dos livros da noite, Eug\u00eania Mariano da Rocha Barrichello. As obras lan\u00e7adas foram:<\/p>\n<p>&#8211; \u201cR\u00e1dios: sociedade, fronteiras e educa\u00e7\u00e3o\u201d.Organizadores: Maria Ivete Trevisan Foss\u00e1; Ada Cristina Machado da Silveira; Flavi Ferreira Lisb\u00f4a Filho<i>;<\/i><\/p>\n<p><i>&#8211; <\/i>\u201cEcologia da M\u00eddia\u201d.Organizadoras: Anelise Rublescki; Eug\u00eania Mariano da Rocha Barichello;<\/p>\n<p>&#8211; \u201cHist\u00f3rias da m\u00eddia: campos da publicidade e da comunica\u00e7\u00e3o institucional\u201d.Organizadores: Ana Luiza Coiro Moraes; Flavi Ferreira Lisb\u00f4a Filho; Mar\u00edlia de Araujo Barcellos;<\/p>\n<p>&#8211; \u201cApre(e)nder publicidade: aproxima\u00e7\u00f5es entre academia e mercado santa-mariense\u201d<i>. <\/i>Organizadoras: Juliana Petermann; Milena Carvalho Bezerra Freire de Oliveira-Cruz;<\/p>\n<p>&#8211; \u201cComunica\u00e7\u00e3o organizacional e cidadania: olhares sobre a presen\u00e7a das corpora\u00e7\u00f5es e da comunidade na m\u00eddia\u201d.Organizadoras: Maria Ivete Trevisan Foss\u00e1 e Patr\u00edcia Milano P\u00e9rsigo.<\/p>\n<p>\u00a0<\/p>\n\n\n<ul class=\"wp-block-gallery columns-2 is-cropped wp-block-gallery-1 is-layout-flex wp-block-gallery-is-layout-flex\"><li class=\"blocks-gallery-item\"><figure><img decoding=\"async\" src=\"https:\/\/www.ufsm.br\/midias\/experimental\/educom\/wp-content\/uploads\/sites\/802\/2013\/06\/Caf\u00e9-Intercom2-1024x744.jpg\" alt=\"\" data-id=\"786\" data-link=\"https:\/\/www.ufsm.br\/midias\/experimental\/revistatxt\/2013\/06\/06\/cafe-intercom\/cafe-intercom2\/\" class=\"wp-image-786\" \/><\/figure><\/li><li class=\"blocks-gallery-item\"><figure><img decoding=\"async\" src=\"https:\/\/www.ufsm.br\/midias\/experimental\/educom\/wp-content\/uploads\/sites\/802\/2013\/06\/Caf\u00e9-Intercom1-1024x696.jpg\" alt=\"\" data-id=\"787\" data-link=\"https:\/\/www.ufsm.br\/midias\/experimental\/revistatxt\/2013\/06\/06\/cafe-intercom\/cafe-intercom1\/\" class=\"wp-image-787\" \/><\/figure><\/li><\/ul>\n","protected":false},"excerpt":{"rendered":"<p>Foi realizada no dia 07 de maio a segunda edi\u00e7\u00e3o do Caf\u00e9 Intercom de Santa Maria, encontro que debate assuntos referentes \u00e0 Comunica\u00e7\u00e3o. O Caf\u00e9, que fazia parte da programa\u00e7\u00e3o da 40\u00ba Feira do Livro de Santa Maria, aconteceu na Choperia Alemanha e teve o lan\u00e7amento de cinco t\u00edtulos relacionados \u00e0s Ci\u00eancias da Comunica\u00e7\u00e3o da [&hellip;]<\/p>\n","protected":false},"author":1314,"featured_media":0,"comment_status":"closed","ping_status":"closed","sticky":false,"template":"","format":"standard","meta":{"footnotes":""},"categories":[1],"tags":[41],"class_list":["post-742","post","type-post","status-publish","format-standard","hentry","category-sem-categoria","tag-ed17"],"acf":[],"_links":{"self":[{"href":"https:\/\/www.ufsm.br\/midias\/experimental\/educom\/wp-json\/wp\/v2\/posts\/742","targetHints":{"allow":["GET"]}}],"collection":[{"href":"https:\/\/www.ufsm.br\/midias\/experimental\/educom\/wp-json\/wp\/v2\/posts"}],"about":[{"href":"https:\/\/www.ufsm.br\/midias\/experimental\/educom\/wp-json\/wp\/v2\/types\/post"}],"author":[{"embeddable":true,"href":"https:\/\/www.ufsm.br\/midias\/experimental\/educom\/wp-json\/wp\/v2\/users\/1314"}],"replies":[{"embeddable":true,"href":"https:\/\/www.ufsm.br\/midias\/experimental\/educom\/wp-json\/wp\/v2\/comments?post=742"}],"version-history":[{"count":0,"href":"https:\/\/www.ufsm.br\/midias\/experimental\/educom\/wp-json\/wp\/v2\/posts\/742\/revisions"}],"wp:attachment":[{"href":"https:\/\/www.ufsm.br\/midias\/experimental\/educom\/wp-json\/wp\/v2\/media?parent=742"}],"wp:term":[{"taxonomy":"category","embeddable":true,"href":"https:\/\/www.ufsm.br\/midias\/experimental\/educom\/wp-json\/wp\/v2\/categories?post=742"},{"taxonomy":"post_tag","embeddable":true,"href":"https:\/\/www.ufsm.br\/midias\/experimental\/educom\/wp-json\/wp\/v2\/tags?post=742"}],"curies":[{"name":"wp","href":"https:\/\/api.w.org\/{rel}","templated":true}]}}