{"id":3621,"date":"2020-06-19T13:50:00","date_gmt":"2020-06-19T16:50:00","guid":{"rendered":"https:\/\/www.ufsm.br\/midias\/experimental\/integra\/?p=3621"},"modified":"2021-02-26T21:21:10","modified_gmt":"2021-02-27T00:21:10","slug":"comunicacao-e-arte-com-joel-felipe-guindani","status":"publish","type":"post","link":"https:\/\/www.ufsm.br\/midias\/experimental\/integra\/2020\/06\/19\/comunicacao-e-arte-com-joel-felipe-guindani","title":{"rendered":"Comunica\u00e7\u00e3o \u00e9 Arte? Com Joel Felipe Guindani"},"content":{"rendered":"\n<p><strong>A live \u00e9 a quinta realizada pela Ag\u00eancia \u00cdntegra atrav\u00e9s do projeto MovimentA\u00e7\u00e3o, que busca divulgar, promover e elaborar atividades voltadas a dissemina\u00e7\u00e3o de conhecimento ao p\u00fablico<\/strong><\/p>\n\n\n\n<p class=\"has-text-align-right\"><em>Por<\/em><strong><em> J\u00e9ssica Vieira<\/em><\/strong><\/p>\n\n\n\n<p>Na \u00faltima quinta-feira, dia 18 de junho, no Instagram da Ag\u00eancia \u00cdntegra foi realizada a live \u201cComunica\u00e7\u00e3o \u00e9 Arte?\u201d, com a professor Joel Felipe Guindani, docente na Universidade Federal de Santa Maria \u2013 campus Frederico Westphalen.<\/p>\n\n\n\n<p>O professor de Rela\u00e7\u00f5es P\u00fablicas e Jornalismo buscou debater a import\u00e2ncia de compreendermos a comunica\u00e7\u00e3o e sua interliga\u00e7\u00e3o com a arte, a hist\u00f3ria da arte na sociedade e a sua perspectiva comunicacional e social na contemporaneidade. Ademais, debateu que a comunica\u00e7\u00e3o \u00e9 arte atrav\u00e9s da trajet\u00f3ria coletiva que a envolve, que adv\u00e9m desde a necessidade do indiv\u00edduo de comunicar-se com os demais utilizando-se da arte rupestre, presente nas antigas civiliza\u00e7\u00f5es.<\/p>\n\n\n\n<p>\u201cO questionamento comunica\u00e7\u00e3o tamb\u00e9m \u00e9 arte pode ser refletido \u00e0 luz das reflex\u00f5es da filosofia da arte e tamb\u00e9m das tecnologias e dos conte\u00fados, como o cinema e o audiovisual contempor\u00e2neo, linguagens predominantes nos espa\u00e7os digitais. Podemos partir de provoca\u00e7\u00f5es que nos ajudem no entendimento de que a comunica\u00e7\u00e3o humana e social pertence, primeiro, \u00e0s possibilidades do universo simb\u00f3lico, da necessidade de beleza, de pertencimento, de representa\u00e7\u00e3o da criatividade\u201d, exemplificou.<\/p>\n\n\n\n<p>A live \u201cComunica\u00e7\u00e3o \u00e9 Arte?\u201d \u00e9 a quinta da s\u00e9rie de lives realizadas pelo projeto. A Ag\u00eancia \u00cdntegra tem como objetivo com a realiza\u00e7\u00e3o das lives divulgar, mediar e integrar os cursos, professores, departamentos e os estudantes da UFSM-FW atrav\u00e9s dos debates ofertados pelos professores do Departamento de Ci\u00eancias da Comunica\u00e7\u00e3o \u2013 DECOM.<\/p>\n\n\n\n<p>As lives integram o projeto MovimentA\u00e7\u00e3o: comunica\u00e7\u00e3o para a forma\u00e7\u00e3o profissional e cidad\u00e3 por meio da Ag\u00eancia \u00cdntegra, que buscando sensibilizar o p\u00fablico sobre a import\u00e2ncia dos debates sociais, pol\u00edticos e econ\u00f4micos, al\u00e9m de contribuir com pensamentos cr\u00edticos voltados a \u00e1rea da sustentabilidade.<\/p>\n\n\n\n<p>&nbsp;A primeira foi realizada pela professora e Chefe do Departamento de Ci\u00eancias da Comunica\u00e7\u00e3o Cl\u00e1udia Moraes, e abordou sobre a Educomunica\u00e7\u00e3o Socioambiental; a segunda com o professor Reges Schwaab, que debateu o tema \u201cJornalismo em Tempos de Incerteza&#8221;, a terceira com o professor Jones Machado, debatendo o tema \u201cCrise, Rela\u00e7\u00f5es P\u00fablicas e Comunica\u00e7\u00e3o&#8221;, e a quarta com a professora Vera Martins intitulada \u201cComunica\u00e7\u00e3o para Transformar\u201d. Todas as lives est\u00e3o dispon\u00edveis no IGTV da \u00cdntegra.<\/p>\n","protected":false},"excerpt":{"rendered":"<p>A live \u00e9 a quinta realizada pela Ag\u00eancia \u00cdntegra atrav\u00e9s do projeto MovimentA\u00e7\u00e3o, que busca divulgar, promover e elaborar atividades voltadas a dissemina\u00e7\u00e3o de conhecimento ao p\u00fablico Por J\u00e9ssica Vieira Na \u00faltima quinta-feira, dia 18 de junho, no Instagram da Ag\u00eancia \u00cdntegra foi realizada a live \u201cComunica\u00e7\u00e3o \u00e9 Arte?\u201d, com a professor Joel Felipe Guindani, [&hellip;]<\/p>\n","protected":false},"author":2784,"featured_media":0,"comment_status":"closed","ping_status":"closed","sticky":false,"template":"","format":"standard","meta":{"footnotes":""},"categories":[247,1,245,289],"tags":[321,303],"class_list":["post-3621","post","type-post","status-publish","format-standard","hentry","category-institucional","category-movimentacao","category-noticias","category-release","tag-ods19","tag-umaufsmsustentavel"],"acf":[],"_links":{"self":[{"href":"https:\/\/www.ufsm.br\/midias\/experimental\/integra\/wp-json\/wp\/v2\/posts\/3621","targetHints":{"allow":["GET"]}}],"collection":[{"href":"https:\/\/www.ufsm.br\/midias\/experimental\/integra\/wp-json\/wp\/v2\/posts"}],"about":[{"href":"https:\/\/www.ufsm.br\/midias\/experimental\/integra\/wp-json\/wp\/v2\/types\/post"}],"author":[{"embeddable":true,"href":"https:\/\/www.ufsm.br\/midias\/experimental\/integra\/wp-json\/wp\/v2\/users\/2784"}],"replies":[{"embeddable":true,"href":"https:\/\/www.ufsm.br\/midias\/experimental\/integra\/wp-json\/wp\/v2\/comments?post=3621"}],"version-history":[{"count":0,"href":"https:\/\/www.ufsm.br\/midias\/experimental\/integra\/wp-json\/wp\/v2\/posts\/3621\/revisions"}],"wp:attachment":[{"href":"https:\/\/www.ufsm.br\/midias\/experimental\/integra\/wp-json\/wp\/v2\/media?parent=3621"}],"wp:term":[{"taxonomy":"category","embeddable":true,"href":"https:\/\/www.ufsm.br\/midias\/experimental\/integra\/wp-json\/wp\/v2\/categories?post=3621"},{"taxonomy":"post_tag","embeddable":true,"href":"https:\/\/www.ufsm.br\/midias\/experimental\/integra\/wp-json\/wp\/v2\/tags?post=3621"}],"curies":[{"name":"wp","href":"https:\/\/api.w.org\/{rel}","templated":true}]}}