{"id":3780,"date":"2020-12-10T19:08:52","date_gmt":"2020-12-10T22:08:52","guid":{"rendered":"https:\/\/www.ufsm.br\/midias\/experimental\/integra\/?p=3780"},"modified":"2021-02-26T21:16:40","modified_gmt":"2021-02-27T00:16:40","slug":"qual-a-contribuicao-da-comunicacao-para-o-debate-ambiental","status":"publish","type":"post","link":"https:\/\/www.ufsm.br\/midias\/experimental\/integra\/2020\/12\/10\/qual-a-contribuicao-da-comunicacao-para-o-debate-ambiental","title":{"rendered":"Qual a contribui\u00e7\u00e3o da Comunica\u00e7\u00e3o para o debate ambiental?"},"content":{"rendered":"\n<p class=\"has-text-align-center\"><em>Primeira live do evento Consci\u00eancia Ambiental contou com a participa\u00e7\u00e3o das rela\u00e7\u00f5es-p\u00fablicas Cristine Kaufmann e Nat\u00e1lia Leme<\/em>.<\/p>\n\n\n\n<div class=\"wp-block-image\"><figure class=\"aligncenter size-large\"><img fetchpriority=\"high\" decoding=\"async\" width=\"1024\" height=\"576\" src=\"https:\/\/www.ufsm.br\/app\/uploads\/sites\/813\/2020\/12\/consciencia-ambiental-1024x576.jpg\" alt=\"\" class=\"wp-image-3781\" srcset=\"https:\/\/www.ufsm.br\/app\/uploads\/sites\/813\/2020\/12\/consciencia-ambiental-1024x576.jpg 1024w, https:\/\/www.ufsm.br\/app\/uploads\/sites\/813\/2020\/12\/consciencia-ambiental-300x169.jpg 300w, https:\/\/www.ufsm.br\/app\/uploads\/sites\/813\/2020\/12\/consciencia-ambiental-768x432.jpg 768w, https:\/\/www.ufsm.br\/app\/uploads\/sites\/813\/2020\/12\/consciencia-ambiental.jpg 1366w\" sizes=\"(max-width: 1024px) 100vw, 1024px\" \/><\/figure><\/div>\n\n\n\n<p class=\"has-text-align-left\">Na tarde de quarta-feira, 09, ocorreu a primeira live do evento Consci\u00eancia Ambiental com a tem\u00e1tica \u201cTemas Socioambientais e as Contribui\u00e7\u00f5es do Campo da Comunica\u00e7\u00e3o\u201d. O evento \u00e9 promovido pelos cursos de Jornalismo e Rela\u00e7\u00f5es P\u00fablicas e est\u00e1 em sua 4\u00aa edi\u00e7\u00e3o, sendo neste ano 100% online.<\/p>\n\n\n\n<p class=\"has-text-align-left\">Tendo em vista a aproxima\u00e7\u00e3o das tem\u00e1ticas socioambientais e de cidadania ambiental, foi promovido um bate-papo mediado pela professora Cl\u00e1udia Moraes, a qual fomentou a discuss\u00e3o com as convidadas Cristine Kaufmann e Nat\u00e1lia Leme.<\/p>\n\n\n\n<p class=\"has-text-align-left\">A rela\u00e7\u00f5es-p\u00fablicas e mestre em Global Affairs, Nat\u00e1lia, foi a primeira a falar sobre causas ambientais e a comunica\u00e7\u00e3o, ressaltando sua experi\u00eancia na televis\u00e3o e a efici\u00eancia do meio para mudan\u00e7a comportamental das pessoas. Ela ressaltou como a pandemia trouxe \u00e0s pessoas o questionamento diante dos itens que s\u00e3o consumidos no cotidiano e o impacto que empresas tiveram em seu lucro. Entre outras ideias, destacou a import\u00e2ncia das ferramentas de comunica\u00e7\u00e3o como estrat\u00e9gia para a gera\u00e7\u00e3o de impacto socioambiental e potencializar os trabalhos realizados nesta \u00e1rea.<\/p>\n\n\n\n<p class=\"has-text-align-left\">Ap\u00f3s, foi a vez de Cristine, mestra e doutora em Comunica\u00e7\u00e3o e Informa\u00e7\u00e3o, atuando como professora no curso de Rela\u00e7\u00f5es P\u00fablicas, falar a respeito da consci\u00eancia ambiental e como esta quest\u00e3o teve uma significativa relev\u00e2ncia em sua vida. Acentuou a import\u00e2ncia de disciplinas voltadas \u00e0 sustentabilidade no meio acad\u00eamico, pois foi atrav\u00e9s desse fator que o tema foi introduzido em seu cotidiano. A palestrante tamb\u00e9m citou como esta consci\u00eancia n\u00e3o \u00e9 algo natural, e precisa ser constru\u00edda, exigindo muita educa\u00e7\u00e3o e dedica\u00e7\u00e3o para se desenvolver.<\/p>\n\n\n\n<p class=\"has-text-align-left\">A conversa encerrou com as perguntas dos espectadores, a maioria estudantes de Comunica\u00e7\u00e3o, que indicaram muito interesse sobre a tem\u00e1tica. As duas palestrantes apontaram v\u00e1rios exemplos e \u00e1reas de atua\u00e7\u00e3o para os profissionais que pretendam seguir a trilha da comunica\u00e7\u00e3o para a sustentabilidade, avaliando riscos, desafios e oportunidades sobre o tema.<\/p>\n\n\n\n<p class=\"has-text-align-left\">O evento tem sequ\u00eancia no dia 16 de dezembro \u00e0s 19h, tendo como assunto \u201cTemas Socioambientais e uma Outra Economia Poss\u00edvel\u201d. A transmiss\u00e3o ocorre pelo canal da Ag\u00eancia \u00cdntegra no Youtube e pela p\u00e1gina do DECOM no Facebook.<\/p>\n\n\n\n<p>Por: Carol de Lima Adriano e Natalie Pereira Soares<\/p>\n\n\n\n<p>Supervis\u00e3o: Professora Cl\u00e1udia Moraes<\/p>\n\n\n\n<p>Especial para Ag\u00eancia \u00cdntegra<\/p>\n","protected":false},"excerpt":{"rendered":"<p>Primeira live do evento Consci\u00eancia Ambiental contou com a participa\u00e7\u00e3o das rela\u00e7\u00f5es-p\u00fablicas Cristine Kaufmann e Nat\u00e1lia Leme. Na tarde de quarta-feira, 09, ocorreu a primeira live do evento Consci\u00eancia Ambiental com a tem\u00e1tica \u201cTemas Socioambientais e as Contribui\u00e7\u00f5es do Campo da Comunica\u00e7\u00e3o\u201d. O evento \u00e9 promovido pelos cursos de Jornalismo e Rela\u00e7\u00f5es P\u00fablicas e est\u00e1 [&hellip;]<\/p>\n","protected":false},"author":3424,"featured_media":0,"comment_status":"closed","ping_status":"closed","sticky":false,"template":"","format":"standard","meta":{"footnotes":""},"categories":[1],"tags":[303],"class_list":["post-3780","post","type-post","status-publish","format-standard","hentry","category-movimentacao","tag-umaufsmsustentavel"],"acf":[],"_links":{"self":[{"href":"https:\/\/www.ufsm.br\/midias\/experimental\/integra\/wp-json\/wp\/v2\/posts\/3780","targetHints":{"allow":["GET"]}}],"collection":[{"href":"https:\/\/www.ufsm.br\/midias\/experimental\/integra\/wp-json\/wp\/v2\/posts"}],"about":[{"href":"https:\/\/www.ufsm.br\/midias\/experimental\/integra\/wp-json\/wp\/v2\/types\/post"}],"author":[{"embeddable":true,"href":"https:\/\/www.ufsm.br\/midias\/experimental\/integra\/wp-json\/wp\/v2\/users\/3424"}],"replies":[{"embeddable":true,"href":"https:\/\/www.ufsm.br\/midias\/experimental\/integra\/wp-json\/wp\/v2\/comments?post=3780"}],"version-history":[{"count":0,"href":"https:\/\/www.ufsm.br\/midias\/experimental\/integra\/wp-json\/wp\/v2\/posts\/3780\/revisions"}],"wp:attachment":[{"href":"https:\/\/www.ufsm.br\/midias\/experimental\/integra\/wp-json\/wp\/v2\/media?parent=3780"}],"wp:term":[{"taxonomy":"category","embeddable":true,"href":"https:\/\/www.ufsm.br\/midias\/experimental\/integra\/wp-json\/wp\/v2\/categories?post=3780"},{"taxonomy":"post_tag","embeddable":true,"href":"https:\/\/www.ufsm.br\/midias\/experimental\/integra\/wp-json\/wp\/v2\/tags?post=3780"}],"curies":[{"name":"wp","href":"https:\/\/api.w.org\/{rel}","templated":true}]}}