{"id":3952,"date":"2022-02-15T10:52:35","date_gmt":"2022-02-15T13:52:35","guid":{"rendered":"https:\/\/www.ufsm.br\/midias\/experimental\/integra\/?p=3952"},"modified":"2024-11-18T02:49:22","modified_gmt":"2024-11-18T05:49:22","slug":"o-que-sao-os-ods","status":"publish","type":"post","link":"https:\/\/www.ufsm.br\/midias\/experimental\/integra\/2022\/02\/15\/o-que-sao-os-ods","title":{"rendered":"O que s\u00e3o os ODS?"},"content":{"rendered":"\t\t<div data-elementor-type=\"wp-post\" data-elementor-id=\"3952\" class=\"elementor elementor-3952\">\n\t\t\t\t\t\t<section class=\"elementor-section elementor-top-section elementor-element elementor-element-43397e0c elementor-section-boxed elementor-section-height-default elementor-section-height-default\" data-id=\"43397e0c\" data-element_type=\"section\">\n\t\t\t\t\t\t<div class=\"elementor-container elementor-column-gap-default\">\n\t\t\t\t\t<div class=\"elementor-column elementor-col-100 elementor-top-column elementor-element elementor-element-c7753d2\" data-id=\"c7753d2\" data-element_type=\"column\">\n\t\t\t<div class=\"elementor-widget-wrap elementor-element-populated\">\n\t\t\t\t\t\t<div class=\"elementor-element elementor-element-4b036f59 elementor-widget elementor-widget-text-editor\" data-id=\"4b036f59\" data-element_type=\"widget\" data-widget_type=\"text-editor.default\">\n\t\t\t\t<div class=\"elementor-widget-container\">\n\t\t\t\t\t\t\t<p><!-- wp:paragraph --><\/p>\n<p style=\"text-align: justify\">Durante o ano de 2015, a Organiza\u00e7\u00e3o das Na\u00e7\u00f5es Unidas (ONU) lan\u00e7ou a Agenda 2030 para seus pa\u00edses membros. Tal agenda prev\u00ea medidas a serem tomadas por pa\u00edses, institui\u00e7\u00f5es, empresas e a sociedade como um todo visando um desenvolvimento sustent\u00e1vel. Ao todo, a Agenda 2030 contempla 17 Objetivos de Desenvolvimento Sustent\u00e1vel (ODS) que pretendem assegurar os direitos humanos, dizimar a pobreza, lutar contra a desigualdade e a injusti\u00e7a, inviabilizar as mudan\u00e7as clim\u00e1ticas, alcan\u00e7ar a igualdade de g\u00eanero e o empoderamento de mulheres e meninas.<\/p>\n<p><!-- \/wp:paragraph --><!-- wp:paragraph --><\/p>\n<p style=\"text-align: justify\">De acordo com a Unicef, a nova agenda apresenta uma oportunidade hist\u00f3rica para melhorar os direitos e o bem-estar de cada crian\u00e7a e adolescente, especialmente aos mais desfavorecidos, e garantir um planeta saud\u00e1vel para as futuras gera\u00e7\u00f5es. Os Objetivos de Desenvolvimento Sustent\u00e1vel v\u00e3o ser financiados pelas grandes lideran\u00e7as mundiais, com acordos entre redes privadas e p\u00fablicas, nacionais e internacionais.<\/p>\n<p><!-- \/wp:paragraph --><!-- wp:paragraph --><\/p>\n<p style=\"text-align: justify\">Os 17 objetivos s\u00e3o: Erradica\u00e7\u00e3o da pobreza, fome zero e agricultura sustent\u00e1vel, sa\u00fade e bem estar , educa\u00e7\u00e3o de qualidade, igualdade de g\u00eanero, \u00e1gua pot\u00e1vel e saneamento, energia acess\u00edvel e limpa, trabalho decente e crescimento econ\u00f4mico; ind\u00fastria, inova\u00e7\u00e3o e infraestrutura,\u00a0 redu\u00e7\u00e3o de desigualdade, cidades e comunidades sustent\u00e1veis, consumo e produ\u00e7\u00e3o respons\u00e1veis, a\u00e7\u00e3o contra\u00a0 mudan\u00e7a de clima, vida na \u00e1gua, vida terrestre; paz, justi\u00e7a e institui\u00e7\u00f5es eficazes, parcerias e meios de implementa\u00e7\u00e3o.<\/p>\n<p><!-- \/wp:paragraph --><!-- wp:image {\"id\":3953,\"sizeSlug\":\"full\",\"linkDestination\":\"none\"} --><\/p>\n<figure class=\"wp-block-image size-full\" style=\"text-align: justify\"><a href=\"https:\/\/www.ufsm.br\/app\/uploads\/sites\/813\/2022\/02\/1-3.jpg\"><img fetchpriority=\"high\" decoding=\"async\" class=\"alignright wp-image-3953\" src=\"https:\/\/www.ufsm.br\/app\/uploads\/sites\/813\/2022\/02\/1-3.jpg\" alt=\"\" width=\"360\" height=\"189\" srcset=\"https:\/\/www.ufsm.br\/app\/uploads\/sites\/813\/2022\/02\/1-3.jpg 960w, https:\/\/www.ufsm.br\/app\/uploads\/sites\/813\/2022\/02\/1-3-300x158.jpg 300w, https:\/\/www.ufsm.br\/app\/uploads\/sites\/813\/2022\/02\/1-3-768x403.jpg 768w\" sizes=\"(max-width: 360px) 100vw, 360px\" \/><\/a><\/figure>\n<p><!-- \/wp:image --><!-- wp:paragraph --><\/p>\n<p style=\"text-align: justify\"><strong>ODS 9 pretende inovar na ind\u00fastria e na infraestrutura<\/strong><\/p>\n<p><!-- \/wp:paragraph --><!-- wp:paragraph --><\/p>\n<p style=\"text-align: justify\">O objetivo n\u00famero 9 tem como premissa construir infraestruturas resilientes, promover a industrializa\u00e7\u00e3o inclusiva e sustent\u00e1vel e fomentar a inova\u00e7\u00e3o. Todos esses processos est\u00e3o interligados e necessitam de um ao outro para conseguirem \u00eaxito.\u00a0 A resili\u00eancia das infraestruturas ganha destaque pela inova\u00e7\u00e3o. Segundo Julia Azevedo, do site eCycle, a infraestrutura resiliente \u00e9 capaz de resistir, absorver ou se recuperar de impactos de maneira r\u00e1pida e eficiente, ela representa o potencial dos servi\u00e7os urbano, rural, natural e de qualquer outra natureza de absorver e se recuperar do desastre sem gerar transtorno aos grupos populacionais.<\/p>\n<p><!-- \/wp:paragraph --><!-- wp:paragraph --><\/p>\n<p style=\"text-align: justify\">Os avan\u00e7os tecnol\u00f3gicos, aliados a infraestruturas de qualidade e sustent\u00e1veis, possibilitam, ainda mais, a dissemina\u00e7\u00e3o de produtos inovadores e universais. A industrializa\u00e7\u00e3o \u00e9 primordial para o desenvolvimento de uma sociedade, pois gera crescimento econ\u00f4mico, impulsiona o desenvolvimento de novas tecnologias, cria oportunidades de trabalho e, consequentemente, reduz a pobreza. A meta para o ano de 2030 \u00e9 dobrar a participa\u00e7\u00e3o da ind\u00fastria no PIB de pa\u00edses em desenvolvimento.<\/p>\n<p><!-- \/wp:paragraph --><!-- wp:paragraph --><\/p>\n<p style=\"text-align: justify\">Para que o objetivo seja cumprido, os pa\u00edses devem apoiar esse desenvolvimento tecnol\u00f3gico, a pesquisa e a busca pela inova\u00e7\u00e3o em pa\u00edses que est\u00e3o se desenvolvendo. Devem tamb\u00e9m facilitar o desenvolvimento de infraestruturas sustent\u00e1veis e robustas, com apoio financeiro, t\u00e9cnico e tecnol\u00f3gico.<\/p>\n<p><!-- \/wp:paragraph --><!-- wp:paragraph --><\/p>\n<p style=\"text-align: justify\">Ao investir em tecnologia para criar produtos, servi\u00e7os e modelos de neg\u00f3cios que promovam uma infraestrutura sustent\u00e1vel, moderna e resiliente, a empresa colabora com o objetivo global de ind\u00fastria, inova\u00e7\u00e3o e infraestrutura.<\/p>\n<p><!-- \/wp:paragraph --><!-- wp:paragraph --><\/p>\n<p style=\"text-align: justify\">No entanto, ocorre uma enorme diferen\u00e7a entre pa\u00edses desenvolvidos e n\u00e3o desenvolvidos em seu potencial de investimento. De acordo com o World Economic Outlook do FMI, em 2015 o valor que a ind\u00fastria agregava ao PIB, em pa\u00edses menos desenvolvidos, era de 100 d\u00f3lares por pessoa, enquanto na Europa e Am\u00e9rica do Norte esse valor passava de 4600 d\u00f3lares por pessoa.\u00a0\u00a0<\/p>\n<p><!-- \/wp:paragraph --><!-- wp:paragraph --><\/p>\n<p style=\"text-align: justify\">A import\u00e2ncia de investir em inova\u00e7\u00e3o fica evidente com os gr\u00e1ficos alarmantes de emiss\u00e3o dos gases de efeito estufa na atmosfera. Dados abrangentes sobre as emiss\u00f5es dos pa\u00edses, setores e gases est\u00e3o dispon\u00edveis na plataforma ClimateWatch do WRI, que d\u00e1 conta que as emiss\u00f5es globais cresceram 41% desde 1990 e ainda est\u00e3o aumentando. Mesmo ap\u00f3s as emiss\u00f5es terem uma queda no ano de 2016, novos dados sugerem que as emiss\u00f5es de di\u00f3xido de carbono aumentaram anualmente desde ent\u00e3o. Com os avan\u00e7os de tecnologias de efici\u00eancia energ\u00e9tica e o uso de combust\u00edveis mais limpos \u00e9 poss\u00edvel diminuir as emiss\u00f5es de tais gases.<\/p>\n<p><!-- \/wp:paragraph --><!-- wp:image {\"id\":3954,\"sizeSlug\":\"full\",\"linkDestination\":\"none\"} --><\/p>\n<figure class=\"wp-block-image size-full\" style=\"text-align: justify\">\n<figure id=\"attachment_3954\" aria-describedby=\"caption-attachment-3954\" style=\"width: 360px\" class=\"wp-caption alignright\"><img decoding=\"async\" class=\"wp-image-3954\" src=\"https:\/\/www.ufsm.br\/app\/uploads\/sites\/813\/2022\/02\/2-1.jpg\" alt=\"\" width=\"360\" height=\"235\" srcset=\"https:\/\/www.ufsm.br\/app\/uploads\/sites\/813\/2022\/02\/2-1.jpg 640w, https:\/\/www.ufsm.br\/app\/uploads\/sites\/813\/2022\/02\/2-1-300x196.jpg 300w\" sizes=\"(max-width: 360px) 100vw, 360px\" \/><figcaption id=\"caption-attachment-3954\" class=\"wp-caption-text\">Ind\u00fastrias de gera\u00e7\u00e3o de energia s\u00e3o as maiores respons\u00e1veis pela emiss\u00e3o dos gases. Foto: Tony Webster\/Flickr<\/figcaption><\/figure>\n<\/figure>\n<p><!-- \/wp:image --><!-- wp:paragraph --><\/p>\n<p style=\"text-align: justify\"><span style=\"font-weight: var( --e-global-typography-text-font-weight )\">No Brasil, as emiss\u00f5es de Energia (uso ou da produ\u00e7\u00e3o de combust\u00edveis) e Processos Industriais (aquilo que foi emitido ao uso ou \u00e0 transforma\u00e7\u00e3o f\u00edsico-qu\u00edmica de materiais na ind\u00fastria) ganham destaque. O setor de energia teve seu pico no ano de 2014 e uma ligeira queda nos anos seguintes. Dentro do setor da Energia, a atividade de Transporte \u00e9 a maior emissora de gases, conforme dados expostos no gr\u00e1fico do IEMA (Instituto de Energia e Meio Ambiente).<\/span><\/p>\n<p><!-- \/wp:paragraph --><!-- wp:paragraph --><\/p>\n<p><!-- \/wp:paragraph --><!-- wp:paragraph --><\/p>\n<p style=\"text-align: justify\"><strong>Como andam as metas nacionais?<\/strong><\/p>\n<p><!-- \/wp:paragraph --><!-- wp:paragraph --><\/p>\n<p style=\"text-align: justify\">O Brasil \u00e9 um dos pa\u00edses que se encontra na Agenda. Para alcan\u00e7ar o objetivo, o pa\u00eds deve desburocratizar o acesso das micro e pequenas empresas aos servi\u00e7os financeiros, garantindo cr\u00e9ditos com condi\u00e7\u00f5es adequadas \u00e0 realidade das empresas. Deve tamb\u00e9m incentivar a inova\u00e7\u00e3o, fortalecendo a pesquisa cient\u00edfica e melhora nas capacidades tecnol\u00f3gicas das empresas, assim aumentando o emprego do conhecimento cient\u00edfico e tecnol\u00f3gico.<\/p>\n<p><!-- \/wp:paragraph --><!-- wp:paragraph --><\/p>\n<p style=\"text-align: justify\">Se tratando de micro e pequenas empresas do ramo industrial, com a pandemia do novo Coronav\u00edrus, um dos setores que mais sofreu impactos negativos foi o industrial. A pandemia trouxe problemas delicados, alinhado \u00e0 uma realidade que j\u00e1 continha desafios socioecon\u00f4micos de investimentos e busca de crescimento. Em meio a isso, o Governo nacional lan\u00e7ou o Pronampe, uma iniciativa que ajudou empresas de pequeno porte com juros baixos. Essa viabilidade por parte do governo para as empresas, em um momento t\u00e3o delicado, fez jus a um dos Objetivos que o pa\u00eds precisa atingir na ODS.<\/p>\n<p><!-- \/wp:paragraph --><!-- wp:image {\"id\":3956,\"sizeSlug\":\"full\",\"linkDestination\":\"none\"} --><\/p>\n<figure class=\"wp-block-image size-full\" style=\"text-align: justify\">\n<figure id=\"attachment_3956\" aria-describedby=\"caption-attachment-3956\" style=\"width: 360px\" class=\"wp-caption alignright\"><a href=\"https:\/\/www.ufsm.br\/app\/uploads\/sites\/813\/2022\/02\/4.jpg\"><img decoding=\"async\" class=\"wp-image-3956\" src=\"https:\/\/www.ufsm.br\/app\/uploads\/sites\/813\/2022\/02\/4.jpg\" alt=\"\" width=\"360\" height=\"226\" \/><\/a><figcaption id=\"caption-attachment-3956\" class=\"wp-caption-text\">Trabalhador na linha de produ\u00e7\u00e3o. Foto: Alceu de Lima<\/figcaption><\/figure>\n<\/figure>\n<p><!-- \/wp:image --><!-- wp:paragraph --><\/p>\n<p style=\"text-align: justify\">Segundo o Minist\u00e9rio da Economia, no ano de 2020, 468 mil empresas foram atendidas por meio de garantias de at\u00e9 85% das perdas de cr\u00e9ditos nas carteiras de financiamento dos micros e pequenos empres\u00e1rios. Tal cobertura possibilitou que cada 1 real aportado pela Uni\u00e3o fosse convertido em 1,17 reais de cr\u00e9ditos. O Programa foi encerrado em 2020 com mais de 37 bilh\u00f5es de reais em cr\u00e9ditos contratados. Atrav\u00e9s da Lei n\u00ba 14.161, de 2 de junho de 2021, o Pronampe foi transformado em programa permanente de cr\u00e9dito e teve sua participa\u00e7\u00e3o no Fundo Garantidor prolongada at\u00e9 31 de dezembro de 2021.<\/p>\n<p><!-- \/wp:paragraph --><!-- wp:paragraph --><\/p>\n<p><!-- \/wp:paragraph --><!-- wp:paragraph --><\/p>\n<p><!-- \/wp:paragraph --><!-- wp:paragraph --><\/p>\n<p style=\"text-align: justify\"><strong>Texto<\/strong>: Gustavo Griep e Patrick Pozzobon<\/p>\n<p><!-- \/wp:paragraph --><!-- wp:paragraph --><\/p>\n<p style=\"text-align: justify\"><strong>Supervis\u00e3o<\/strong>: Professora Cl\u00e1udia Herte de Moraes, pela disciplina Comunica\u00e7\u00e3o, Cidadania e Ambiente<\/p>\n<p><!-- \/wp:paragraph --><!-- wp:paragraph --><\/p>\n<p style=\"text-align: justify\"><em>Especial para \u00cdntegra<\/em><\/p>\n<p><!-- \/wp:paragraph --><\/p>\t\t\t\t\t\t<\/div>\n\t\t\t\t<\/div>\n\t\t\t\t\t<\/div>\n\t\t<\/div>\n\t\t\t\t\t<\/div>\n\t\t<\/section>\n\t\t\t\t<\/div>\n\t\t","protected":false},"excerpt":{"rendered":"<p>Durante o ano de 2015, a Organiza\u00e7\u00e3o das Na\u00e7\u00f5es Unidas (ONU) lan\u00e7ou a Agenda 2030 para seus pa\u00edses membros. Tal agenda prev\u00ea medidas a serem tomadas por pa\u00edses, institui\u00e7\u00f5es, empresas e a sociedade como um todo visando um desenvolvimento sustent\u00e1vel. Ao todo, a Agenda 2030 contempla 17 Objetivos de Desenvolvimento Sustent\u00e1vel (ODS) que pretendem assegurar [&hellip;]<\/p>\n","protected":false},"author":4859,"featured_media":3980,"comment_status":"closed","ping_status":"closed","sticky":false,"template":"","format":"standard","meta":{"footnotes":""},"categories":[347,348,1,260],"tags":[312,285],"class_list":["post-3952","post","type-post","status-publish","format-standard","has-post-thumbnail","hentry","category-agencia-integra","category-materias","category-movimentacao","category-producao-em-disciplinas","tag-ods9","tag-ufsm-fw"],"acf":[],"_links":{"self":[{"href":"https:\/\/www.ufsm.br\/midias\/experimental\/integra\/wp-json\/wp\/v2\/posts\/3952","targetHints":{"allow":["GET"]}}],"collection":[{"href":"https:\/\/www.ufsm.br\/midias\/experimental\/integra\/wp-json\/wp\/v2\/posts"}],"about":[{"href":"https:\/\/www.ufsm.br\/midias\/experimental\/integra\/wp-json\/wp\/v2\/types\/post"}],"author":[{"embeddable":true,"href":"https:\/\/www.ufsm.br\/midias\/experimental\/integra\/wp-json\/wp\/v2\/users\/4859"}],"replies":[{"embeddable":true,"href":"https:\/\/www.ufsm.br\/midias\/experimental\/integra\/wp-json\/wp\/v2\/comments?post=3952"}],"version-history":[{"count":0,"href":"https:\/\/www.ufsm.br\/midias\/experimental\/integra\/wp-json\/wp\/v2\/posts\/3952\/revisions"}],"wp:featuredmedia":[{"embeddable":true,"href":"https:\/\/www.ufsm.br\/midias\/experimental\/integra\/wp-json\/wp\/v2\/media\/3980"}],"wp:attachment":[{"href":"https:\/\/www.ufsm.br\/midias\/experimental\/integra\/wp-json\/wp\/v2\/media?parent=3952"}],"wp:term":[{"taxonomy":"category","embeddable":true,"href":"https:\/\/www.ufsm.br\/midias\/experimental\/integra\/wp-json\/wp\/v2\/categories?post=3952"},{"taxonomy":"post_tag","embeddable":true,"href":"https:\/\/www.ufsm.br\/midias\/experimental\/integra\/wp-json\/wp\/v2\/tags?post=3952"}],"curies":[{"name":"wp","href":"https:\/\/api.w.org\/{rel}","templated":true}]}}