{"id":3958,"date":"2022-02-15T10:57:38","date_gmt":"2022-02-15T13:57:38","guid":{"rendered":"https:\/\/www.ufsm.br\/midias\/experimental\/integra\/?p=3958"},"modified":"2024-11-18T02:06:09","modified_gmt":"2024-11-18T05:06:09","slug":"solucoes-para-o-problema-dos-esgotos-em-belem-pa","status":"publish","type":"post","link":"https:\/\/www.ufsm.br\/midias\/experimental\/integra\/2022\/02\/15\/solucoes-para-o-problema-dos-esgotos-em-belem-pa","title":{"rendered":"Solu\u00e7\u00f5es para o problema dos esgotos em Bel\u00e9m-PA"},"content":{"rendered":"\t\t<div data-elementor-type=\"wp-post\" data-elementor-id=\"3958\" class=\"elementor elementor-3958\">\n\t\t\t\t\t\t<section class=\"elementor-section elementor-top-section elementor-element elementor-element-ca77c elementor-section-boxed elementor-section-height-default elementor-section-height-default\" data-id=\"ca77c\" data-element_type=\"section\">\n\t\t\t\t\t\t<div class=\"elementor-container elementor-column-gap-default\">\n\t\t\t\t\t<div class=\"elementor-column elementor-col-100 elementor-top-column elementor-element elementor-element-381f4f39\" data-id=\"381f4f39\" data-element_type=\"column\">\n\t\t\t<div class=\"elementor-widget-wrap elementor-element-populated\">\n\t\t\t\t\t\t<div class=\"elementor-element elementor-element-6b10ee36 elementor-widget elementor-widget-text-editor\" data-id=\"6b10ee36\" data-element_type=\"widget\" data-widget_type=\"text-editor.default\">\n\t\t\t\t<div class=\"elementor-widget-container\">\n\t\t\t\t\t\t\t<p><!-- wp:paragraph --><\/p>\n<p><!-- \/wp:paragraph --><!-- wp:image {\"id\":3959,\"sizeSlug\":\"full\",\"linkDestination\":\"none\"} --><\/p>\n<figure class=\"wp-block-image size-full\">\n<figure id=\"attachment_3959\" aria-describedby=\"caption-attachment-3959\" style=\"width: 360px\" class=\"wp-caption alignright\"><a href=\"https:\/\/www.ufsm.br\/app\/uploads\/sites\/813\/2022\/02\/1-4.jpg\"><img fetchpriority=\"high\" decoding=\"async\" class=\"wp-image-3959\" src=\"https:\/\/www.ufsm.br\/app\/uploads\/sites\/813\/2022\/02\/1-4.jpg\" alt=\"\" width=\"360\" height=\"241\" srcset=\"https:\/\/www.ufsm.br\/app\/uploads\/sites\/813\/2022\/02\/1-4.jpg 830w, https:\/\/www.ufsm.br\/app\/uploads\/sites\/813\/2022\/02\/1-4-300x201.jpg 300w, https:\/\/www.ufsm.br\/app\/uploads\/sites\/813\/2022\/02\/1-4-768x514.jpg 768w, https:\/\/www.ufsm.br\/app\/uploads\/sites\/813\/2022\/02\/1-4-272x182.jpg 272w\" sizes=\"(max-width: 360px) 100vw, 360px\" \/><\/a><figcaption id=\"caption-attachment-3959\" class=\"wp-caption-text\">Foto: Daniel Pinto, DOL, 2019<\/figcaption><\/figure>\n<\/figure>\n<p style=\"text-align: justify\"><!-- \/wp:image --><!-- wp:paragraph --><\/p>\n<p style=\"text-align: justify\"><span style=\"color: #000000;font-size: 1rem;font-weight: var( --e-global-typography-text-font-weight );text-align: var(--bs-body-text-align)\">A cidade de Bel\u00e9m, no Par\u00e1, est\u00e1 em pen\u00faltimo lugar no ranking mais recente de saneamento b\u00e1sico publicado em 2021 pela Associa\u00e7\u00e3o Brasileira de Engenharia Sanit\u00e1ria (ABES). A classifica\u00e7\u00e3o, que abrange todo o territ\u00f3rio nacional, indica se os munic\u00edpios est\u00e3o mais ou menos pr\u00f3ximos da universaliza\u00e7\u00e3o do saneamento, ou seja, quantas pessoas t\u00eam acesso a abastecimento de \u00e1gua, coleta e tratamento de esgoto e res\u00edduos s\u00f3lidos. Em Bel\u00e9m, 71,50% da popula\u00e7\u00e3o \u00e9 abastecida com \u00e1gua, 15,77% da popula\u00e7\u00e3o t\u00eam acesso \u00e0 coleta de esgoto, e apenas 3,53% deste esgoto recebe algum tipo de tratamento.<\/span><\/p>\n<p style=\"text-align: justify\"><span style=\"color: #000000;font-size: 1rem;font-weight: var( --e-global-typography-text-font-weight );text-align: var(--bs-body-text-align)\">Em setembro de 2021, a Companhia de Saneamento do Par\u00e1 (Cosanpa) apresentou o Projeto de Desenvolvimento de Saneamento do Par\u00e1 (Prodesan). Financiado pelo Banco Interamericano de Desenvolvimento (BID) e o governo do Estado do Par\u00e1, o projeto tem por objetivo melhorar a qualidade do fornecimento de \u00e1gua e a coleta das \u00e1guas residuais na regi\u00e3o metropolitana do estado, beneficiando em especial a capital. Quanto aos esgotos, h\u00e1 a previs\u00e3o de implantar sistemas de coleta e tratamento no entorno dos lagos Bolonha e \u00c1gua Preta, que fornecem a maioria da \u00e1gua para a cidade. As solu\u00e7\u00f5es propostas pelo Prodesan prometem beneficiar cerca de 400.000 fam\u00edlias que vivem na capital e na regi\u00e3o metropolitana.<\/span><\/p>\n<p style=\"text-align: justify\"><span style=\"color: #000000;font-size: 1rem;font-weight: var( --e-global-typography-text-font-weight );text-align: var(--bs-body-text-align)\">No entanto, nem todos ter\u00e3o acesso \u00e0s melhorias descritas no plano, e isso ocorrer\u00e1 principalmente em Bel\u00e9m. Esse \u00e9 um problema que afeta a cidade desde sua funda\u00e7\u00e3o, em 1616. Considerada por muito tempo um mero entreposto por conta de sua localiza\u00e7\u00e3o, as melhorias feitas na cidade tinham como objetivo facilitar\u00a0 o com\u00e9rcio entre Portugal e o Brasil, que ainda era uma col\u00f4nia. Por isso, o estabelecimento de uma infraestrutura urbana foi protelado por muito tempo; a primeira parte do sistema sanit\u00e1rio de Bel\u00e9m seria implantada apenas em 1915, e ficou inativa at\u00e9 a elabora\u00e7\u00e3o do primeiro projeto de rede de esgoto, realizado em 1950 e cuja configura\u00e7\u00e3o em quatro bacias permanece at\u00e9 os dias atuais. Somente em 1987 a Cosanpa estabeleceria um Plano Diretor de saneamento b\u00e1sico, isto \u00e9, um projeto que engloba todo o munic\u00edpio.\u00a0<\/span><\/p>\n<p style=\"text-align: justify\"><span style=\"color: #000000;font-size: 1rem;font-weight: var( --e-global-typography-text-font-weight );text-align: var(--bs-body-text-align)\">Embora no estudo de 2021 da ABES conste que Bel\u00e9m n\u00e3o possui plano municipal de saneamento b\u00e1sico, \u00e9 poss\u00edvel encontrar no site da prefeitura um documento em duas partes com sua descri\u00e7\u00e3o, al\u00e9m de sua institui\u00e7\u00e3o atestada pelo Di\u00e1rio Oficial de 15 de maio de 2015. Neste plano, consta que o \u201csistema de esgotamento sanit\u00e1rio do munic\u00edpio se encontra defasado com um \u00edndice de atendimento na ordem de 37,63%.\u201d A fim de contornar o problema, a prefeitura sugere algumas a\u00e7\u00f5es para a capital, como aumentar a capacidade de tratamento do esgoto e substituir as redes periodicamente.<\/span><\/p>\n<p style=\"text-align: justify\"><span style=\"color: #000000;font-size: 1rem;font-weight: var( --e-global-typography-text-font-weight );text-align: var(--bs-body-text-align)\">Apesar das medidas preconizadas pelo relat\u00f3rio, em 2020 a cidade foi a campe\u00e3 de interna\u00e7\u00f5es por problemas ligados ao saneamento b\u00e1sico. De acordo com uma not\u00edcia publicada pelo portal de not\u00edcias G1, um estudo tamb\u00e9m realizado pela ABES no primeiro semestre do mesmo ano, apurou que 7% dos leitos estavam ocupados por pacientes cujas doen\u00e7as tinham rela\u00e7\u00e3o com a aus\u00eancia de tratamento da \u00e1gua contaminada pelo esgoto n\u00e3o tratado. Com a pandemia de Covid-19, a situa\u00e7\u00e3o ficou ainda mais dif\u00edcil, pois as medidas preventivas\u00a0 recomendadas para evitar a contamina\u00e7\u00e3o n\u00e3o poderiam ser aplicadas em locais nos quais a \u00e1gua n\u00e3o recebe tratamento e \u00e9 infectada pelo esgoto.<\/span><\/p>\n<p style=\"text-align: justify\"><span style=\"color: #000000;font-size: 1rem;font-weight: var( --e-global-typography-text-font-weight );text-align: var(--bs-body-text-align)\">No relat\u00f3rio tamb\u00e9m h\u00e1 recomenda\u00e7\u00f5es para o tratamento de esgoto na \u00e1rea rural de Bel\u00e9m, e que consistem em \u201cmetodologias alternativas e tecnologias sociais de f\u00e1cil manuten\u00e7\u00e3o\u201d. Entre estes, o destaque \u00e9 dado para os reatores UASB (que tratam o esgoto sem precisar de oxig\u00eanio), sanit\u00e1rios ecol\u00f3gicos e tanques s\u00e9pticos associados a filtros biol\u00f3gicos. Al\u00e9m disso, diante da ina\u00e7\u00e3o do governo, pessoas comuns t\u00eam se mobilizado para melhorar a situa\u00e7\u00e3o a m\u00e9dio e curto prazo, implantando algumas das sugest\u00f5es feitas para a zona rural na capital.<\/span><\/p>\n<p style=\"text-align: justify\"><span style=\"color: #000000;font-size: 1rem;font-weight: var( --e-global-typography-text-font-weight );text-align: var(--bs-body-text-align)\">Uma pesquisa realizada na Universidade da Amaz\u00f4nia (UNAMA) deu \u00eanfase a solu\u00e7\u00f5es pouco custosas a serem aplicadas nas \u00e1reas urbanas de Bel\u00e9m. Realizada por Adriano Pires Monteiro J\u00fanior e Henrique Fernandes Rendeiro Neto, o estudo consistiu no planejamento e execu\u00e7\u00e3o de um tanque s\u00e9ptico, acompanhado por um filtro anaer\u00f3bio e um sumidouro. O tanque s\u00e9ptico \u00e9 um recipiente que serve para receber todos os dejetos de uma habita\u00e7\u00e3o; nele, o esgoto vai se sedimentar e se transformar em lodo, mat\u00e9ria org\u00e2nica mais simples e cuja decanta\u00e7\u00e3o \u00e9 mais f\u00e1cil. Em seguida, o lodo ser\u00e1 tratado no filtro anaer\u00f3bio, que \u00e9 um tanque geralmente preenchido por pedra britada; os microrganismos que aderem \u00e0s paredes do tanque ser\u00e3o respons\u00e1veis pela filtragem anaer\u00f3bia \u2013 isto \u00e9, que dispensa oxig\u00eanio \u2013 do material org\u00e2nico. A etapa final \u00e9 realizada pelo sumidouro, um po\u00e7o respons\u00e1vel pelo escoamento dos res\u00edduos previamente tratados no subsolo. Embora n\u00e3o possam ser despejados nas \u00e1guas de superf\u00edcie, os res\u00edduos n\u00e3o contaminam os len\u00e7\u00f3is fre\u00e1ticos, sendo filtrados pelo pr\u00f3prio solo.<\/span><\/p>\n<p style=\"text-align: justify\"><!-- \/wp:paragraph --><!-- wp:image {\"id\":3960,\"sizeSlug\":\"full\",\"linkDestination\":\"none\"} --><\/p>\n<figure class=\"wp-block-image size-full\" style=\"text-align: justify\">\n<figure id=\"attachment_3960\" aria-describedby=\"caption-attachment-3960\" style=\"width: 360px\" class=\"wp-caption alignleft\"><a href=\"https:\/\/www.ufsm.br\/app\/uploads\/sites\/813\/2022\/02\/2-2.jpg\"><img decoding=\"async\" class=\"wp-image-3960\" src=\"https:\/\/www.ufsm.br\/app\/uploads\/sites\/813\/2022\/02\/2-2.jpg\" alt=\"\" width=\"360\" height=\"245\" srcset=\"https:\/\/www.ufsm.br\/app\/uploads\/sites\/813\/2022\/02\/2-2.jpg 616w, https:\/\/www.ufsm.br\/app\/uploads\/sites\/813\/2022\/02\/2-300x205.jpg 300w\" sizes=\"(max-width: 360px) 100vw, 360px\" \/><\/a><figcaption id=\"caption-attachment-3960\" class=\"wp-caption-text\">Fonte: fkcomercio.com.br<\/figcaption><\/figure>\n<\/figure>\n<p style=\"text-align: justify\"><!-- \/wp:image --><!-- wp:paragraph --><\/p>\n<p style=\"text-align: justify\"><span style=\"color: #000000;font-size: 1rem;font-weight: var( --e-global-typography-text-font-weight );text-align: var(--bs-body-text-align)\">Segundo os autores da pesquisa, se os sistemas forem bem constru\u00eddos e respeitarem as recomenda\u00e7\u00f5es sobre o distanciamento do len\u00e7ol fre\u00e1tico e de outras resid\u00eancias, al\u00e9m de observar a periodicidade das limpezas, constituem um sistema eficaz de tratamento de esgoto.<\/span><\/p>\n<p style=\"text-align: justify\"><span style=\"color: #000000;font-size: 1rem;font-weight: var( --e-global-typography-text-font-weight );text-align: var(--bs-body-text-align)\">Outra solu\u00e7\u00e3o simples e de baixo custo foi realizada em 2017, na Escola Municipal Santana de Aur\u00e1 com o aux\u00edlio da Empresa Brasileira de Pesquisa Agropecu\u00e1ria (Embrapa) e a participa\u00e7\u00e3o dos pais dos alunos. Para que se pudesse executar o projeto Acreditar no Amanh\u00e3, criado pelo Tribunal de Justi\u00e7a do Estado do Par\u00e1 (TJPA) e cujo objetivo era o de construir uma horta org\u00e2nica para melhorar a alimenta\u00e7\u00e3o das crian\u00e7as que frequentam a escola, foi preciso solucionar o problema do esgoto que era despejado diretamente no solo. Localizada pr\u00f3ximo ao antigo lix\u00e3o do Aur\u00e1, do qual muitos moradores do bairro tiravam sua subsist\u00eancia atrav\u00e9s da coleta seletiva, a escola n\u00e3o tinha saneamento b\u00e1sico, e a sugest\u00e3o da Embrapa foi a de construir uma fossa s\u00e9ptica biodigestora, estimada em R$ 2.000.00 e custeada pelo projeto do TJPA.<\/span><\/p>\n<p style=\"text-align: justify\"><span style=\"color: #000000;font-size: 1rem;font-weight: var( --e-global-typography-text-font-weight );text-align: var(--bs-body-text-align)\">De acordo com o documento \u201cPerguntas e respostas: fossa s\u00e9ptica biodigestora edi\u00e7\u00e3o revisada e ampliada\u201d, dispon\u00edvel no site da Embrapa, a fossa s\u00e9ptica biodigestora \u00e9 uma solu\u00e7\u00e3o para o esgoto dom\u00e9stico do vaso sanit\u00e1rio. Composta por tr\u00eas caixas d&#8217;\u00e1gua de 1000 litros interligadas entre si por tubos de PVC, as duas primeiras caixas servem para a fermenta\u00e7\u00e3o anaer\u00f3bia, onde ocorre a biodigest\u00e3o, isto \u00e9, a decomposi\u00e7\u00e3o da mat\u00e9ria org\u00e2nica sem oxig\u00eanio. A\u00a0 primeira deve receber regularmente uma solu\u00e7\u00e3o de \u00e1gua e esterco para facilitar a forma\u00e7\u00e3o de micro-organismos para decompor a mat\u00e9ria fecal. A terceira caixa \u00e9 usada como dep\u00f3sito para o res\u00edduo l\u00edquido tratado nas anteriores, que pode ser usado como fertilizante do solo.<\/span><\/p>\n<p style=\"text-align: justify\"><!-- \/wp:paragraph --><!-- wp:image {\"id\":3961,\"sizeSlug\":\"full\",\"linkDestination\":\"none\"} --><\/p>\n<figure class=\"wp-block-image size-full\" style=\"text-align: justify\">\n<figure id=\"attachment_3961\" aria-describedby=\"caption-attachment-3961\" style=\"width: 360px\" class=\"wp-caption alignright\"><a href=\"https:\/\/www.ufsm.br\/app\/uploads\/sites\/813\/2022\/02\/3-1.jpg\"><img decoding=\"async\" class=\"wp-image-3961\" src=\"https:\/\/www.ufsm.br\/app\/uploads\/sites\/813\/2022\/02\/3-1.jpg\" alt=\"\" width=\"360\" height=\"231\" srcset=\"https:\/\/www.ufsm.br\/app\/uploads\/sites\/813\/2022\/02\/3-1.jpg 395w, https:\/\/www.ufsm.br\/app\/uploads\/sites\/813\/2022\/02\/3-1-300x192.jpg 300w\" sizes=\"(max-width: 360px) 100vw, 360px\" \/><\/a><figcaption id=\"caption-attachment-3961\" class=\"wp-caption-text\">Fossa S\u00e9ptica Biodigestora. Foto: Embrapa, 2019.<\/figcaption><\/figure>\n<\/figure>\n<p style=\"text-align: justify\"><!-- \/wp:image --><!-- wp:paragraph --><\/p>\n<p style=\"text-align: justify\"><span style=\"color: #000000;font-size: 1rem;font-weight: var( --e-global-typography-text-font-weight );text-align: var(--bs-body-text-align)\">Esse sistema garante n\u00e3o apenas que a \u00e1gua para consumo da escola estar\u00e1 livre de poluentes, mas tamb\u00e9m que o esgoto produzido receber\u00e1 tratamento adequado e n\u00e3o poluir\u00e1 as \u00e1guas subterr\u00e2neas. Al\u00e9m disso, ainda produz o fertilizante para ser empregado na pr\u00f3pria horta, o que ajuda a escola a economizar com o produto.<\/span><\/p>\n<p style=\"text-align: justify\"><!-- \/wp:paragraph --><!-- wp:paragraph --><\/p>\n<p style=\"text-align: justify\">Esses projetos podem ser considerados como\u00a0 solu\u00e7\u00f5es simples e para que essa situa\u00e7\u00e3o dos esgotos seja minimizada, desta forma\u00a0 Bel\u00e9m poderia diminuir os \u00edndices de hospitaliza\u00e7\u00f5es causadas pela prec\u00e1ria rede de esgoto tratado. O saneamento b\u00e1sico de qualidade \u00e9 direito de todos, \u00e9 garantido em lei e deve ser colocado em dia tanto para melhoria da qualidade de vida das pessoas quanto para o meio ambiente que sofre com a situa\u00e7\u00e3o.<\/p>\n<p style=\"text-align: justify\"><!-- \/wp:paragraph --><!-- wp:paragraph --><\/p>\n<p style=\"text-align: justify\"><strong>Texto:<\/strong>\u00a0 Caroline Kostuchenko e Renata Lopes Ara\u00fajo<\/p>\n<p style=\"text-align: justify\"><!-- \/wp:paragraph --><!-- wp:paragraph --><\/p>\n<p style=\"text-align: justify\"><strong><em>Supervis\u00e3o<\/em><\/strong>: Professora Cl\u00e1udia Herte de Moraes, pela disciplina Comunica\u00e7\u00e3o, Cidadania e Ambiente.<\/p>\n<p style=\"text-align: justify\"><!-- \/wp:paragraph --><!-- wp:paragraph --><\/p>\n<p style=\"text-align: justify\"><em>Especial para \u00cdntegra<\/em><\/p>\n<p><!-- \/wp:paragraph --><\/p>\t\t\t\t\t\t<\/div>\n\t\t\t\t<\/div>\n\t\t\t\t\t<\/div>\n\t\t<\/div>\n\t\t\t\t\t<\/div>\n\t\t<\/section>\n\t\t\t\t<\/div>\n\t\t","protected":false},"excerpt":{"rendered":"<p>A cidade de Bel\u00e9m, no Par\u00e1, est\u00e1 em pen\u00faltimo lugar no ranking mais recente de saneamento b\u00e1sico publicado em 2021 pela Associa\u00e7\u00e3o Brasileira de Engenharia Sanit\u00e1ria (ABES). A classifica\u00e7\u00e3o, que abrange todo o territ\u00f3rio nacional, indica se os munic\u00edpios est\u00e3o mais ou menos pr\u00f3ximos da universaliza\u00e7\u00e3o do saneamento, ou seja, quantas pessoas t\u00eam acesso a [&hellip;]<\/p>\n","protected":false},"author":4859,"featured_media":3974,"comment_status":"closed","ping_status":"closed","sticky":false,"template":"","format":"standard","meta":{"footnotes":""},"categories":[347,348,1,260],"tags":[314,285],"class_list":["post-3958","post","type-post","status-publish","format-standard","has-post-thumbnail","hentry","category-agencia-integra","category-materias","category-movimentacao","category-producao-em-disciplinas","tag-ods6","tag-ufsm-fw"],"acf":[],"_links":{"self":[{"href":"https:\/\/www.ufsm.br\/midias\/experimental\/integra\/wp-json\/wp\/v2\/posts\/3958","targetHints":{"allow":["GET"]}}],"collection":[{"href":"https:\/\/www.ufsm.br\/midias\/experimental\/integra\/wp-json\/wp\/v2\/posts"}],"about":[{"href":"https:\/\/www.ufsm.br\/midias\/experimental\/integra\/wp-json\/wp\/v2\/types\/post"}],"author":[{"embeddable":true,"href":"https:\/\/www.ufsm.br\/midias\/experimental\/integra\/wp-json\/wp\/v2\/users\/4859"}],"replies":[{"embeddable":true,"href":"https:\/\/www.ufsm.br\/midias\/experimental\/integra\/wp-json\/wp\/v2\/comments?post=3958"}],"version-history":[{"count":0,"href":"https:\/\/www.ufsm.br\/midias\/experimental\/integra\/wp-json\/wp\/v2\/posts\/3958\/revisions"}],"wp:featuredmedia":[{"embeddable":true,"href":"https:\/\/www.ufsm.br\/midias\/experimental\/integra\/wp-json\/wp\/v2\/media\/3974"}],"wp:attachment":[{"href":"https:\/\/www.ufsm.br\/midias\/experimental\/integra\/wp-json\/wp\/v2\/media?parent=3958"}],"wp:term":[{"taxonomy":"category","embeddable":true,"href":"https:\/\/www.ufsm.br\/midias\/experimental\/integra\/wp-json\/wp\/v2\/categories?post=3958"},{"taxonomy":"post_tag","embeddable":true,"href":"https:\/\/www.ufsm.br\/midias\/experimental\/integra\/wp-json\/wp\/v2\/tags?post=3958"}],"curies":[{"name":"wp","href":"https:\/\/api.w.org\/{rel}","templated":true}]}}