{"id":4064,"date":"2025-05-23T13:14:42","date_gmt":"2025-05-23T16:14:42","guid":{"rendered":"https:\/\/www.ufsm.br\/midias\/experimental\/integra\/?p=4064"},"modified":"2025-05-27T15:26:32","modified_gmt":"2025-05-27T18:26:32","slug":"ufsm-fw-exibe-filme-em-mostra-dedicada-ao-protagonismo-negro","status":"publish","type":"post","link":"https:\/\/www.ufsm.br\/midias\/experimental\/integra\/2025\/05\/23\/ufsm-fw-exibe-filme-em-mostra-dedicada-ao-protagonismo-negro","title":{"rendered":"UFSM-FW exibe filme em mostra dedicada ao Protagonismo Negro"},"content":{"rendered":"\t\t<div data-elementor-type=\"wp-post\" data-elementor-id=\"4064\" class=\"elementor elementor-4064\">\n\t\t\t\t\t\t<section class=\"elementor-section elementor-top-section elementor-element elementor-element-49784d56 elementor-section-boxed elementor-section-height-default elementor-section-height-default\" data-id=\"49784d56\" data-element_type=\"section\">\n\t\t\t\t\t\t<div class=\"elementor-container elementor-column-gap-default\">\n\t\t\t\t\t<div class=\"elementor-column elementor-col-100 elementor-top-column elementor-element elementor-element-5d6dabcf\" data-id=\"5d6dabcf\" data-element_type=\"column\">\n\t\t\t<div class=\"elementor-widget-wrap elementor-element-populated\">\n\t\t\t\t\t\t<div class=\"elementor-element elementor-element-4be8c070 elementor-widget elementor-widget-text-editor\" data-id=\"4be8c070\" data-element_type=\"widget\" data-widget_type=\"text-editor.default\">\n\t\t\t\t<div class=\"elementor-widget-container\">\n\t\t\t\t\t\t\t<!-- wp:paragraph -->\n<p>Na manh\u00e3 de segunda-feira, 19 de maio, no est\u00fadio de TV da UFSM-FW, ocorreu a \u201cMostra Protagonismo Negro\u201d com a exibi\u00e7\u00e3o do filme <em>O Dia que te Conheci (2023), <\/em>do diretor Andr\u00e9 Novais Oliveira, cineasta brasileiro. A iniciativa foi promovida pelo SESC-FW em parceria com o professor Joel Felipe Guindani.<\/p>\n<!-- \/wp:paragraph --><!-- wp:image {\"id\":4065,\"width\":\"334px\",\"height\":\"auto\",\"sizeSlug\":\"full\",\"linkDestination\":\"none\",\"align\":\"left\"} -->\n<figure class=\"wp-block-image alignleft size-full is-resized\"><img fetchpriority=\"high\" decoding=\"async\" width=\"750\" height=\"742\" class=\"wp-image-4065\" style=\"width: 334px;height: auto\" src=\"https:\/\/www.ufsm.br\/app\/uploads\/sites\/813\/2025\/05\/o-dia-que-te-conheci.jpg\" alt=\"\" srcset=\"https:\/\/www.ufsm.br\/app\/uploads\/sites\/813\/2025\/05\/o-dia-que-te-conheci.jpg 750w, https:\/\/www.ufsm.br\/app\/uploads\/sites\/813\/2025\/05\/o-dia-que-te-conheci-300x297.jpg 300w\" sizes=\"(max-width: 750px) 100vw, 750px\" \/><\/figure>\n<!-- \/wp:image --><!-- wp:paragraph -->\n<p>A programa\u00e7\u00e3o reuniu alunos de Jornalismo e Rela\u00e7\u00f5es P\u00fablicas, al\u00e9m de servidores da universidade, que assistiram ao filme acompanhados de pipoca. Ap\u00f3s a exibi\u00e7\u00e3o, houve um momento de debate sobre aspectos importantes da obra.\u00a0<\/p>\n<!-- \/wp:paragraph --><!-- wp:paragraph -->\n<p>A mostra \u201cProtagonismo Negro\u201d, \u00e9 uma iniciativa do SESC, com o objetivo de celebrar a produ\u00e7\u00e3o audiovisual negra e incentivar o debate e fortalecimento das identidades afro-brasileiras na regi\u00e3o. Francini Trindade, colaboradora do SESC, relata que foi uma experi\u00eancia muito bacana proporcionar esse evento aos alunos da UFSM, \u201ca gente quer poder vislumbrar o trabalho desses profissionais que trabalham com cinema audiovisual e que s\u00e3o artistas que trazem um trabalho magn\u00edfico.\u201d\u00a0<\/p>\n<!-- \/wp:paragraph --><!-- wp:paragraph -->\n<p>O professor Joel destacou a import\u00e2ncia da mostra, \u201cela possibilita mostrar filmes alternativos, que geralmente n\u00e3o s\u00e3o assistidos em outros canais e s\u00e3o filmes de refer\u00eancia, premiados em festivais nacionais e internacionais, e que de outra forma n\u00f3s n\u00e3o ter\u00edamos acesso.\u201d<\/p>\n<!-- \/wp:paragraph --><!-- wp:paragraph -->\n<p>Com a dura\u00e7\u00e3o 1h e 10min, <em>O Dia Que Te Conheci<\/em> retrata a vida de Zeca, um trabalhador em sua rotina do dia a dia, que est\u00e1 cada vez mais dif\u00edcil, especialmente acordar cedo para pegar o \u00f4nibus e ir para o trabalho. Para Raissa Bueno, aluna de Rela\u00e7\u00f5es P\u00fablicas, a experi\u00eancia de assistir foi muito boa, \u201cfoi um filme r\u00e1pido, mas ele tem uma hist\u00f3ria muito legal sobre a realidade do Brasil e das pessoas que trabalham, e aborda temas como a depress\u00e3o. Vale a pena assistir &#8220;, finalizou.<\/p>\n<p>\u00a0<\/p>\n<p>\u00a0<\/p>\n<p>\u00a0<\/p>\n<!-- \/wp:paragraph --><!-- wp:paragraph -->\n<p><em>Texto: Mariana Saldanha, bolsista da Ag\u00eancia \u00cdntegra.<\/em><\/p>\n<!-- \/wp:paragraph -->\t\t\t\t\t\t<\/div>\n\t\t\t\t<\/div>\n\t\t\t\t\t<\/div>\n\t\t<\/div>\n\t\t\t\t\t<\/div>\n\t\t<\/section>\n\t\t\t\t<section class=\"elementor-section elementor-top-section elementor-element elementor-element-955b53d elementor-section-boxed elementor-section-height-default elementor-section-height-default\" data-id=\"955b53d\" data-element_type=\"section\">\n\t\t\t\t\t\t<div class=\"elementor-container elementor-column-gap-default\">\n\t\t\t\t\t<div class=\"elementor-column elementor-col-100 elementor-top-column elementor-element elementor-element-e4656da\" data-id=\"e4656da\" data-element_type=\"column\">\n\t\t\t<div class=\"elementor-widget-wrap elementor-element-populated\">\n\t\t\t\t\t\t<div class=\"elementor-element elementor-element-d14a5a7 elementor-widget__width-initial elementor-arrows-position-inside elementor-pagination-position-outside elementor-widget elementor-widget-image-carousel\" data-id=\"d14a5a7\" data-element_type=\"widget\" data-settings=\"{&quot;slides_to_scroll&quot;:&quot;2&quot;,&quot;navigation&quot;:&quot;both&quot;,&quot;autoplay&quot;:&quot;yes&quot;,&quot;pause_on_hover&quot;:&quot;yes&quot;,&quot;pause_on_interaction&quot;:&quot;yes&quot;,&quot;autoplay_speed&quot;:5000,&quot;infinite&quot;:&quot;yes&quot;,&quot;speed&quot;:500}\" data-widget_type=\"image-carousel.default\">\n\t\t\t\t<div class=\"elementor-widget-container\">\n\t\t\t\t\t<div class=\"elementor-image-carousel-wrapper swiper\" dir=\"ltr\">\n\t\t\t<div class=\"elementor-image-carousel swiper-wrapper\" aria-live=\"off\">\n\t\t\t\t\t\t\t\t<div class=\"swiper-slide\" role=\"group\" aria-roledescription=\"slide\" aria-label=\"1 of 3\"><figure class=\"swiper-slide-inner\"><img decoding=\"async\" class=\"swiper-slide-image\" src=\"https:\/\/www.ufsm.br\/app\/uploads\/sites\/813\/2025\/05\/WhatsApp-Image-2025-05-22-at-11.30.59-1-768x576.jpeg\" alt=\"Foto: Teresa Vit\u00f3ria\" \/><figcaption class=\"elementor-image-carousel-caption\">Foto: Teresa Vit\u00f3ria<\/figcaption><\/figure><\/div><div class=\"swiper-slide\" role=\"group\" aria-roledescription=\"slide\" aria-label=\"2 of 3\"><figure class=\"swiper-slide-inner\"><img decoding=\"async\" class=\"swiper-slide-image\" src=\"https:\/\/www.ufsm.br\/app\/uploads\/sites\/813\/2025\/05\/WhatsApp-Image-2025-05-22-at-11.30.59-768x576.jpeg\" alt=\"Foto: Teresa Vit\u00f3ria\" \/><figcaption class=\"elementor-image-carousel-caption\">Foto: Teresa Vit\u00f3ria<\/figcaption><\/figure><\/div><div class=\"swiper-slide\" role=\"group\" aria-roledescription=\"slide\" aria-label=\"3 of 3\"><figure class=\"swiper-slide-inner\"><img decoding=\"async\" class=\"swiper-slide-image\" src=\"https:\/\/www.ufsm.br\/app\/uploads\/sites\/813\/2025\/05\/WhatsApp-Image-2025-05-22-at-11.30.58-1-768x576.jpeg\" alt=\"Foto: Teresa Vit\u00f3ria\" \/><figcaption class=\"elementor-image-carousel-caption\">Foto: Teresa Vit\u00f3ria<\/figcaption><\/figure><\/div>\t\t\t<\/div>\n\t\t\t\t\t\t\t\t\t\t\t\t<div class=\"elementor-swiper-button elementor-swiper-button-prev\" role=\"button\" tabindex=\"0\">\n\t\t\t\t\t\t<i aria-hidden=\"true\" class=\"eicon-chevron-left\"><\/i>\t\t\t\t\t<\/div>\n\t\t\t\t\t<div class=\"elementor-swiper-button elementor-swiper-button-next\" role=\"button\" tabindex=\"0\">\n\t\t\t\t\t\t<i aria-hidden=\"true\" class=\"eicon-chevron-right\"><\/i>\t\t\t\t\t<\/div>\n\t\t\t\t\n\t\t\t\t\t\t\t\t\t<div class=\"swiper-pagination\"><\/div>\n\t\t\t\t\t\t\t\t\t<\/div>\n\t\t\t\t<\/div>\n\t\t\t\t<\/div>\n\t\t\t\t\t<\/div>\n\t\t<\/div>\n\t\t\t\t\t<\/div>\n\t\t<\/section>\n\t\t\t\t<\/div>\n\t\t","protected":false},"excerpt":{"rendered":"<p>Evento reuniu estudantes e servidores para refletir sobre o filme O Dia Que Te Conheci (2023)<\/p>\n","protected":false},"author":8577,"featured_media":4066,"comment_status":"closed","ping_status":"closed","sticky":false,"template":"","format":"standard","meta":{"footnotes":""},"categories":[347,356,301,245],"tags":[349,355,294,365],"class_list":["post-4064","post","type-post","status-publish","format-standard","has-post-thumbnail","hentry","category-agencia-integra","category-destaques","category-eventos","category-noticias","tag-agencia","tag-destaques","tag-noticia","tag-ufsm-fw-2"],"acf":[],"_links":{"self":[{"href":"https:\/\/www.ufsm.br\/midias\/experimental\/integra\/wp-json\/wp\/v2\/posts\/4064","targetHints":{"allow":["GET"]}}],"collection":[{"href":"https:\/\/www.ufsm.br\/midias\/experimental\/integra\/wp-json\/wp\/v2\/posts"}],"about":[{"href":"https:\/\/www.ufsm.br\/midias\/experimental\/integra\/wp-json\/wp\/v2\/types\/post"}],"author":[{"embeddable":true,"href":"https:\/\/www.ufsm.br\/midias\/experimental\/integra\/wp-json\/wp\/v2\/users\/8577"}],"replies":[{"embeddable":true,"href":"https:\/\/www.ufsm.br\/midias\/experimental\/integra\/wp-json\/wp\/v2\/comments?post=4064"}],"version-history":[{"count":0,"href":"https:\/\/www.ufsm.br\/midias\/experimental\/integra\/wp-json\/wp\/v2\/posts\/4064\/revisions"}],"wp:featuredmedia":[{"embeddable":true,"href":"https:\/\/www.ufsm.br\/midias\/experimental\/integra\/wp-json\/wp\/v2\/media\/4066"}],"wp:attachment":[{"href":"https:\/\/www.ufsm.br\/midias\/experimental\/integra\/wp-json\/wp\/v2\/media?parent=4064"}],"wp:term":[{"taxonomy":"category","embeddable":true,"href":"https:\/\/www.ufsm.br\/midias\/experimental\/integra\/wp-json\/wp\/v2\/categories?post=4064"},{"taxonomy":"post_tag","embeddable":true,"href":"https:\/\/www.ufsm.br\/midias\/experimental\/integra\/wp-json\/wp\/v2\/tags?post=4064"}],"curies":[{"name":"wp","href":"https:\/\/api.w.org\/{rel}","templated":true}]}}