{"id":4072,"date":"2025-05-23T13:22:26","date_gmt":"2025-05-23T16:22:26","guid":{"rendered":"https:\/\/www.ufsm.br\/midias\/experimental\/integra\/?p=4072"},"modified":"2025-05-27T15:24:20","modified_gmt":"2025-05-27T18:24:20","slug":"de-volta-a-ativa-diaspora-debate-sobre-representacao-nordestina-e-venezuelana","status":"publish","type":"post","link":"https:\/\/www.ufsm.br\/midias\/experimental\/integra\/2025\/05\/23\/de-volta-a-ativa-diaspora-debate-sobre-representacao-nordestina-e-venezuelana","title":{"rendered":"De volta \u00e0 ativa, DiAsPoRa debate sobre representa\u00e7\u00e3o nordestina e venezuelana"},"content":{"rendered":"\t\t<div data-elementor-type=\"wp-post\" data-elementor-id=\"4072\" class=\"elementor elementor-4072\">\n\t\t\t\t\t\t<section class=\"elementor-section elementor-top-section elementor-element elementor-element-1d03db41 elementor-section-boxed elementor-section-height-default elementor-section-height-default\" data-id=\"1d03db41\" data-element_type=\"section\">\n\t\t\t\t\t\t<div class=\"elementor-container elementor-column-gap-default\">\n\t\t\t\t\t<div class=\"elementor-column elementor-col-100 elementor-top-column elementor-element elementor-element-15e4d20c\" data-id=\"15e4d20c\" data-element_type=\"column\">\n\t\t\t<div class=\"elementor-widget-wrap elementor-element-populated\">\n\t\t\t\t\t\t<div class=\"elementor-element elementor-element-285ffae4 elementor-widget elementor-widget-text-editor\" data-id=\"285ffae4\" data-element_type=\"widget\" data-widget_type=\"text-editor.default\">\n\t\t\t\t<div class=\"elementor-widget-container\">\n\t\t\t\t\t\t\t<!-- wp:paragraph -->\n<p>A iniciativa d\u00e1 continuidade ao \u201cDi\u00e1logos Formativos: deslocamentos, hospitalidade e estrangeiridades\u201d, encontro remoto promovido pelo projeto de pesquisa interinstitucional \u201cDiscursos de\/sobre Acolhimento: Saber-Poder, Ref\u00fagio e Alteridade\u201d (DiAsPoRa). O evento ocorreu na ter\u00e7a-feira, 20 de maio, das 15h50 \u00e0s 17h45.\u00a0<\/p>\n<!-- \/wp:paragraph --><!-- wp:paragraph -->\n<p>Nessa s\u00e9tima edi\u00e7\u00e3o, a professora Ma\u00edra Ferreira Sant\u2019Ana, da Universidade Federal de Minas Gerais (UFMG), apresentou a tese de doutorado sobre a representa\u00e7\u00e3o de imigrantes venezuelanos nos jornais. J\u00e1 Cristiana Soares de Oliveira, doutoranda em Estudos Lingu\u00edsticos pela Universidade Federal de Sergipe (UFS), abordou a pesquisa sobre xenofobia contra nordestinos no Rio Grande do Sul (RS)<\/p>\n<!-- \/wp:paragraph --><!-- wp:paragraph -->\n<p>Em sua pesquisa, Ma\u00edra analisou not\u00edcias do jornal Folha de Boa Vista, com sede em Boa Vista, capital de Roraima. O estado \u00e9 o principal destino de imigrantes venezuelanos desde que os problemas econ\u00f4micos e pol\u00edticos se agravaram no pa\u00eds vizinho a partir de 2013. Isso levou o governo federal a manter, desde 2018, a Opera\u00e7\u00e3o Acolhida, que visa interiorizar esses estrangeiros no restante do pa\u00eds.\u00a0<\/p>\n<!-- \/wp:paragraph --><!-- wp:paragraph -->\n<p>Ma\u00edra tamb\u00e9m comparou a cobertura do jornal roraimense \u00e0 do jornal O Tempo, de Minas Gerais. Ela pontuou que o jornal mineiro pode ter representado os venezuelanos de forma menos negativa por n\u00e3o estarem no principal estado afetado. \u201c\u00c9 interessante como o imigrante \u00e9 visto como algu\u00e9m que precisa ser acolhido e que \u00e9 uma amea\u00e7a ao mesmo tempo\u201d, comentou Marluza da Rosa, coordenadora do DiAsPoRa e professora na UFSM\/FW.<\/p>\n<!-- \/wp:paragraph --><!-- wp:paragraph -->\n<p>Na sequ\u00eancia, a pesquisadora Cristiana mostrou, a partir de produ\u00e7\u00f5es audiovisuais, como o nordestino costuma ser representado por estere\u00f3tipos de fome, mis\u00e9ria e sofrimento. Ela tamb\u00e9m explicou de que maneira as declara\u00e7\u00f5es de um vereador de Caxias do Sul (RS) contribuem para o nordestino ser visto como inferior no estado ga\u00facho. \u201cSer estrangeiro n\u00e3o \u00e9, necessariamente, ser de outro pa\u00eds\u201d, enfatizou.\u00a0<\/p>\n<!-- \/wp:paragraph --><!-- wp:paragraph -->\n<p>O projeto DiAsPoRa re\u00fane pesquisadores da UFMG, UFS, UFSM, PUC-Campinas e Universidade Federal da Fronteira Sul de Chapec\u00f3. No momento, a estudante Beatriz Oliveira Vieira tamb\u00e9m auxilia como bolsista CNPq.\u00a0<\/p>\n<!-- \/wp:paragraph --><!-- wp:image {\"id\":4073,\"width\":\"395px\",\"height\":\"auto\",\"sizeSlug\":\"full\",\"linkDestination\":\"none\",\"align\":\"center\"} -->\n<figure class=\"wp-block-image aligncenter size-full is-resized\"><img fetchpriority=\"high\" decoding=\"async\" width=\"720\" height=\"712\" class=\"wp-image-4073\" style=\"width: 395px;height: auto\" src=\"https:\/\/www.ufsm.br\/app\/uploads\/sites\/813\/2025\/05\/WhatsApp-Image-2025-05-23-at-08.48.37.jpeg\" alt=\"\" srcset=\"https:\/\/www.ufsm.br\/app\/uploads\/sites\/813\/2025\/05\/WhatsApp-Image-2025-05-23-at-08.48.37.jpeg 720w, https:\/\/www.ufsm.br\/app\/uploads\/sites\/813\/2025\/05\/WhatsApp-Image-2025-05-23-at-08.48.37-300x297.jpeg 300w\" sizes=\"(max-width: 720px) 100vw, 720px\" \/>\n<figcaption class=\"wp-element-caption\">Imagem: divulga\u00e7\u00e3o<\/figcaption>\n<\/figure>\n<!-- \/wp:image --><!-- wp:paragraph -->\n<p>\u00a0<\/p>\n<p>\u00a0<\/p>\n<p><em>Texto: J\u00f4nathas Grunheidt Vilela Ordine, bolsista da Ag\u00eancia \u00cdntegra.<\/em><\/p>\n<!-- \/wp:paragraph -->\t\t\t\t\t\t<\/div>\n\t\t\t\t<\/div>\n\t\t\t\t\t<\/div>\n\t\t<\/div>\n\t\t\t\t\t<\/div>\n\t\t<\/section>\n\t\t\t\t<\/div>\n\t\t","protected":false},"excerpt":{"rendered":"<p>Os temas da imigra\u00e7\u00e3o e da xenofobia marcaram a volta do projeto em 2025<\/p>\n","protected":false},"author":8577,"featured_media":4073,"comment_status":"closed","ping_status":"closed","sticky":false,"template":"","format":"standard","meta":{"footnotes":""},"categories":[347,356,301,359,245,295],"tags":[349,355,265,365],"class_list":["post-4072","post","type-post","status-publish","format-standard","has-post-thumbnail","hentry","category-agencia-integra","category-destaques","category-eventos","category-jornalismo-bacharelado-fw","category-noticias","category-noticias-projetos","tag-agencia","tag-destaques","tag-jornalismo","tag-ufsm-fw-2"],"acf":[],"_links":{"self":[{"href":"https:\/\/www.ufsm.br\/midias\/experimental\/integra\/wp-json\/wp\/v2\/posts\/4072","targetHints":{"allow":["GET"]}}],"collection":[{"href":"https:\/\/www.ufsm.br\/midias\/experimental\/integra\/wp-json\/wp\/v2\/posts"}],"about":[{"href":"https:\/\/www.ufsm.br\/midias\/experimental\/integra\/wp-json\/wp\/v2\/types\/post"}],"author":[{"embeddable":true,"href":"https:\/\/www.ufsm.br\/midias\/experimental\/integra\/wp-json\/wp\/v2\/users\/8577"}],"replies":[{"embeddable":true,"href":"https:\/\/www.ufsm.br\/midias\/experimental\/integra\/wp-json\/wp\/v2\/comments?post=4072"}],"version-history":[{"count":0,"href":"https:\/\/www.ufsm.br\/midias\/experimental\/integra\/wp-json\/wp\/v2\/posts\/4072\/revisions"}],"wp:featuredmedia":[{"embeddable":true,"href":"https:\/\/www.ufsm.br\/midias\/experimental\/integra\/wp-json\/wp\/v2\/media\/4073"}],"wp:attachment":[{"href":"https:\/\/www.ufsm.br\/midias\/experimental\/integra\/wp-json\/wp\/v2\/media?parent=4072"}],"wp:term":[{"taxonomy":"category","embeddable":true,"href":"https:\/\/www.ufsm.br\/midias\/experimental\/integra\/wp-json\/wp\/v2\/categories?post=4072"},{"taxonomy":"post_tag","embeddable":true,"href":"https:\/\/www.ufsm.br\/midias\/experimental\/integra\/wp-json\/wp\/v2\/tags?post=4072"}],"curies":[{"name":"wp","href":"https:\/\/api.w.org\/{rel}","templated":true}]}}