{"id":4084,"date":"2025-05-30T12:50:34","date_gmt":"2025-05-30T15:50:34","guid":{"rendered":"https:\/\/www.ufsm.br\/midias\/experimental\/integra\/?p=4084"},"modified":"2025-05-30T13:00:27","modified_gmt":"2025-05-30T16:00:27","slug":"ufsm-fw-abre-chamada-publica-para-redistribuicao-de-docente-ao-departamento-de-ciencias-da-comunicacao","status":"publish","type":"post","link":"https:\/\/www.ufsm.br\/midias\/experimental\/integra\/2025\/05\/30\/ufsm-fw-abre-chamada-publica-para-redistribuicao-de-docente-ao-departamento-de-ciencias-da-comunicacao","title":{"rendered":"UFSM-FW abre chamada p\u00fablica para redistribui\u00e7\u00e3o de docente ao Departamento de Ci\u00eancias da Comunica\u00e7\u00e3o"},"content":{"rendered":"\n<p>O Departamento de Ci\u00eancias da Comunica\u00e7\u00e3o (DECOM) da Universidade Federal de Santa Maria, campus Frederico Westphalen, divulgou no dia 16 de maio o edital n\u00ba 001 DE 2025, com a abertura de inscri\u00e7\u00f5es da Chamada P\u00fablica para Redistribui\u00e7\u00e3o Docente.&nbsp;<\/p>\n\n\n\n<p>As inscri\u00e7\u00f5es iniciaram no dia 22 de maio e seguem at\u00e9 05 de junho de 2025, sendo realizadas exclusivamente via Processo Eletr\u00f4nico Nacional (PEN-SIE\/UFSM), conforme as orienta\u00e7\u00f5es dispon\u00edveis no portal da UFSM.<\/p>\n\n\n\n<p>Segundo o edital, a vaga dispon\u00edvel \u00e9 destinada para professor do magist\u00e9rio superior com atua\u00e7\u00e3o nas \u00e1reas de Comunica\u00e7\u00e3o\/Jornalismo e Editora\u00e7\u00e3o, com regime de 40 horas e dedica\u00e7\u00e3o exclusiva. Como pr\u00e9-requisito, \u00e9 necess\u00e1rio ter:<\/p>\n\n\n\n<ul class=\"wp-block-list\">\n<li><strong>Gradua\u00e7\u00e3o em Comunica\u00e7\u00e3o Social com habilita\u00e7\u00e3o em Jornalismo ou Gradua\u00e7\u00e3o em Jornalismo;<\/strong><\/li>\n\n\n\n<li><strong>Doutorado na \u00e1rea de Comunica\u00e7\u00e3o.<\/strong><\/li>\n<\/ul>\n\n\n\n<p>A chamada \u00e9 destinada a servidores federais efetivos da carreira de Professor do Magist\u00e9rio Superior que tenham interesse em redistribui\u00e7\u00e3o para a UFSM, respeitando os crit\u00e9rios legais e institucionais previstos em edital.<\/p>\n\n\n\n<p>Al\u00e9m dos requisitos espec\u00edficos, os candidatos passar\u00e3o por quatro etapas de sele\u00e7\u00e3o, incluindo:<\/p>\n\n\n\n<ol class=\"wp-block-list\">\n<li><strong>Avalia\u00e7\u00e3o de desempenho (eliminat\u00f3ria);<\/strong><\/li>\n\n\n\n<li><strong>Prova did\u00e1tica (eliminat\u00f3ria e classificat\u00f3ria);<\/strong><\/li>\n\n\n\n<li><strong>Defesa de memorial descritivo (eliminat\u00f3ria e classificat\u00f3ria);<\/strong><\/li>\n\n\n\n<li><strong>An\u00e1lise de t\u00edtulos (classificat\u00f3ria).<\/strong><\/li>\n<\/ol>\n\n\n\n<p>As etapas ser\u00e3o realizadas de forma remota e os resultados divulgados no site do campus e da PROGEP.&nbsp;<\/p>\n\n\n\n<p><strong>Para mais informa\u00e7\u00f5es, acesse o edital: <\/strong><a href=\"https:\/\/www.ufsm.br\/app\/uploads\/sites\/341\/2025\/05\/ED.-N.-001-2025-Redistribuio-Docente-DECOM.pdf\">https:\/\/www.ufsm.br\/app\/uploads\/sites\/341\/2025\/05\/ED.-N.-001-2025-Redistribuio-Docente-DECOM.pdf<\/a>\u00a0<\/p>\n","protected":false},"excerpt":{"rendered":"<p>O Departamento de Ci\u00eancias da Comunica\u00e7\u00e3o (DECOM) da Universidade Federal de Santa Maria, campus Frederico Westphalen, divulgou no dia 16 de maio o edital n\u00ba 001 DE 2025, com a abertura de inscri\u00e7\u00f5es da Chamada P\u00fablica para Redistribui\u00e7\u00e3o Docente.&nbsp; As inscri\u00e7\u00f5es iniciaram no dia 22 de maio e seguem at\u00e9 05 de junho de 2025, [&hellip;]<\/p>\n","protected":false},"author":8577,"featured_media":0,"comment_status":"closed","ping_status":"closed","sticky":false,"template":"","format":"standard","meta":{"footnotes":""},"categories":[347,356,301,359,245,360],"tags":[349,355,368,365],"class_list":["post-4084","post","type-post","status-publish","format-standard","hentry","category-agencia-integra","category-destaques","category-eventos","category-jornalismo-bacharelado-fw","category-noticias","category-relacoes-publicas-fw","tag-agencia","tag-destaques","tag-noticias","tag-ufsm-fw-2"],"acf":[],"_links":{"self":[{"href":"https:\/\/www.ufsm.br\/midias\/experimental\/integra\/wp-json\/wp\/v2\/posts\/4084","targetHints":{"allow":["GET"]}}],"collection":[{"href":"https:\/\/www.ufsm.br\/midias\/experimental\/integra\/wp-json\/wp\/v2\/posts"}],"about":[{"href":"https:\/\/www.ufsm.br\/midias\/experimental\/integra\/wp-json\/wp\/v2\/types\/post"}],"author":[{"embeddable":true,"href":"https:\/\/www.ufsm.br\/midias\/experimental\/integra\/wp-json\/wp\/v2\/users\/8577"}],"replies":[{"embeddable":true,"href":"https:\/\/www.ufsm.br\/midias\/experimental\/integra\/wp-json\/wp\/v2\/comments?post=4084"}],"version-history":[{"count":0,"href":"https:\/\/www.ufsm.br\/midias\/experimental\/integra\/wp-json\/wp\/v2\/posts\/4084\/revisions"}],"wp:attachment":[{"href":"https:\/\/www.ufsm.br\/midias\/experimental\/integra\/wp-json\/wp\/v2\/media?parent=4084"}],"wp:term":[{"taxonomy":"category","embeddable":true,"href":"https:\/\/www.ufsm.br\/midias\/experimental\/integra\/wp-json\/wp\/v2\/categories?post=4084"},{"taxonomy":"post_tag","embeddable":true,"href":"https:\/\/www.ufsm.br\/midias\/experimental\/integra\/wp-json\/wp\/v2\/tags?post=4084"}],"curies":[{"name":"wp","href":"https:\/\/api.w.org\/{rel}","templated":true}]}}