{"id":4156,"date":"2025-06-16T10:13:25","date_gmt":"2025-06-16T13:13:25","guid":{"rendered":"https:\/\/www.ufsm.br\/midias\/experimental\/integra\/?p=4156"},"modified":"2025-06-16T11:08:48","modified_gmt":"2025-06-16T14:08:48","slug":"professoras-do-departamento-de-ciencias-da-comunicacao-debatem-acoes-com-presidente-da-camara-municipal","status":"publish","type":"post","link":"https:\/\/www.ufsm.br\/midias\/experimental\/integra\/2025\/06\/16\/professoras-do-departamento-de-ciencias-da-comunicacao-debatem-acoes-com-presidente-da-camara-municipal","title":{"rendered":"Professoras do Departamento de Ci\u00eancias da Comunica\u00e7\u00e3o debatem a\u00e7\u00f5es com presidente da C\u00e2mara Municipal"},"content":{"rendered":"\n<p>Na ter\u00e7a-feira, 10 de junho, a chefe do Departamento de Ci\u00eancias de Comunica\u00e7\u00e3o da UFSM\/FW, M\u00e1rcia Boabaid, participou de uma reuni\u00e3o com a presidente da C\u00e2mara de Vereadores de Frederico Westphalen, Marizete Frozzi. A coordenadora substituta do Curso de Jornalismo, Marluza da Rosa, e a coordenadora do Curso de Rela\u00e7\u00f5es P\u00fablicas, Patr\u00edcia Persigo, tamb\u00e9m estavam presentes.&nbsp;<\/p>\n\n\n\n<p>Com o objetivo de alinhar projetos do poder legislativo municipal com os desenvolvidos pelos cursos de comunica\u00e7\u00e3o da universidade, Marizete foi presenteada com as revistas-laborat\u00f3rio Meio Mundo e Conex\u00e3o RP, al\u00e9m de um relat\u00f3rio de pesquisa sobre comunica\u00e7\u00e3o comunit\u00e1ria na cidade ga\u00facha.&nbsp;<\/p>\n\n\n\n<p><em>Texto: J\u00f4nathas Grunheidt Vilela Ordine, bolsista da Ag\u00eancia \u00cdntegra<\/em>.<\/p>\n","protected":false},"excerpt":{"rendered":"<p>Durante o encontro, foram discutidos projetos dos cursos de comunica\u00e7\u00e3o da UFSM\/FW<\/p>\n","protected":false},"author":8577,"featured_media":0,"comment_status":"closed","ping_status":"closed","sticky":false,"template":"","format":"standard","meta":{"footnotes":""},"categories":[347,356,247,359,245,360],"tags":[349,355,368,365],"class_list":["post-4156","post","type-post","status-publish","format-standard","hentry","category-agencia-integra","category-destaques","category-institucional","category-jornalismo-bacharelado-fw","category-noticias","category-relacoes-publicas-fw","tag-agencia","tag-destaques","tag-noticias","tag-ufsm-fw-2"],"acf":[],"_links":{"self":[{"href":"https:\/\/www.ufsm.br\/midias\/experimental\/integra\/wp-json\/wp\/v2\/posts\/4156","targetHints":{"allow":["GET"]}}],"collection":[{"href":"https:\/\/www.ufsm.br\/midias\/experimental\/integra\/wp-json\/wp\/v2\/posts"}],"about":[{"href":"https:\/\/www.ufsm.br\/midias\/experimental\/integra\/wp-json\/wp\/v2\/types\/post"}],"author":[{"embeddable":true,"href":"https:\/\/www.ufsm.br\/midias\/experimental\/integra\/wp-json\/wp\/v2\/users\/8577"}],"replies":[{"embeddable":true,"href":"https:\/\/www.ufsm.br\/midias\/experimental\/integra\/wp-json\/wp\/v2\/comments?post=4156"}],"version-history":[{"count":0,"href":"https:\/\/www.ufsm.br\/midias\/experimental\/integra\/wp-json\/wp\/v2\/posts\/4156\/revisions"}],"wp:attachment":[{"href":"https:\/\/www.ufsm.br\/midias\/experimental\/integra\/wp-json\/wp\/v2\/media?parent=4156"}],"wp:term":[{"taxonomy":"category","embeddable":true,"href":"https:\/\/www.ufsm.br\/midias\/experimental\/integra\/wp-json\/wp\/v2\/categories?post=4156"},{"taxonomy":"post_tag","embeddable":true,"href":"https:\/\/www.ufsm.br\/midias\/experimental\/integra\/wp-json\/wp\/v2\/tags?post=4156"}],"curies":[{"name":"wp","href":"https:\/\/api.w.org\/{rel}","templated":true}]}}