{"id":4228,"date":"2025-08-15T17:57:25","date_gmt":"2025-08-15T20:57:25","guid":{"rendered":"https:\/\/www.ufsm.br\/midias\/experimental\/integra\/?p=4228"},"modified":"2025-09-05T16:17:34","modified_gmt":"2025-09-05T19:17:34","slug":"estudantes-da-ufsm-fw-defendem-acesso-a-educacao-em-evento-na-camara-municipal","status":"publish","type":"post","link":"https:\/\/www.ufsm.br\/midias\/experimental\/integra\/2025\/08\/15\/estudantes-da-ufsm-fw-defendem-acesso-a-educacao-em-evento-na-camara-municipal","title":{"rendered":"Estudantes da UFSM\/FW defendem acesso \u00e0 educa\u00e7\u00e3o em evento na C\u00e2mara Municipal"},"content":{"rendered":"\t\t<div data-elementor-type=\"wp-post\" data-elementor-id=\"4228\" class=\"elementor elementor-4228\">\n\t\t\t\t\t\t<section class=\"elementor-section elementor-top-section elementor-element elementor-element-3c8a5723 elementor-section-boxed elementor-section-height-default elementor-section-height-default\" data-id=\"3c8a5723\" data-element_type=\"section\">\n\t\t\t\t\t\t<div class=\"elementor-container elementor-column-gap-default\">\n\t\t\t\t\t<div class=\"elementor-column elementor-col-100 elementor-top-column elementor-element elementor-element-c482c29\" data-id=\"c482c29\" data-element_type=\"column\">\n\t\t\t<div class=\"elementor-widget-wrap elementor-element-populated\">\n\t\t\t\t\t\t<div class=\"elementor-element elementor-element-4068e302 elementor-widget elementor-widget-text-editor\" data-id=\"4068e302\" data-element_type=\"widget\" data-widget_type=\"text-editor.default\">\n\t\t\t\t<div class=\"elementor-widget-container\">\n\t\t\t\t\t\t\t<!-- wp:paragraph -->\n<p>Na \u00faltima quarta-feira, 13 de agosto, a UFSM de Frederico Westphalen realizou um evento na C\u00e2mara Municipal da cidade para tratar de parcerias entre a universidade e o poder legislativo local. O IntegraLegis foi um desdobramento de uma reuni\u00e3o entre a atual Presidente da C\u00e2mara de Vereadores, Marizete Lourdes Frozzi, e a chefia do Departamento de Ci\u00eancias da Comunica\u00e7\u00e3o, M\u00e1rcia Vanzin Boabaid. O encontro ocorreu das 14hrs \u00e0s 16h30. Al\u00e9m de compartilhar experi\u00eancias na \u00e1rea de comunica\u00e7\u00e3o, estudantes, professores e vereadores compareceram principalmente para debater sobre o transporte p\u00fablico.<\/p>\n<!-- \/wp:paragraph --><!-- wp:paragraph -->\n<p>Para muitos universit\u00e1rios com menos condi\u00e7\u00f5es financeiras que usufruem da Casa do Estudante (CEU) e buscam permanecer nos estudos, o transporte p\u00fablico auxilia no deslocamento at\u00e9 a cidade para trabalhar, acessar o com\u00e9rcio local e ter mais momentos de lazer. \u00c9 o caso do estudante no segundo semestre de Jornalismo, Pedro Lima Muller. \u201cN\u00e3o tem \u00f4nibus no fim de semana, se eu preciso de alguma coisa no fim de semana eu n\u00e3o tenho acesso. Eu tenho que pagar um carro de trinta reais s\u00f3 pra chegar at\u00e9 a cidade\u201d, comentou.<\/p>\n<!-- \/wp:paragraph --><!-- wp:paragraph -->\n<p>O Diret\u00f3rio Central Estudantil (DCE) da UFSM esteve presente para reivindicar melhor estrutura e maior disponibilidade de hor\u00e1rios ap\u00f3s o pre\u00e7o da passagem aumentar para quatro reais. \u201cIsso tudo est\u00e1 na m\u00e3o de uma empresa privada, eles controlam o hor\u00e1rio que a gente sai e fica l\u00e1 na universidade\u201d, relembrou o Coordenador de Comunica\u00e7\u00e3o do DCE, Vinicius Zortea Soares. O funcionamento do transporte coletivo na cidade depende da rela\u00e7\u00e3o entre institui\u00e7\u00f5es p\u00fablicas e privadas.\u00a0<\/p>\n<!-- \/wp:paragraph --><!-- wp:paragraph -->\n<p>J\u00e1 o Coordenador de Forma\u00e7\u00e3o Pol\u00edtica do DCE, Mateus Eduardo Marchioro, destacou a import\u00e2ncia do Legislativo como ponte entre a sociedade e o Executivo. \u201cS\u00f3 tem educa\u00e7\u00e3o p\u00fablica, gratuita e de qualidade quando a gente tem incentivo dos governos locais\u201d, enfatizou. Para ele, a exist\u00eancia de transporte p\u00fablico em munic\u00edpios menores como Taquaru\u00e7u do Sul (RS) ou sua cidade natal Xavantina (SC), \u00e9 um atestado de que o transporte em Frederico Westphalen poderia ser melhor gra\u00e7as ao maior or\u00e7amento.<\/p>\n<!-- \/wp:paragraph --><!-- wp:paragraph -->\n<p><em><strong>Texto e fotos: J\u00f4nathas Grunheidt Vilela Ordine, bolsista da Ag\u00eancia \u00cdntegra<\/strong><\/em><\/p>\n<!-- \/wp:paragraph -->\t\t\t\t\t\t<\/div>\n\t\t\t\t<\/div>\n\t\t\t\t\t<\/div>\n\t\t<\/div>\n\t\t\t\t\t<\/div>\n\t\t<\/section>\n\t\t\t\t<section class=\"elementor-section elementor-top-section elementor-element elementor-element-b10dda7 elementor-section-boxed elementor-section-height-default elementor-section-height-default\" data-id=\"b10dda7\" data-element_type=\"section\">\n\t\t\t\t\t\t<div class=\"elementor-container elementor-column-gap-default\">\n\t\t\t\t\t<div class=\"elementor-column elementor-col-100 elementor-top-column elementor-element elementor-element-f42c8f6\" data-id=\"f42c8f6\" data-element_type=\"column\">\n\t\t\t<div class=\"elementor-widget-wrap elementor-element-populated\">\n\t\t\t\t\t\t<div class=\"elementor-element elementor-element-1bc581a elementor-arrows-position-inside elementor-pagination-position-outside elementor-widget elementor-widget-image-carousel\" data-id=\"1bc581a\" data-element_type=\"widget\" data-settings=\"{&quot;slides_to_show&quot;:&quot;2&quot;,&quot;slides_to_scroll&quot;:&quot;1&quot;,&quot;navigation&quot;:&quot;both&quot;,&quot;autoplay&quot;:&quot;yes&quot;,&quot;pause_on_hover&quot;:&quot;yes&quot;,&quot;pause_on_interaction&quot;:&quot;yes&quot;,&quot;autoplay_speed&quot;:5000,&quot;infinite&quot;:&quot;yes&quot;,&quot;speed&quot;:500}\" data-widget_type=\"image-carousel.default\">\n\t\t\t\t<div class=\"elementor-widget-container\">\n\t\t\t\t\t<div class=\"elementor-image-carousel-wrapper swiper\" dir=\"ltr\">\n\t\t\t<div class=\"elementor-image-carousel swiper-wrapper\" aria-live=\"off\">\n\t\t\t\t\t\t\t\t<div class=\"swiper-slide\" role=\"group\" aria-roledescription=\"slide\" aria-label=\"1 of 8\"><figure class=\"swiper-slide-inner\"><img decoding=\"async\" class=\"swiper-slide-image\" src=\"https:\/\/www.ufsm.br\/app\/uploads\/sites\/813\/2025\/08\/DSC_0095-768x454.jpg\" alt=\"DSC_0095\" \/><\/figure><\/div><div class=\"swiper-slide\" role=\"group\" aria-roledescription=\"slide\" aria-label=\"2 of 8\"><figure class=\"swiper-slide-inner\"><img decoding=\"async\" class=\"swiper-slide-image\" src=\"https:\/\/www.ufsm.br\/app\/uploads\/sites\/813\/2025\/08\/DSC_0007-768x512.jpg\" alt=\"DSC_0007\" \/><\/figure><\/div><div class=\"swiper-slide\" role=\"group\" aria-roledescription=\"slide\" aria-label=\"3 of 8\"><figure class=\"swiper-slide-inner\"><img decoding=\"async\" class=\"swiper-slide-image\" src=\"https:\/\/www.ufsm.br\/app\/uploads\/sites\/813\/2025\/08\/DSC_0102-768x512.jpg\" alt=\"DSC_0102\" \/><\/figure><\/div><div class=\"swiper-slide\" role=\"group\" aria-roledescription=\"slide\" aria-label=\"4 of 8\"><figure class=\"swiper-slide-inner\"><img decoding=\"async\" class=\"swiper-slide-image\" src=\"https:\/\/www.ufsm.br\/app\/uploads\/sites\/813\/2025\/08\/DSC_0031-768x512.jpg\" alt=\"DSC_0031\" \/><\/figure><\/div><div class=\"swiper-slide\" role=\"group\" aria-roledescription=\"slide\" aria-label=\"5 of 8\"><figure class=\"swiper-slide-inner\"><img decoding=\"async\" class=\"swiper-slide-image\" src=\"https:\/\/www.ufsm.br\/app\/uploads\/sites\/813\/2025\/08\/DSC_0041-768x512.jpg\" alt=\"DSC_0041\" \/><\/figure><\/div><div class=\"swiper-slide\" role=\"group\" aria-roledescription=\"slide\" aria-label=\"6 of 8\"><figure class=\"swiper-slide-inner\"><img decoding=\"async\" class=\"swiper-slide-image\" src=\"https:\/\/www.ufsm.br\/app\/uploads\/sites\/813\/2025\/08\/DSC_0015-768x520.jpg\" alt=\"DSC_0015\" \/><\/figure><\/div><div class=\"swiper-slide\" role=\"group\" aria-roledescription=\"slide\" aria-label=\"7 of 8\"><figure class=\"swiper-slide-inner\"><img decoding=\"async\" class=\"swiper-slide-image\" src=\"https:\/\/www.ufsm.br\/app\/uploads\/sites\/813\/2025\/08\/DSC_0086-768x512.jpg\" alt=\"DSC_0086\" \/><\/figure><\/div><div class=\"swiper-slide\" role=\"group\" aria-roledescription=\"slide\" aria-label=\"8 of 8\"><figure class=\"swiper-slide-inner\"><img decoding=\"async\" class=\"swiper-slide-image\" src=\"https:\/\/www.ufsm.br\/app\/uploads\/sites\/813\/2025\/08\/DSC_0057-768x512.jpg\" alt=\"DSC_0057\" \/><\/figure><\/div>\t\t\t<\/div>\n\t\t\t\t\t\t\t\t\t\t\t\t<div class=\"elementor-swiper-button elementor-swiper-button-prev\" role=\"button\" tabindex=\"0\">\n\t\t\t\t\t\t<i aria-hidden=\"true\" class=\"eicon-chevron-left\"><\/i>\t\t\t\t\t<\/div>\n\t\t\t\t\t<div class=\"elementor-swiper-button elementor-swiper-button-next\" role=\"button\" tabindex=\"0\">\n\t\t\t\t\t\t<i aria-hidden=\"true\" class=\"eicon-chevron-right\"><\/i>\t\t\t\t\t<\/div>\n\t\t\t\t\n\t\t\t\t\t\t\t\t\t<div class=\"swiper-pagination\"><\/div>\n\t\t\t\t\t\t\t\t\t<\/div>\n\t\t\t\t<\/div>\n\t\t\t\t<\/div>\n\t\t\t\t\t<\/div>\n\t\t<\/div>\n\t\t\t\t\t<\/div>\n\t\t<\/section>\n\t\t\t\t<\/div>\n\t\t","protected":false},"excerpt":{"rendered":"<p>Os cursos de Rela\u00e7\u00f5es P\u00fablicas e Jornalismo conversaram com representantes locais sobre as principais demandas da institui\u00e7\u00e3o que completar\u00e1 dezenove anos em outubro.<\/p>\n","protected":false},"author":8577,"featured_media":4229,"comment_status":"closed","ping_status":"closed","sticky":false,"template":"","format":"standard","meta":{"footnotes":""},"categories":[347,356,301,247,359,360],"tags":[349,355,371,368,285],"class_list":["post-4228","post","type-post","status-publish","format-standard","has-post-thumbnail","hentry","category-agencia-integra","category-destaques","category-eventos","category-institucional","category-jornalismo-bacharelado-fw","category-relacoes-publicas-fw","tag-agencia","tag-destaques","tag-estagio","tag-noticias","tag-ufsm-fw"],"acf":[],"_links":{"self":[{"href":"https:\/\/www.ufsm.br\/midias\/experimental\/integra\/wp-json\/wp\/v2\/posts\/4228","targetHints":{"allow":["GET"]}}],"collection":[{"href":"https:\/\/www.ufsm.br\/midias\/experimental\/integra\/wp-json\/wp\/v2\/posts"}],"about":[{"href":"https:\/\/www.ufsm.br\/midias\/experimental\/integra\/wp-json\/wp\/v2\/types\/post"}],"author":[{"embeddable":true,"href":"https:\/\/www.ufsm.br\/midias\/experimental\/integra\/wp-json\/wp\/v2\/users\/8577"}],"replies":[{"embeddable":true,"href":"https:\/\/www.ufsm.br\/midias\/experimental\/integra\/wp-json\/wp\/v2\/comments?post=4228"}],"version-history":[{"count":0,"href":"https:\/\/www.ufsm.br\/midias\/experimental\/integra\/wp-json\/wp\/v2\/posts\/4228\/revisions"}],"wp:featuredmedia":[{"embeddable":true,"href":"https:\/\/www.ufsm.br\/midias\/experimental\/integra\/wp-json\/wp\/v2\/media\/4229"}],"wp:attachment":[{"href":"https:\/\/www.ufsm.br\/midias\/experimental\/integra\/wp-json\/wp\/v2\/media?parent=4228"}],"wp:term":[{"taxonomy":"category","embeddable":true,"href":"https:\/\/www.ufsm.br\/midias\/experimental\/integra\/wp-json\/wp\/v2\/categories?post=4228"},{"taxonomy":"post_tag","embeddable":true,"href":"https:\/\/www.ufsm.br\/midias\/experimental\/integra\/wp-json\/wp\/v2\/tags?post=4228"}],"curies":[{"name":"wp","href":"https:\/\/api.w.org\/{rel}","templated":true}]}}