{"id":4241,"date":"2025-08-29T14:41:07","date_gmt":"2025-08-29T17:41:07","guid":{"rendered":"https:\/\/www.ufsm.br\/midias\/experimental\/integra\/?p=4241"},"modified":"2025-09-05T16:17:36","modified_gmt":"2025-09-05T19:17:36","slug":"coordenadora-de-relacoes-publicas-ministra-oficina-na-camara-municipal","status":"publish","type":"post","link":"https:\/\/www.ufsm.br\/midias\/experimental\/integra\/2025\/08\/29\/coordenadora-de-relacoes-publicas-ministra-oficina-na-camara-municipal","title":{"rendered":"Coordenadora de Rela\u00e7\u00f5es P\u00fablicas ministra oficina na C\u00e2mara Municipal"},"content":{"rendered":"\t\t<div data-elementor-type=\"wp-post\" data-elementor-id=\"4241\" class=\"elementor elementor-4241\">\n\t\t\t\t\t\t<section class=\"elementor-section elementor-top-section elementor-element elementor-element-45a43426 elementor-section-boxed elementor-section-height-default elementor-section-height-default\" data-id=\"45a43426\" data-element_type=\"section\">\n\t\t\t\t\t\t<div class=\"elementor-container elementor-column-gap-default\">\n\t\t\t\t\t<div class=\"elementor-column elementor-col-100 elementor-top-column elementor-element elementor-element-52882cb2\" data-id=\"52882cb2\" data-element_type=\"column\">\n\t\t\t<div class=\"elementor-widget-wrap elementor-element-populated\">\n\t\t\t\t\t\t<div class=\"elementor-element elementor-element-72ccd3b6 elementor-widget elementor-widget-text-editor\" data-id=\"72ccd3b6\" data-element_type=\"widget\" data-widget_type=\"text-editor.default\">\n\t\t\t\t<div class=\"elementor-widget-container\">\n\t\t\t\t\t\t\t<!-- wp:paragraph -->\n<p>A C\u00e2mara de Vereadores de Frederico Westphalen foi palco de uma oficina sobre comunica\u00e7\u00e3o acess\u00edvel, conduzida pela coordenadora do curso de Rela\u00e7\u00f5es P\u00fablicas da UFSM\/FW, Patr\u00edcia P\u00e9rsigo. O evento de sexta-feira, que faz parte da 4<sup>a<\/sup> Semana Municipal da Pessoa com Defici\u00eancia Intelectual e M\u00faltipla, ocorreu das 8h30 \u00e0s 10h no plen\u00e1rio.<\/p>\n<!-- \/wp:paragraph -->\n\n<!-- wp:paragraph -->\n<p>No encontro, Patr\u00edcia explicou que a defici\u00eancia era tratada antigamente como uma limita\u00e7\u00e3o a ser combatida para se ter sa\u00fade. Atualmente, a Organiza\u00e7\u00e3o Mundial da Sa\u00fade (OMS) considera que sa\u00fade n\u00e3o \u00e9 aus\u00eancia de defici\u00eancia, mas um estado de bem-estar que engloba aspectos biol\u00f3gicos, psicol\u00f3gicos e sociais. Para falar sobre redes sociais, a professora abordou a import\u00e2ncia da acessibilidade aos deficientes visuais.<\/p>\n<!-- \/wp:paragraph -->\n\n<!-- wp:paragraph -->\n<p>O primeiro passo para se familiarizar com a inclus\u00e3o seria a autodescri\u00e7\u00e3o: dizer o nome, profiss\u00e3o, roupa e os acess\u00f3rios que utiliza. Quanto \u00e0 comunica\u00e7\u00e3o em redes, Patr\u00edcia listou recursos como o texto em Libras, a audiodescri\u00e7\u00e3o e o uso de fundos de cor s\u00f3lida no design gr\u00e1fico de postagens. No caso do que se deve evitar, ela citou o texto sobreposto em imagens, as fontes serifadas, em it\u00e1lico, cursivas e decoradas.&nbsp;<\/p>\n<!-- \/wp:paragraph -->\n\n<!-- wp:paragraph -->\n<p>Outro ponto fundamental \u00e9 o uso de hashtags como #PraTodosVerem e #PraTodoMundoVer, que sinalizam aos deficientes visuais a acessibilidade e alimentam uma cultura de inclus\u00e3o no ambiente digital. \u201cAquilo que a gente visualiza ou verbaliza, n\u00f3s acabamos por reconhecer\u201d, enfatizou Patr\u00edcia.&nbsp;<\/p>\n<!-- \/wp:paragraph -->\n\n<!-- wp:paragraph -->\n<p><em>Texto e fotos: J\u00f4nathas Grunheidt Vilela Ordine, bolsista da Ag\u00eancia \u00cdntegra<\/em><\/p>\n<!-- \/wp:paragraph -->\t\t\t\t\t\t<\/div>\n\t\t\t\t<\/div>\n\t\t\t\t\t<\/div>\n\t\t<\/div>\n\t\t\t\t\t<\/div>\n\t\t<\/section>\n\t\t\t\t<section class=\"elementor-section elementor-top-section elementor-element elementor-element-48eb5be elementor-section-boxed elementor-section-height-default elementor-section-height-default\" data-id=\"48eb5be\" data-element_type=\"section\">\n\t\t\t\t\t\t<div class=\"elementor-container elementor-column-gap-default\">\n\t\t\t\t\t<div class=\"elementor-column elementor-col-100 elementor-top-column elementor-element elementor-element-a00085a\" data-id=\"a00085a\" data-element_type=\"column\">\n\t\t\t<div class=\"elementor-widget-wrap elementor-element-populated\">\n\t\t\t\t\t\t<div class=\"elementor-element elementor-element-5aa9ee8 elementor-arrows-position-inside elementor-pagination-position-outside elementor-widget elementor-widget-image-carousel\" data-id=\"5aa9ee8\" data-element_type=\"widget\" data-settings=\"{&quot;slides_to_show&quot;:&quot;2&quot;,&quot;slides_to_scroll&quot;:&quot;1&quot;,&quot;navigation&quot;:&quot;both&quot;,&quot;autoplay&quot;:&quot;yes&quot;,&quot;pause_on_hover&quot;:&quot;yes&quot;,&quot;pause_on_interaction&quot;:&quot;yes&quot;,&quot;autoplay_speed&quot;:5000,&quot;infinite&quot;:&quot;yes&quot;,&quot;speed&quot;:500}\" data-widget_type=\"image-carousel.default\">\n\t\t\t\t<div class=\"elementor-widget-container\">\n\t\t\t\t\t<div class=\"elementor-image-carousel-wrapper swiper\" dir=\"ltr\">\n\t\t\t<div class=\"elementor-image-carousel swiper-wrapper\" aria-live=\"off\">\n\t\t\t\t\t\t\t\t<div class=\"swiper-slide\" role=\"group\" aria-roledescription=\"slide\" aria-label=\"1 of 2\"><a data-elementor-open-lightbox=\"yes\" data-elementor-lightbox-slideshow=\"5aa9ee8\" data-elementor-lightbox-title=\"20250829_100016\" data-e-action-hash=\"#elementor-action%3Aaction%3Dlightbox%26settings%3DeyJpZCI6IjQyNDQiLCJ1cmwiOiJodHRwczpcL1wvd3d3LnVmc20uYnJcL2FwcFwvdXBsb2Fkc1wvc2l0ZXNcLzgxM1wvMjAyNVwvMDhcLzIwMjUwODI5XzEwMDAxNi5qcGciLCJzbGlkZXNob3ciOiI1YWE5ZWU4In0%3D\" href=\"https:\/\/www.ufsm.br\/app\/uploads\/sites\/813\/2025\/08\/20250829_100016.jpg\"><figure class=\"swiper-slide-inner\"><img decoding=\"async\" class=\"swiper-slide-image\" src=\"https:\/\/www.ufsm.br\/app\/uploads\/sites\/813\/2025\/08\/20250829_100016-768x543.jpg\" alt=\"20250829_100016\" \/><\/figure><\/a><\/div><div class=\"swiper-slide\" role=\"group\" aria-roledescription=\"slide\" aria-label=\"2 of 2\"><a data-elementor-open-lightbox=\"yes\" data-elementor-lightbox-slideshow=\"5aa9ee8\" data-elementor-lightbox-title=\"20250829_094128\" data-e-action-hash=\"#elementor-action%3Aaction%3Dlightbox%26settings%3DeyJpZCI6IjQyNDMiLCJ1cmwiOiJodHRwczpcL1wvd3d3LnVmc20uYnJcL2FwcFwvdXBsb2Fkc1wvc2l0ZXNcLzgxM1wvMjAyNVwvMDhcLzIwMjUwODI5XzA5NDEyOC0xLmpwZyIsInNsaWRlc2hvdyI6IjVhYTllZTgifQ%3D%3D\" href=\"https:\/\/www.ufsm.br\/app\/uploads\/sites\/813\/2025\/08\/20250829_094128-1.jpg\"><figure class=\"swiper-slide-inner\"><img decoding=\"async\" class=\"swiper-slide-image\" src=\"https:\/\/www.ufsm.br\/app\/uploads\/sites\/813\/2025\/08\/20250829_094128-1-768x558.jpg\" alt=\"20250829_094128\" \/><\/figure><\/a><\/div>\t\t\t<\/div>\n\t\t\t\t\t\t\t\t\t\t\t\t<div class=\"elementor-swiper-button elementor-swiper-button-prev\" role=\"button\" tabindex=\"0\">\n\t\t\t\t\t\t<i aria-hidden=\"true\" class=\"eicon-chevron-left\"><\/i>\t\t\t\t\t<\/div>\n\t\t\t\t\t<div class=\"elementor-swiper-button elementor-swiper-button-next\" role=\"button\" tabindex=\"0\">\n\t\t\t\t\t\t<i aria-hidden=\"true\" class=\"eicon-chevron-right\"><\/i>\t\t\t\t\t<\/div>\n\t\t\t\t\n\t\t\t\t\t\t\t\t\t<div class=\"swiper-pagination\"><\/div>\n\t\t\t\t\t\t\t\t\t<\/div>\n\t\t\t\t<\/div>\n\t\t\t\t<\/div>\n\t\t\t\t\t<\/div>\n\t\t<\/div>\n\t\t\t\t\t<\/div>\n\t\t<\/section>\n\t\t\t\t<\/div>\n\t\t","protected":false},"excerpt":{"rendered":"<p>Aberta ao p\u00fablico, a iniciativa apresentou roteiros para descri\u00e7\u00e3o de imagem e texto alternativo.<\/p>\n","protected":false},"author":8577,"featured_media":4242,"comment_status":"closed","ping_status":"closed","sticky":false,"template":"","format":"standard","meta":{"footnotes":""},"categories":[347,301,359,245,360],"tags":[349,285],"class_list":["post-4241","post","type-post","status-publish","format-standard","has-post-thumbnail","hentry","category-agencia-integra","category-eventos","category-jornalismo-bacharelado-fw","category-noticias","category-relacoes-publicas-fw","tag-agencia","tag-ufsm-fw"],"acf":[],"_links":{"self":[{"href":"https:\/\/www.ufsm.br\/midias\/experimental\/integra\/wp-json\/wp\/v2\/posts\/4241","targetHints":{"allow":["GET"]}}],"collection":[{"href":"https:\/\/www.ufsm.br\/midias\/experimental\/integra\/wp-json\/wp\/v2\/posts"}],"about":[{"href":"https:\/\/www.ufsm.br\/midias\/experimental\/integra\/wp-json\/wp\/v2\/types\/post"}],"author":[{"embeddable":true,"href":"https:\/\/www.ufsm.br\/midias\/experimental\/integra\/wp-json\/wp\/v2\/users\/8577"}],"replies":[{"embeddable":true,"href":"https:\/\/www.ufsm.br\/midias\/experimental\/integra\/wp-json\/wp\/v2\/comments?post=4241"}],"version-history":[{"count":0,"href":"https:\/\/www.ufsm.br\/midias\/experimental\/integra\/wp-json\/wp\/v2\/posts\/4241\/revisions"}],"wp:featuredmedia":[{"embeddable":true,"href":"https:\/\/www.ufsm.br\/midias\/experimental\/integra\/wp-json\/wp\/v2\/media\/4242"}],"wp:attachment":[{"href":"https:\/\/www.ufsm.br\/midias\/experimental\/integra\/wp-json\/wp\/v2\/media?parent=4241"}],"wp:term":[{"taxonomy":"category","embeddable":true,"href":"https:\/\/www.ufsm.br\/midias\/experimental\/integra\/wp-json\/wp\/v2\/categories?post=4241"},{"taxonomy":"post_tag","embeddable":true,"href":"https:\/\/www.ufsm.br\/midias\/experimental\/integra\/wp-json\/wp\/v2\/tags?post=4241"}],"curies":[{"name":"wp","href":"https:\/\/api.w.org\/{rel}","templated":true}]}}