{"id":4281,"date":"2025-09-11T19:13:40","date_gmt":"2025-09-11T22:13:40","guid":{"rendered":"https:\/\/www.ufsm.br\/midias\/experimental\/integra\/?p=4281"},"modified":"2025-09-11T19:32:35","modified_gmt":"2025-09-11T22:32:35","slug":"4a-edicao-do-sou-ufsm-seja-voce-tambem-agita-o-interior-gaucho","status":"publish","type":"post","link":"https:\/\/www.ufsm.br\/midias\/experimental\/integra\/2025\/09\/11\/4a-edicao-do-sou-ufsm-seja-voce-tambem-agita-o-interior-gaucho","title":{"rendered":"4\u00aa edi\u00e7\u00e3o do \u201cSou UFSM, Seja voc\u00ea tamb\u00e9m\u201d agita o interior ga\u00facho"},"content":{"rendered":"\t\t<div data-elementor-type=\"wp-post\" data-elementor-id=\"4281\" class=\"elementor elementor-4281\">\n\t\t\t\t\t\t<section class=\"elementor-section elementor-top-section elementor-element elementor-element-25b59278 elementor-section-boxed elementor-section-height-default elementor-section-height-default\" data-id=\"25b59278\" data-element_type=\"section\">\n\t\t\t\t\t\t<div class=\"elementor-container elementor-column-gap-default\">\n\t\t\t\t\t<div class=\"elementor-column elementor-col-100 elementor-top-column elementor-element elementor-element-1e12a4c8\" data-id=\"1e12a4c8\" data-element_type=\"column\">\n\t\t\t<div class=\"elementor-widget-wrap elementor-element-populated\">\n\t\t\t\t\t\t<div class=\"elementor-element elementor-element-1a4b2609 elementor-widget elementor-widget-text-editor\" data-id=\"1a4b2609\" data-element_type=\"widget\" data-widget_type=\"text-editor.default\">\n\t\t\t\t<div class=\"elementor-widget-container\">\n\t\t\t\t\t\t\t<!-- wp:paragraph -->\n<p><span style=\"font-weight: 400\">Diversos estudantes e professores de escolas pr\u00f3ximas prestigiaram o \u201cSou UFSM, seja voc\u00ea tamb\u00e9m\u201d na manh\u00e3 e tarde de quarta-feira, 10 de setembro.\u00a0 Uma das estudantes encantadas pela universidade foi Leonela, que est\u00e1 no 3<\/span><span style=\"font-weight: 400\">\u00b0 <\/span><span style=\"font-weight: 400\">ano do ensino m\u00e9dio da Escola Estadual Ensino M\u00e9dio Cardeal Roncalli. A estudante expressou bastante interesse no curso de Jornalismo, especificamente pela \u00e1rea radiof\u00f4nica. O desejo pelo conhecimento teve influ\u00eancia da m\u00e3e, que j\u00e1 cursou gradua\u00e7\u00e3o de Hist\u00f3ria, Pedagogia e Ci\u00eancias Cont\u00e1beis. \u201cTive que ver minha m\u00e3e passar pelo trabalho de conclus\u00e3o de curso v\u00e1rias vezes\u201d, comentou Leonela.<\/span><\/p>\n<p><span style=\"font-weight: 400\">A amiga Eduarda tamb\u00e9m apreciou a universidade ao se identificar com o curso de Engenharia Ambiental e Sanit\u00e1ria. \u201cN\u00f3s estamos amando o campus, \u00e9 muito lindo aqui\u201d,\u00a0 Mas os interesses da jovem s\u00e3o variados. Ela enxergou o jornalismo como uma alternativa, principalmente por gostar de fotografia. As professoras Clarice de Melo da Silva e Tais Poncio Szatkoski da Escola Estadual Madre Tereza elogiaram a organiza\u00e7\u00e3o do evento. Elas ensinam para o 3\u00b0 ano do ensino m\u00e9dio em Seberi, cidade vizinha de quase doze mil e quinhentos moradores. \u201cAntes precisava buscar fora, agora tem oportunidade\u201d, observou Clarice sobre a necessidade de muitos alunos do interior irem para as cidades grandes em busca de forma\u00e7\u00e3o.\u00a0<\/span><\/p>\n<p><span style=\"font-weight: 400\">Os universit\u00e1rios e professores de Agronomia, Engenharia Florestal, Rela\u00e7\u00f5es P\u00fablicas, Sistemas de Informa\u00e7\u00e3o, Licenciatura Intercultural Ind\u00edgena e Licenciatura em Computa\u00e7\u00e3o tiveram a oportunidade de mostrar os atrativos de seus cursos. Mas muitos visitantes estavam inclinados ao Direito, a mais nova oferta da unidade. Segundo a vice-diretora do campus, Eliane dos Santos, por volta de setecentos alunos de escolas compareceram.\u00a0<\/span><\/p>\n<p><span style=\"font-weight: 400\">Para Mateus Eduardo Marchioro, integrante do projeto Comunicare RP que\u00a0 est\u00e1 no 2\u2070 semestre de Jornalismo, a iniciativa seria fundamental para o p\u00fablico-alvo do ensino m\u00e9dio, que enfrenta bastante cobran\u00e7a e incerteza quanto ao futuro nesse per\u00edodo. J\u00e1 Ricardo Cocco, vice-coordenador do projeto SEJA UFSM-FW, afirmou que \u201cningu\u00e9m escolhe aqui que n\u00e3o conhece\u201d e que o evento foi um grande sucesso.<\/span><\/p>\n<p><span style=\"font-weight: 400\">A confraterniza\u00e7\u00e3o tamb\u00e9m permitiu a divulga\u00e7\u00e3o de servi\u00e7os locais que possam auxiliar os estudantes durante a vida acad\u00eamica. Marcaram presen\u00e7a a fornecedora de internet SpeedRS, as cooperativas Sicredi e Cresol, a Empresa de Assist\u00eancia T\u00e9cnica e Extens\u00e3o Rural (Emater\/RS), a fabricante de tratores Valtra,a Conceito A Studio, a Ag\u00eancia de Desenvolvimento do Alto Uruguai (ADMAU), entre outras.\u00a0 <\/span><\/p>\n<!-- \/wp:paragraph --><!-- wp:paragraph -->\n<p><em>Texto: J\u00f4nathas Grunheidt, bolsista na Ag\u00eancia \u00cdntegra.<\/em><\/p>\n<!-- \/wp:paragraph --><!-- wp:paragraph -->\n<p><em>Fotos: J\u00f4nathas Grunheidt, Mariana Saldanha, Isadora Vaz e Eduardo Freitas, bolsistas na Ag\u00eancia \u00cdntegra.<\/em><\/p>\n<!-- \/wp:paragraph -->\t\t\t\t\t\t<\/div>\n\t\t\t\t<\/div>\n\t\t\t\t\t<\/div>\n\t\t<\/div>\n\t\t\t\t\t<\/div>\n\t\t<\/section>\n\t\t\t\t<section class=\"elementor-section elementor-top-section elementor-element elementor-element-94f84db elementor-section-boxed elementor-section-height-default elementor-section-height-default\" data-id=\"94f84db\" data-element_type=\"section\">\n\t\t\t\t\t\t<div class=\"elementor-container elementor-column-gap-default\">\n\t\t\t\t\t<div class=\"elementor-column elementor-col-100 elementor-top-column elementor-element elementor-element-824ac95\" data-id=\"824ac95\" data-element_type=\"column\">\n\t\t\t<div class=\"elementor-widget-wrap elementor-element-populated\">\n\t\t\t\t\t\t<div class=\"elementor-element elementor-element-e88f748 elementor-widget__width-initial elementor-arrows-position-inside elementor-pagination-position-outside elementor-widget elementor-widget-image-carousel\" data-id=\"e88f748\" data-element_type=\"widget\" data-settings=\"{&quot;slides_to_show&quot;:&quot;2&quot;,&quot;slides_to_scroll&quot;:&quot;2&quot;,&quot;navigation&quot;:&quot;both&quot;,&quot;autoplay&quot;:&quot;yes&quot;,&quot;pause_on_hover&quot;:&quot;yes&quot;,&quot;pause_on_interaction&quot;:&quot;yes&quot;,&quot;autoplay_speed&quot;:5000,&quot;infinite&quot;:&quot;yes&quot;,&quot;speed&quot;:500}\" data-widget_type=\"image-carousel.default\">\n\t\t\t\t<div class=\"elementor-widget-container\">\n\t\t\t\t\t<div class=\"elementor-image-carousel-wrapper swiper\" dir=\"ltr\">\n\t\t\t<div class=\"elementor-image-carousel swiper-wrapper\" aria-live=\"off\">\n\t\t\t\t\t\t\t\t<div class=\"swiper-slide\" role=\"group\" aria-roledescription=\"slide\" aria-label=\"1 of 10\"><a data-elementor-open-lightbox=\"yes\" data-elementor-lightbox-slideshow=\"e88f748\" data-elementor-lightbox-title=\"DSC_0044\" data-e-action-hash=\"#elementor-action%3Aaction%3Dlightbox%26settings%3DeyJpZCI6IjQyODciLCJ1cmwiOiJodHRwczpcL1wvd3d3LnVmc20uYnJcL2FwcFwvdXBsb2Fkc1wvc2l0ZXNcLzgxM1wvMjAyNVwvMDlcL0RTQ18wMDQ0LmpwZyIsInNsaWRlc2hvdyI6ImU4OGY3NDgifQ%3D%3D\" href=\"https:\/\/www.ufsm.br\/app\/uploads\/sites\/813\/2025\/09\/DSC_0044.jpg\"><figure class=\"swiper-slide-inner\"><img decoding=\"async\" class=\"swiper-slide-image\" src=\"https:\/\/www.ufsm.br\/app\/uploads\/sites\/813\/2025\/09\/DSC_0044-768x510.jpg\" alt=\"DSC_0044\" \/><\/figure><\/a><\/div><div class=\"swiper-slide\" role=\"group\" aria-roledescription=\"slide\" aria-label=\"2 of 10\"><a data-elementor-open-lightbox=\"yes\" data-elementor-lightbox-slideshow=\"e88f748\" data-elementor-lightbox-title=\"Professoras Clarice e Tais no Centro de Conviv\u00eancia\" data-e-action-hash=\"#elementor-action%3Aaction%3Dlightbox%26settings%3DeyJpZCI6IjQyOTEiLCJ1cmwiOiJodHRwczpcL1wvd3d3LnVmc20uYnJcL2FwcFwvdXBsb2Fkc1wvc2l0ZXNcLzgxM1wvMjAyNVwvMDlcL1Byb2Zlc3NvcmFzLUNsYXJpY2UtZS1UYWlzLW5vLUNlbnRyby1kZS1Db252aXZlbmNpYS5qcGciLCJzbGlkZXNob3ciOiJlODhmNzQ4In0%3D\" href=\"https:\/\/www.ufsm.br\/app\/uploads\/sites\/813\/2025\/09\/Professoras-Clarice-e-Tais-no-Centro-de-Convivencia.jpg\"><figure class=\"swiper-slide-inner\"><img decoding=\"async\" class=\"swiper-slide-image\" src=\"https:\/\/www.ufsm.br\/app\/uploads\/sites\/813\/2025\/09\/Professoras-Clarice-e-Tais-no-Centro-de-Convivencia-768x512.jpg\" alt=\"Professoras Clarice e Tais no Centro de Conviv\u00eancia\" \/><\/figure><\/a><\/div><div class=\"swiper-slide\" role=\"group\" aria-roledescription=\"slide\" aria-label=\"3 of 10\"><a data-elementor-open-lightbox=\"yes\" data-elementor-lightbox-slideshow=\"e88f748\" data-elementor-lightbox-title=\"DSC_0203\" data-e-action-hash=\"#elementor-action%3Aaction%3Dlightbox%26settings%3DeyJpZCI6IjQyODYiLCJ1cmwiOiJodHRwczpcL1wvd3d3LnVmc20uYnJcL2FwcFwvdXBsb2Fkc1wvc2l0ZXNcLzgxM1wvMjAyNVwvMDlcL0RTQ18wMjAzLmpwZyIsInNsaWRlc2hvdyI6ImU4OGY3NDgifQ%3D%3D\" href=\"https:\/\/www.ufsm.br\/app\/uploads\/sites\/813\/2025\/09\/DSC_0203.jpg\"><figure class=\"swiper-slide-inner\"><img decoding=\"async\" class=\"swiper-slide-image\" src=\"https:\/\/www.ufsm.br\/app\/uploads\/sites\/813\/2025\/09\/DSC_0203-768x510.jpg\" alt=\"DSC_0203\" \/><\/figure><\/a><\/div><div class=\"swiper-slide\" role=\"group\" aria-roledescription=\"slide\" aria-label=\"4 of 10\"><a data-elementor-open-lightbox=\"yes\" data-elementor-lightbox-slideshow=\"e88f748\" data-elementor-lightbox-title=\"IMG_0150\" data-e-action-hash=\"#elementor-action%3Aaction%3Dlightbox%26settings%3DeyJpZCI6IjQyODkiLCJ1cmwiOiJodHRwczpcL1wvd3d3LnVmc20uYnJcL2FwcFwvdXBsb2Fkc1wvc2l0ZXNcLzgxM1wvMjAyNVwvMDlcL0lNR18wMTUwLmpwZyIsInNsaWRlc2hvdyI6ImU4OGY3NDgifQ%3D%3D\" href=\"https:\/\/www.ufsm.br\/app\/uploads\/sites\/813\/2025\/09\/IMG_0150.jpg\"><figure class=\"swiper-slide-inner\"><img decoding=\"async\" class=\"swiper-slide-image\" src=\"https:\/\/www.ufsm.br\/app\/uploads\/sites\/813\/2025\/09\/IMG_0150-768x512.jpg\" alt=\"IMG_0150\" \/><\/figure><\/a><\/div><div class=\"swiper-slide\" role=\"group\" aria-roledescription=\"slide\" aria-label=\"5 of 10\"><a data-elementor-open-lightbox=\"yes\" data-elementor-lightbox-slideshow=\"e88f748\" data-elementor-lightbox-title=\"DSC_0075\" data-e-action-hash=\"#elementor-action%3Aaction%3Dlightbox%26settings%3DeyJpZCI6IjQyODMiLCJ1cmwiOiJodHRwczpcL1wvd3d3LnVmc20uYnJcL2FwcFwvdXBsb2Fkc1wvc2l0ZXNcLzgxM1wvMjAyNVwvMDlcL0RTQ18wMDc1LmpwZyIsInNsaWRlc2hvdyI6ImU4OGY3NDgifQ%3D%3D\" href=\"https:\/\/www.ufsm.br\/app\/uploads\/sites\/813\/2025\/09\/DSC_0075.jpg\"><figure class=\"swiper-slide-inner\"><img decoding=\"async\" class=\"swiper-slide-image\" src=\"https:\/\/www.ufsm.br\/app\/uploads\/sites\/813\/2025\/09\/DSC_0075-768x510.jpg\" alt=\"DSC_0075\" \/><\/figure><\/a><\/div><div class=\"swiper-slide\" role=\"group\" aria-roledescription=\"slide\" aria-label=\"6 of 10\"><a data-elementor-open-lightbox=\"yes\" data-elementor-lightbox-slideshow=\"e88f748\" data-elementor-lightbox-title=\"IMG_0135\" data-e-action-hash=\"#elementor-action%3Aaction%3Dlightbox%26settings%3DeyJpZCI6IjQyODgiLCJ1cmwiOiJodHRwczpcL1wvd3d3LnVmc20uYnJcL2FwcFwvdXBsb2Fkc1wvc2l0ZXNcLzgxM1wvMjAyNVwvMDlcL0lNR18wMTM1LmpwZyIsInNsaWRlc2hvdyI6ImU4OGY3NDgifQ%3D%3D\" href=\"https:\/\/www.ufsm.br\/app\/uploads\/sites\/813\/2025\/09\/IMG_0135.jpg\"><figure class=\"swiper-slide-inner\"><img decoding=\"async\" class=\"swiper-slide-image\" src=\"https:\/\/www.ufsm.br\/app\/uploads\/sites\/813\/2025\/09\/IMG_0135-768x512.jpg\" alt=\"IMG_0135\" \/><\/figure><\/a><\/div><div class=\"swiper-slide\" role=\"group\" aria-roledescription=\"slide\" aria-label=\"7 of 10\"><a data-elementor-open-lightbox=\"yes\" data-elementor-lightbox-slideshow=\"e88f748\" data-elementor-lightbox-title=\"DSC_0056\" data-e-action-hash=\"#elementor-action%3Aaction%3Dlightbox%26settings%3DeyJpZCI6IjQyODUiLCJ1cmwiOiJodHRwczpcL1wvd3d3LnVmc20uYnJcL2FwcFwvdXBsb2Fkc1wvc2l0ZXNcLzgxM1wvMjAyNVwvMDlcL0RTQ18wMDU2LmpwZyIsInNsaWRlc2hvdyI6ImU4OGY3NDgifQ%3D%3D\" href=\"https:\/\/www.ufsm.br\/app\/uploads\/sites\/813\/2025\/09\/DSC_0056.jpg\"><figure class=\"swiper-slide-inner\"><img decoding=\"async\" class=\"swiper-slide-image\" src=\"https:\/\/www.ufsm.br\/app\/uploads\/sites\/813\/2025\/09\/DSC_0056-768x510.jpg\" alt=\"DSC_0056\" \/><\/figure><\/a><\/div><div class=\"swiper-slide\" role=\"group\" aria-roledescription=\"slide\" aria-label=\"8 of 10\"><a data-elementor-open-lightbox=\"yes\" data-elementor-lightbox-slideshow=\"e88f748\" data-elementor-lightbox-title=\"Leonela e Eduarda visitando o pr\u00e9dio de TV\" data-e-action-hash=\"#elementor-action%3Aaction%3Dlightbox%26settings%3DeyJpZCI6IjQyOTAiLCJ1cmwiOiJodHRwczpcL1wvd3d3LnVmc20uYnJcL2FwcFwvdXBsb2Fkc1wvc2l0ZXNcLzgxM1wvMjAyNVwvMDlcL0xlb25lbGEtZS1FZHVhcmRhLXZpc2l0YW5kby1vLXByZWRpby1kZS1UVi5qcGciLCJzbGlkZXNob3ciOiJlODhmNzQ4In0%3D\" href=\"https:\/\/www.ufsm.br\/app\/uploads\/sites\/813\/2025\/09\/Leonela-e-Eduarda-visitando-o-predio-de-TV.jpg\"><figure class=\"swiper-slide-inner\"><img decoding=\"async\" class=\"swiper-slide-image\" src=\"https:\/\/www.ufsm.br\/app\/uploads\/sites\/813\/2025\/09\/Leonela-e-Eduarda-visitando-o-predio-de-TV-768x512.jpg\" alt=\"Leonela e Eduarda visitando o pr\u00e9dio de TV\" \/><\/figure><\/a><\/div><div class=\"swiper-slide\" role=\"group\" aria-roledescription=\"slide\" aria-label=\"9 of 10\"><a data-elementor-open-lightbox=\"yes\" data-elementor-lightbox-slideshow=\"e88f748\" data-elementor-lightbox-title=\"DSC_0002\" data-e-action-hash=\"#elementor-action%3Aaction%3Dlightbox%26settings%3DeyJpZCI6IjQyODQiLCJ1cmwiOiJodHRwczpcL1wvd3d3LnVmc20uYnJcL2FwcFwvdXBsb2Fkc1wvc2l0ZXNcLzgxM1wvMjAyNVwvMDlcL0RTQ18wMDAyLmpwZyIsInNsaWRlc2hvdyI6ImU4OGY3NDgifQ%3D%3D\" href=\"https:\/\/www.ufsm.br\/app\/uploads\/sites\/813\/2025\/09\/DSC_0002.jpg\"><figure class=\"swiper-slide-inner\"><img decoding=\"async\" class=\"swiper-slide-image\" src=\"https:\/\/www.ufsm.br\/app\/uploads\/sites\/813\/2025\/09\/DSC_0002-768x510.jpg\" alt=\"DSC_0002\" \/><\/figure><\/a><\/div><div class=\"swiper-slide\" role=\"group\" aria-roledescription=\"slide\" aria-label=\"10 of 10\"><a data-elementor-open-lightbox=\"yes\" data-elementor-lightbox-slideshow=\"e88f748\" data-elementor-lightbox-title=\"DSC_0067 (1)\" data-e-action-hash=\"#elementor-action%3Aaction%3Dlightbox%26settings%3DeyJpZCI6IjQyODIiLCJ1cmwiOiJodHRwczpcL1wvd3d3LnVmc20uYnJcL2FwcFwvdXBsb2Fkc1wvc2l0ZXNcLzgxM1wvMjAyNVwvMDlcL0RTQ18wMDY3LTEuanBnIiwic2xpZGVzaG93IjoiZTg4Zjc0OCJ9\" href=\"https:\/\/www.ufsm.br\/app\/uploads\/sites\/813\/2025\/09\/DSC_0067-1.jpg\"><figure class=\"swiper-slide-inner\"><img decoding=\"async\" class=\"swiper-slide-image\" src=\"https:\/\/www.ufsm.br\/app\/uploads\/sites\/813\/2025\/09\/DSC_0067-1-768x580.jpg\" alt=\"DSC_0067 (1)\" \/><\/figure><\/a><\/div>\t\t\t<\/div>\n\t\t\t\t\t\t\t\t\t\t\t\t<div class=\"elementor-swiper-button elementor-swiper-button-prev\" role=\"button\" tabindex=\"0\">\n\t\t\t\t\t\t<i aria-hidden=\"true\" class=\"eicon-chevron-left\"><\/i>\t\t\t\t\t<\/div>\n\t\t\t\t\t<div class=\"elementor-swiper-button elementor-swiper-button-next\" role=\"button\" tabindex=\"0\">\n\t\t\t\t\t\t<i aria-hidden=\"true\" class=\"eicon-chevron-right\"><\/i>\t\t\t\t\t<\/div>\n\t\t\t\t\n\t\t\t\t\t\t\t\t\t<div class=\"swiper-pagination\"><\/div>\n\t\t\t\t\t\t\t\t\t<\/div>\n\t\t\t\t<\/div>\n\t\t\t\t<\/div>\n\t\t\t\t\t<\/div>\n\t\t<\/div>\n\t\t\t\t\t<\/div>\n\t\t<\/section>\n\t\t\t\t<\/div>\n\t\t","protected":false},"excerpt":{"rendered":"<p>O evento procura impulsionar a interioriza\u00e7\u00e3o da educa\u00e7\u00e3o e todo ano convida alunos a fazerem parte da UFSM, no munic\u00edpio de Frederico Westphalen.<\/p>\n","protected":false},"author":8577,"featured_media":4287,"comment_status":"closed","ping_status":"closed","sticky":false,"template":"","format":"standard","meta":{"footnotes":""},"categories":[347,356,301,359,360],"tags":[349,365],"class_list":["post-4281","post","type-post","status-publish","format-standard","has-post-thumbnail","hentry","category-agencia-integra","category-destaques","category-eventos","category-jornalismo-bacharelado-fw","category-relacoes-publicas-fw","tag-agencia","tag-ufsm-fw-2"],"acf":[],"_links":{"self":[{"href":"https:\/\/www.ufsm.br\/midias\/experimental\/integra\/wp-json\/wp\/v2\/posts\/4281","targetHints":{"allow":["GET"]}}],"collection":[{"href":"https:\/\/www.ufsm.br\/midias\/experimental\/integra\/wp-json\/wp\/v2\/posts"}],"about":[{"href":"https:\/\/www.ufsm.br\/midias\/experimental\/integra\/wp-json\/wp\/v2\/types\/post"}],"author":[{"embeddable":true,"href":"https:\/\/www.ufsm.br\/midias\/experimental\/integra\/wp-json\/wp\/v2\/users\/8577"}],"replies":[{"embeddable":true,"href":"https:\/\/www.ufsm.br\/midias\/experimental\/integra\/wp-json\/wp\/v2\/comments?post=4281"}],"version-history":[{"count":0,"href":"https:\/\/www.ufsm.br\/midias\/experimental\/integra\/wp-json\/wp\/v2\/posts\/4281\/revisions"}],"wp:featuredmedia":[{"embeddable":true,"href":"https:\/\/www.ufsm.br\/midias\/experimental\/integra\/wp-json\/wp\/v2\/media\/4287"}],"wp:attachment":[{"href":"https:\/\/www.ufsm.br\/midias\/experimental\/integra\/wp-json\/wp\/v2\/media?parent=4281"}],"wp:term":[{"taxonomy":"category","embeddable":true,"href":"https:\/\/www.ufsm.br\/midias\/experimental\/integra\/wp-json\/wp\/v2\/categories?post=4281"},{"taxonomy":"post_tag","embeddable":true,"href":"https:\/\/www.ufsm.br\/midias\/experimental\/integra\/wp-json\/wp\/v2\/tags?post=4281"}],"curies":[{"name":"wp","href":"https:\/\/api.w.org\/{rel}","templated":true}]}}