{"id":4304,"date":"2025-10-20T14:09:32","date_gmt":"2025-10-20T17:09:32","guid":{"rendered":"https:\/\/www.ufsm.br\/midias\/experimental\/integra\/?p=4304"},"modified":"2025-10-20T20:43:40","modified_gmt":"2025-10-20T23:43:40","slug":"1-edicao-do-viva-o-campus-celebra-o-espaco-universitario-em-frederico-westphalen","status":"publish","type":"post","link":"https:\/\/www.ufsm.br\/midias\/experimental\/integra\/2025\/10\/20\/1-edicao-do-viva-o-campus-celebra-o-espaco-universitario-em-frederico-westphalen","title":{"rendered":"1\u00b0 edi\u00e7\u00e3o do Viva o campus celebra o espa\u00e7o universit\u00e1rio em Frederico Westphalen\u00a0"},"content":{"rendered":"\t\t<div data-elementor-type=\"wp-post\" data-elementor-id=\"4304\" class=\"elementor elementor-4304\">\n\t\t\t\t\t\t<section class=\"elementor-section elementor-top-section elementor-element elementor-element-6b6d906d elementor-section-boxed elementor-section-height-default elementor-section-height-default\" data-id=\"6b6d906d\" data-element_type=\"section\">\n\t\t\t\t\t\t<div class=\"elementor-container elementor-column-gap-default\">\n\t\t\t\t\t<div class=\"elementor-column elementor-col-100 elementor-top-column elementor-element elementor-element-26f207dc\" data-id=\"26f207dc\" data-element_type=\"column\">\n\t\t\t<div class=\"elementor-widget-wrap elementor-element-populated\">\n\t\t\t\t\t\t<div class=\"elementor-element elementor-element-19701d34 elementor-widget elementor-widget-text-editor\" data-id=\"19701d34\" data-element_type=\"widget\" data-widget_type=\"text-editor.default\">\n\t\t\t\t<div class=\"elementor-widget-container\">\n\t\t\t\t\t\t\t<p><!-- wp:paragraph --><\/p>\n<p>Em comemora\u00e7\u00e3o aos dezenove anos completados no dia 16 de outubro, o campus Frederico Westphalen realizou o \u201cViva o campus\u201d no \u00faltimo domingo (19). Estudantes, servidores p\u00fablicos e fam\u00edlias se reuniram para contemplar a universidade. O evento ocorreu pr\u00f3ximo ao lago das 15h \u00e0s 18h, com m\u00fasica ao vivo.&nbsp;&nbsp;<\/p>\n<p><!-- \/wp:paragraph --><!-- wp:paragraph --><\/p>\n<p>Para a vice-diretora Eliane dos Santos, a ideia era atrair a comunidade universit\u00e1ria para desfrutar do espa\u00e7o. \u201cUma tarde de alegria, divers\u00e3o, aconchego, conversa. Isso faz bem para qualquer pessoa. Foi pensado com muito carinho\u201d, comentou.&nbsp;&nbsp;<\/p>\n<p><!-- \/wp:paragraph --><!-- wp:paragraph --><\/p>\n<p>A estudante no 8\u00b0 semestre de Jornalismo, Teresa Juv\u00eancio, aproveitou a oportunidade. \u201cUm domingo com os nossos amigos, ouvindo uma m\u00fasica legal, pegando um sol, comendo uma comida gostosa\u201d, comemorou. Ela veio acompanhar a jovem Maria Signori, que est\u00e1 no 2\u00b0 semestre do mesmo curso.&nbsp;<\/p>\n<p><!-- \/wp:paragraph --><!-- wp:paragraph --><\/p>\n<p>J\u00e1 Maria compareceu para prestigiar a voz da amiga e colega de apartamento, Laura Tavares. Entre can\u00e7\u00f5es em ingl\u00eas, sertanejos e m\u00fasica popular brasileira, Laura cantou durante grande parte do evento, acompanhada da banda tamb\u00e9m formada pelos alunos Mateus Scherer, Emanuel Santos, Ana Chedid, J\u00falia Decarli, Jo\u00e3o Magalh\u00e3es,&nbsp;<span style=\"font-size: 16px\">Lizian dos Santos e o professor Joel Felipe Guindani<\/span><span style=\"font-size: 1rem\">.&nbsp;&nbsp;<\/span><\/p>\n<p><!-- \/wp:paragraph --><!-- wp:paragraph --><\/p>\n<p>V\u00e1rias fam\u00edlias trouxeram suas crian\u00e7as para brincarem ao ar livre e contaram com o apoio da Divis\u00e3o de Apoio Pedag\u00f3gico na pintura de desenhos. Num campus que costuma acolher animais abandonados e v\u00edtimas de maus tratos, os animais de estima\u00e7\u00e3o tamb\u00e9m foram bem-vindos.&nbsp;<\/p>\n<p><!-- \/wp:paragraph --><!-- wp:paragraph --><\/p>\n<p>Empresas parceiras como a inFlux, que oferece cursos de ingl\u00eas e espanhol, a Berenice Criativa, conhecida pelas canecas personalizadas, e a Livraria Gabarito, contribu\u00edram oferecendo seus produtos.&nbsp;&nbsp;<\/p>\n<p><!-- \/wp:paragraph --><!-- wp:paragraph --><\/p>\n<p><em>Texto e fotos: J\u00f4nathas Grunheidt, bolsista na Ag\u00eancia \u00cdntegra<\/em><\/p>\n<p><!-- \/wp:paragraph --><\/p>\t\t\t\t\t\t<\/div>\n\t\t\t\t<\/div>\n\t\t\t\t\t<\/div>\n\t\t<\/div>\n\t\t\t\t\t<\/div>\n\t\t<\/section>\n\t\t\t\t<section class=\"elementor-section elementor-top-section elementor-element elementor-element-a8329a5 elementor-section-boxed elementor-section-height-default elementor-section-height-default\" data-id=\"a8329a5\" data-element_type=\"section\">\n\t\t\t\t\t\t<div class=\"elementor-container elementor-column-gap-default\">\n\t\t\t\t\t<div class=\"elementor-column elementor-col-100 elementor-top-column elementor-element elementor-element-6bbc785\" data-id=\"6bbc785\" data-element_type=\"column\">\n\t\t\t<div class=\"elementor-widget-wrap elementor-element-populated\">\n\t\t\t\t\t\t<div class=\"elementor-element elementor-element-e14c4b1 elementor-arrows-position-inside elementor-pagination-position-outside elementor-widget elementor-widget-image-carousel\" data-id=\"e14c4b1\" data-element_type=\"widget\" data-settings=\"{&quot;slides_to_show&quot;:&quot;2&quot;,&quot;navigation&quot;:&quot;both&quot;,&quot;autoplay&quot;:&quot;yes&quot;,&quot;pause_on_hover&quot;:&quot;yes&quot;,&quot;pause_on_interaction&quot;:&quot;yes&quot;,&quot;autoplay_speed&quot;:5000,&quot;infinite&quot;:&quot;yes&quot;,&quot;speed&quot;:500}\" data-widget_type=\"image-carousel.default\">\n\t\t\t\t<div class=\"elementor-widget-container\">\n\t\t\t\t\t<div class=\"elementor-image-carousel-wrapper swiper\" dir=\"ltr\">\n\t\t\t<div class=\"elementor-image-carousel swiper-wrapper\" aria-live=\"off\">\n\t\t\t\t\t\t\t\t<div class=\"swiper-slide\" role=\"group\" aria-roledescription=\"slide\" aria-label=\"1 of 8\"><a data-elementor-open-lightbox=\"yes\" data-elementor-lightbox-slideshow=\"e14c4b1\" data-elementor-lightbox-title=\"IMG_0379\" data-e-action-hash=\"#elementor-action%3Aaction%3Dlightbox%26settings%3DeyJpZCI6IjQzMTMiLCJ1cmwiOiJodHRwczpcL1wvd3d3LnVmc20uYnJcL2FwcFwvdXBsb2Fkc1wvc2l0ZXNcLzgxM1wvMjAyNVwvMTBcL0lNR18wMzc5LmpwZyIsInNsaWRlc2hvdyI6ImUxNGM0YjEifQ%3D%3D\" href=\"https:\/\/www.ufsm.br\/app\/uploads\/sites\/813\/2025\/10\/IMG_0379.jpg\"><figure class=\"swiper-slide-inner\"><img decoding=\"async\" class=\"swiper-slide-image\" src=\"https:\/\/www.ufsm.br\/app\/uploads\/sites\/813\/2025\/10\/IMG_0379-768x512.jpg\" alt=\"IMG_0379\" \/><\/figure><\/a><\/div><div class=\"swiper-slide\" role=\"group\" aria-roledescription=\"slide\" aria-label=\"2 of 8\"><a data-elementor-open-lightbox=\"yes\" data-elementor-lightbox-slideshow=\"e14c4b1\" data-elementor-lightbox-title=\"IMG_0398\" data-e-action-hash=\"#elementor-action%3Aaction%3Dlightbox%26settings%3DeyJpZCI6IjQzMTIiLCJ1cmwiOiJodHRwczpcL1wvd3d3LnVmc20uYnJcL2FwcFwvdXBsb2Fkc1wvc2l0ZXNcLzgxM1wvMjAyNVwvMTBcL0lNR18wMzk4LmpwZyIsInNsaWRlc2hvdyI6ImUxNGM0YjEifQ%3D%3D\" href=\"https:\/\/www.ufsm.br\/app\/uploads\/sites\/813\/2025\/10\/IMG_0398.jpg\"><figure class=\"swiper-slide-inner\"><img decoding=\"async\" class=\"swiper-slide-image\" src=\"https:\/\/www.ufsm.br\/app\/uploads\/sites\/813\/2025\/10\/IMG_0398-768x512.jpg\" alt=\"IMG_0398\" \/><\/figure><\/a><\/div><div class=\"swiper-slide\" role=\"group\" aria-roledescription=\"slide\" aria-label=\"3 of 8\"><a data-elementor-open-lightbox=\"yes\" data-elementor-lightbox-slideshow=\"e14c4b1\" data-elementor-lightbox-title=\"IMG_0399\" data-e-action-hash=\"#elementor-action%3Aaction%3Dlightbox%26settings%3DeyJpZCI6IjQzMTEiLCJ1cmwiOiJodHRwczpcL1wvd3d3LnVmc20uYnJcL2FwcFwvdXBsb2Fkc1wvc2l0ZXNcLzgxM1wvMjAyNVwvMTBcL0lNR18wMzk5LmpwZyIsInNsaWRlc2hvdyI6ImUxNGM0YjEifQ%3D%3D\" href=\"https:\/\/www.ufsm.br\/app\/uploads\/sites\/813\/2025\/10\/IMG_0399.jpg\"><figure class=\"swiper-slide-inner\"><img decoding=\"async\" class=\"swiper-slide-image\" src=\"https:\/\/www.ufsm.br\/app\/uploads\/sites\/813\/2025\/10\/IMG_0399-768x512.jpg\" alt=\"IMG_0399\" \/><\/figure><\/a><\/div><div class=\"swiper-slide\" role=\"group\" aria-roledescription=\"slide\" aria-label=\"4 of 8\"><a data-elementor-open-lightbox=\"yes\" data-elementor-lightbox-slideshow=\"e14c4b1\" data-elementor-lightbox-title=\"IMG_0407\" data-e-action-hash=\"#elementor-action%3Aaction%3Dlightbox%26settings%3DeyJpZCI6IjQzMTAiLCJ1cmwiOiJodHRwczpcL1wvd3d3LnVmc20uYnJcL2FwcFwvdXBsb2Fkc1wvc2l0ZXNcLzgxM1wvMjAyNVwvMTBcL0lNR18wNDA3LmpwZyIsInNsaWRlc2hvdyI6ImUxNGM0YjEifQ%3D%3D\" href=\"https:\/\/www.ufsm.br\/app\/uploads\/sites\/813\/2025\/10\/IMG_0407.jpg\"><figure class=\"swiper-slide-inner\"><img decoding=\"async\" class=\"swiper-slide-image\" src=\"https:\/\/www.ufsm.br\/app\/uploads\/sites\/813\/2025\/10\/IMG_0407-768x512.jpg\" alt=\"IMG_0407\" \/><\/figure><\/a><\/div><div class=\"swiper-slide\" role=\"group\" aria-roledescription=\"slide\" aria-label=\"5 of 8\"><a data-elementor-open-lightbox=\"yes\" data-elementor-lightbox-slideshow=\"e14c4b1\" data-elementor-lightbox-title=\"IMG_0428\" data-e-action-hash=\"#elementor-action%3Aaction%3Dlightbox%26settings%3DeyJpZCI6IjQzMDgiLCJ1cmwiOiJodHRwczpcL1wvd3d3LnVmc20uYnJcL2FwcFwvdXBsb2Fkc1wvc2l0ZXNcLzgxM1wvMjAyNVwvMTBcL0lNR18wNDI4LmpwZyIsInNsaWRlc2hvdyI6ImUxNGM0YjEifQ%3D%3D\" href=\"https:\/\/www.ufsm.br\/app\/uploads\/sites\/813\/2025\/10\/IMG_0428.jpg\"><figure class=\"swiper-slide-inner\"><img decoding=\"async\" class=\"swiper-slide-image\" src=\"https:\/\/www.ufsm.br\/app\/uploads\/sites\/813\/2025\/10\/IMG_0428-768x512.jpg\" alt=\"IMG_0428\" \/><\/figure><\/a><\/div><div class=\"swiper-slide\" role=\"group\" aria-roledescription=\"slide\" aria-label=\"6 of 8\"><a data-elementor-open-lightbox=\"yes\" data-elementor-lightbox-slideshow=\"e14c4b1\" data-elementor-lightbox-title=\"IMG_0434\" data-e-action-hash=\"#elementor-action%3Aaction%3Dlightbox%26settings%3DeyJpZCI6IjQzMDciLCJ1cmwiOiJodHRwczpcL1wvd3d3LnVmc20uYnJcL2FwcFwvdXBsb2Fkc1wvc2l0ZXNcLzgxM1wvMjAyNVwvMTBcL0lNR18wNDM0LmpwZyIsInNsaWRlc2hvdyI6ImUxNGM0YjEifQ%3D%3D\" href=\"https:\/\/www.ufsm.br\/app\/uploads\/sites\/813\/2025\/10\/IMG_0434.jpg\"><figure class=\"swiper-slide-inner\"><img decoding=\"async\" class=\"swiper-slide-image\" src=\"https:\/\/www.ufsm.br\/app\/uploads\/sites\/813\/2025\/10\/IMG_0434-768x532.jpg\" alt=\"IMG_0434\" \/><\/figure><\/a><\/div><div class=\"swiper-slide\" role=\"group\" aria-roledescription=\"slide\" aria-label=\"7 of 8\"><a data-elementor-open-lightbox=\"yes\" data-elementor-lightbox-slideshow=\"e14c4b1\" data-elementor-lightbox-title=\"IMG_0486\" data-e-action-hash=\"#elementor-action%3Aaction%3Dlightbox%26settings%3DeyJpZCI6IjQzMDYiLCJ1cmwiOiJodHRwczpcL1wvd3d3LnVmc20uYnJcL2FwcFwvdXBsb2Fkc1wvc2l0ZXNcLzgxM1wvMjAyNVwvMTBcL0lNR18wNDg2LmpwZyIsInNsaWRlc2hvdyI6ImUxNGM0YjEifQ%3D%3D\" href=\"https:\/\/www.ufsm.br\/app\/uploads\/sites\/813\/2025\/10\/IMG_0486.jpg\"><figure class=\"swiper-slide-inner\"><img decoding=\"async\" class=\"swiper-slide-image\" src=\"https:\/\/www.ufsm.br\/app\/uploads\/sites\/813\/2025\/10\/IMG_0486-768x512.jpg\" alt=\"IMG_0486\" \/><\/figure><\/a><\/div><div class=\"swiper-slide\" role=\"group\" aria-roledescription=\"slide\" aria-label=\"8 of 8\"><a data-elementor-open-lightbox=\"yes\" data-elementor-lightbox-slideshow=\"e14c4b1\" data-elementor-lightbox-title=\"IMG_0461\" data-e-action-hash=\"#elementor-action%3Aaction%3Dlightbox%26settings%3DeyJpZCI6IjQzMDUiLCJ1cmwiOiJodHRwczpcL1wvd3d3LnVmc20uYnJcL2FwcFwvdXBsb2Fkc1wvc2l0ZXNcLzgxM1wvMjAyNVwvMTBcL0lNR18wNDYxLmpwZyIsInNsaWRlc2hvdyI6ImUxNGM0YjEifQ%3D%3D\" href=\"https:\/\/www.ufsm.br\/app\/uploads\/sites\/813\/2025\/10\/IMG_0461.jpg\"><figure class=\"swiper-slide-inner\"><img decoding=\"async\" class=\"swiper-slide-image\" src=\"https:\/\/www.ufsm.br\/app\/uploads\/sites\/813\/2025\/10\/IMG_0461-768x512.jpg\" alt=\"IMG_0461\" \/><\/figure><\/a><\/div>\t\t\t<\/div>\n\t\t\t\t\t\t\t\t\t\t\t\t<div class=\"elementor-swiper-button elementor-swiper-button-prev\" role=\"button\" tabindex=\"0\">\n\t\t\t\t\t\t<i aria-hidden=\"true\" class=\"eicon-chevron-left\"><\/i>\t\t\t\t\t<\/div>\n\t\t\t\t\t<div class=\"elementor-swiper-button elementor-swiper-button-next\" role=\"button\" tabindex=\"0\">\n\t\t\t\t\t\t<i aria-hidden=\"true\" class=\"eicon-chevron-right\"><\/i>\t\t\t\t\t<\/div>\n\t\t\t\t\n\t\t\t\t\t\t\t\t\t<div class=\"swiper-pagination\"><\/div>\n\t\t\t\t\t\t\t\t\t<\/div>\n\t\t\t\t<\/div>\n\t\t\t\t<\/div>\n\t\t\t\t\t<\/div>\n\t\t<\/div>\n\t\t\t\t\t<\/div>\n\t\t<\/section>\n\t\t\t\t<\/div>\n\t\t","protected":false},"excerpt":{"rendered":"<p>Evento segue exemplo do que j\u00e1 foi feito em Santa Maria, Palmeira das Miss\u00f5es e Cachoeira do Sul<\/p>\n","protected":false},"author":8577,"featured_media":4313,"comment_status":"closed","ping_status":"closed","sticky":false,"template":"","format":"standard","meta":{"footnotes":""},"categories":[347,356,301,247,359,360],"tags":[349,365],"class_list":["post-4304","post","type-post","status-publish","format-standard","has-post-thumbnail","hentry","category-agencia-integra","category-destaques","category-eventos","category-institucional","category-jornalismo-bacharelado-fw","category-relacoes-publicas-fw","tag-agencia","tag-ufsm-fw-2"],"acf":[],"_links":{"self":[{"href":"https:\/\/www.ufsm.br\/midias\/experimental\/integra\/wp-json\/wp\/v2\/posts\/4304","targetHints":{"allow":["GET"]}}],"collection":[{"href":"https:\/\/www.ufsm.br\/midias\/experimental\/integra\/wp-json\/wp\/v2\/posts"}],"about":[{"href":"https:\/\/www.ufsm.br\/midias\/experimental\/integra\/wp-json\/wp\/v2\/types\/post"}],"author":[{"embeddable":true,"href":"https:\/\/www.ufsm.br\/midias\/experimental\/integra\/wp-json\/wp\/v2\/users\/8577"}],"replies":[{"embeddable":true,"href":"https:\/\/www.ufsm.br\/midias\/experimental\/integra\/wp-json\/wp\/v2\/comments?post=4304"}],"version-history":[{"count":0,"href":"https:\/\/www.ufsm.br\/midias\/experimental\/integra\/wp-json\/wp\/v2\/posts\/4304\/revisions"}],"wp:featuredmedia":[{"embeddable":true,"href":"https:\/\/www.ufsm.br\/midias\/experimental\/integra\/wp-json\/wp\/v2\/media\/4313"}],"wp:attachment":[{"href":"https:\/\/www.ufsm.br\/midias\/experimental\/integra\/wp-json\/wp\/v2\/media?parent=4304"}],"wp:term":[{"taxonomy":"category","embeddable":true,"href":"https:\/\/www.ufsm.br\/midias\/experimental\/integra\/wp-json\/wp\/v2\/categories?post=4304"},{"taxonomy":"post_tag","embeddable":true,"href":"https:\/\/www.ufsm.br\/midias\/experimental\/integra\/wp-json\/wp\/v2\/tags?post=4304"}],"curies":[{"name":"wp","href":"https:\/\/api.w.org\/{rel}","templated":true}]}}