{"id":4315,"date":"2025-10-24T14:00:51","date_gmt":"2025-10-24T17:00:51","guid":{"rendered":"https:\/\/www.ufsm.br\/midias\/experimental\/integra\/?p=4315"},"modified":"2025-10-24T14:12:55","modified_gmt":"2025-10-24T17:12:55","slug":"professora-marcia-boabaid-lanca-obra-na-40a-feira-do-livro-municipal","status":"publish","type":"post","link":"https:\/\/www.ufsm.br\/midias\/experimental\/integra\/2025\/10\/24\/professora-marcia-boabaid-lanca-obra-na-40a-feira-do-livro-municipal","title":{"rendered":"Professora Marcia Boabaid lan\u00e7a obra na 40\u00aa Feira do Livro municipal"},"content":{"rendered":"\t\t<div data-elementor-type=\"wp-post\" data-elementor-id=\"4315\" class=\"elementor elementor-4315\">\n\t\t\t\t\t\t<section class=\"elementor-section elementor-top-section elementor-element elementor-element-61c03796 elementor-section-boxed elementor-section-height-default elementor-section-height-default\" data-id=\"61c03796\" data-element_type=\"section\">\n\t\t\t\t\t\t<div class=\"elementor-container elementor-column-gap-default\">\n\t\t\t\t\t<div class=\"elementor-column elementor-col-100 elementor-top-column elementor-element elementor-element-20d95102\" data-id=\"20d95102\" data-element_type=\"column\">\n\t\t\t<div class=\"elementor-widget-wrap elementor-element-populated\">\n\t\t\t\t\t\t<div class=\"elementor-element elementor-element-3791d1fa elementor-widget elementor-widget-text-editor\" data-id=\"3791d1fa\" data-element_type=\"widget\" data-widget_type=\"text-editor.default\">\n\t\t\t\t<div class=\"elementor-widget-container\">\n\t\t\t\t\t\t\t<!-- wp:paragraph -->\n<p>A 40<sup>a&nbsp; <\/sup>Feira do Livro de Frederico Westphalen recebeu a chefe do Departamento de Ci\u00eancias da Comunica\u00e7\u00e3o, Marcia Elisa Vanzin Boabaid, para a divulga\u00e7\u00e3o de seu livro \u201cPalavras borradas de r\u00edmel\u201d. A ocasi\u00e3o ocorreu \u00e0s 18h30 da \u00faltima quinta-feira (23). Para a escritora, a palavra funciona como um ref\u00fagio que d\u00e1 o tom certo para suas reflex\u00f5es di\u00e1rias.&nbsp;<\/p>\n<!-- \/wp:paragraph -->\n\n<!-- wp:paragraph -->\n<p>Na perspectiva do leitor, ela acredita que a leitura \u00e9 uma entrega. \u201cSe voc\u00ea pega o livro e n\u00e3o te causa um estranhamento, \u00e9 porque ele n\u00e3o processou alguma coisa\u201d, comentou. Marcia afirmou, ainda, que ler proporciona resist\u00eancias que, muitas vezes, a vida n\u00e3o ensina.&nbsp;&nbsp;&nbsp;&nbsp;&nbsp;&nbsp;<\/p>\n<!-- \/wp:paragraph -->\n\n<!-- wp:paragraph -->\n<p>Ap\u00f3s os primeiros aut\u00f3grafos, a professora agradeceu \u00e0 amiga Marluza Terezinha da Rosa, que escreveu o texto de apresenta\u00e7\u00e3o da obra e foi uma das primeiras leitoras. Em seu livro, Marcia transforma experi\u00eancias pessoais em sentimentos. \u201cDigo que eu n\u00e3o sou uma escritora, sou uma aprendiz de escritora. Eu me aventuro na escrita, porque acho que nos faz humanos. A nossa ess\u00eancia \u00e9 ler e escrever, a nossa ess\u00eancia \u00e9 falar\u201d, confessou.&nbsp;<\/p>\n<!-- \/wp:paragraph -->\n\n<!-- wp:paragraph -->\n<p>Atualmente, a obra pode ser adquirida pelo site da <a href=\"https:\/\/www.parabolaeditorial.com.br\/palavras-borradas-de-rimel\">Par\u00e1bola Editorial<\/a> e est\u00e1 em pr\u00e9-venda na <a href=\"https:\/\/a.co\/d\/2uxN6cv\">Amazon<\/a>. A Feira do Livro acontece do dia 21 at\u00e9 a noite de 24 de outubro, no Largo Vitalino Cerutti. Confira toda a programa\u00e7\u00e3o <a href=\"https:\/\/www.instagram.com\/p\/DQCfvnfDR5x\/?img_index=1\">aqui<\/a>.<\/p>\n<!-- \/wp:paragraph -->\n\n<!-- wp:paragraph -->\n<p><em>Texto e fotos: J\u00f4nathas Grunheidt, bolsista da Ag\u00eancia \u00cdntegra.<\/em><\/p>\n<!-- \/wp:paragraph -->\t\t\t\t\t\t<\/div>\n\t\t\t\t<\/div>\n\t\t\t\t\t<\/div>\n\t\t<\/div>\n\t\t\t\t\t<\/div>\n\t\t<\/section>\n\t\t\t\t<section class=\"elementor-section elementor-top-section elementor-element elementor-element-293c44b elementor-section-boxed elementor-section-height-default elementor-section-height-default\" data-id=\"293c44b\" data-element_type=\"section\">\n\t\t\t\t\t\t<div class=\"elementor-container elementor-column-gap-default\">\n\t\t\t\t\t<div class=\"elementor-column elementor-col-100 elementor-top-column elementor-element elementor-element-0aa46ea\" data-id=\"0aa46ea\" data-element_type=\"column\">\n\t\t\t<div class=\"elementor-widget-wrap elementor-element-populated\">\n\t\t\t\t\t\t<div class=\"elementor-element elementor-element-557d654 elementor-arrows-position-inside elementor-pagination-position-outside elementor-widget elementor-widget-image-carousel\" data-id=\"557d654\" data-element_type=\"widget\" data-settings=\"{&quot;slides_to_show&quot;:&quot;2&quot;,&quot;slides_to_scroll&quot;:&quot;1&quot;,&quot;navigation&quot;:&quot;both&quot;,&quot;autoplay&quot;:&quot;yes&quot;,&quot;pause_on_hover&quot;:&quot;yes&quot;,&quot;pause_on_interaction&quot;:&quot;yes&quot;,&quot;autoplay_speed&quot;:5000,&quot;infinite&quot;:&quot;yes&quot;,&quot;speed&quot;:500}\" data-widget_type=\"image-carousel.default\">\n\t\t\t\t<div class=\"elementor-widget-container\">\n\t\t\t\t\t<div class=\"elementor-image-carousel-wrapper swiper\" dir=\"ltr\">\n\t\t\t<div class=\"elementor-image-carousel swiper-wrapper\" aria-live=\"off\">\n\t\t\t\t\t\t\t\t<div class=\"swiper-slide\" role=\"group\" aria-roledescription=\"slide\" aria-label=\"1 of 10\"><figure class=\"swiper-slide-inner\"><img decoding=\"async\" class=\"swiper-slide-image\" src=\"https:\/\/www.ufsm.br\/app\/uploads\/sites\/813\/2025\/10\/IMG_0671-1-768x512.jpg\" alt=\"IMG_0671\" \/><\/figure><\/div><div class=\"swiper-slide\" role=\"group\" aria-roledescription=\"slide\" aria-label=\"2 of 10\"><figure class=\"swiper-slide-inner\"><img decoding=\"async\" class=\"swiper-slide-image\" src=\"https:\/\/www.ufsm.br\/app\/uploads\/sites\/813\/2025\/10\/IMG_0707-768x512.jpg\" alt=\"IMG_0707\" \/><\/figure><\/div><div class=\"swiper-slide\" role=\"group\" aria-roledescription=\"slide\" aria-label=\"3 of 10\"><figure class=\"swiper-slide-inner\"><img decoding=\"async\" class=\"swiper-slide-image\" src=\"https:\/\/www.ufsm.br\/app\/uploads\/sites\/813\/2025\/10\/IMG_0723-768x512.jpg\" alt=\"IMG_0723\" \/><\/figure><\/div><div class=\"swiper-slide\" role=\"group\" aria-roledescription=\"slide\" aria-label=\"4 of 10\"><figure class=\"swiper-slide-inner\"><img decoding=\"async\" class=\"swiper-slide-image\" src=\"https:\/\/www.ufsm.br\/app\/uploads\/sites\/813\/2025\/10\/IMG_0695-768x512.jpg\" alt=\"IMG_0695\" \/><\/figure><\/div><div class=\"swiper-slide\" role=\"group\" aria-roledescription=\"slide\" aria-label=\"5 of 10\"><figure class=\"swiper-slide-inner\"><img decoding=\"async\" class=\"swiper-slide-image\" src=\"https:\/\/www.ufsm.br\/app\/uploads\/sites\/813\/2025\/10\/IMG_0715-768x512.jpg\" alt=\"IMG_0715\" \/><\/figure><\/div><div class=\"swiper-slide\" role=\"group\" aria-roledescription=\"slide\" aria-label=\"6 of 10\"><figure class=\"swiper-slide-inner\"><img decoding=\"async\" class=\"swiper-slide-image\" src=\"https:\/\/www.ufsm.br\/app\/uploads\/sites\/813\/2025\/10\/IMG_0665-768x512.jpg\" alt=\"IMG_0665\" \/><\/figure><\/div><div class=\"swiper-slide\" role=\"group\" aria-roledescription=\"slide\" aria-label=\"7 of 10\"><figure class=\"swiper-slide-inner\"><img decoding=\"async\" class=\"swiper-slide-image\" src=\"https:\/\/www.ufsm.br\/app\/uploads\/sites\/813\/2025\/10\/IMG_0739-768x512.jpg\" alt=\"IMG_0739\" \/><\/figure><\/div><div class=\"swiper-slide\" role=\"group\" aria-roledescription=\"slide\" aria-label=\"8 of 10\"><figure class=\"swiper-slide-inner\"><img decoding=\"async\" class=\"swiper-slide-image\" src=\"https:\/\/www.ufsm.br\/app\/uploads\/sites\/813\/2025\/10\/IMG_0725-768x512.jpg\" alt=\"IMG_0725\" \/><\/figure><\/div><div class=\"swiper-slide\" role=\"group\" aria-roledescription=\"slide\" aria-label=\"9 of 10\"><figure class=\"swiper-slide-inner\"><img decoding=\"async\" class=\"swiper-slide-image\" src=\"https:\/\/www.ufsm.br\/app\/uploads\/sites\/813\/2025\/10\/IMG_0747-768x512.jpg\" alt=\"IMG_0747\" \/><\/figure><\/div><div class=\"swiper-slide\" role=\"group\" aria-roledescription=\"slide\" aria-label=\"10 of 10\"><figure class=\"swiper-slide-inner\"><img decoding=\"async\" class=\"swiper-slide-image\" src=\"https:\/\/www.ufsm.br\/app\/uploads\/sites\/813\/2025\/10\/IMG_0762-768x512.jpg\" alt=\"IMG_0762\" \/><\/figure><\/div>\t\t\t<\/div>\n\t\t\t\t\t\t\t\t\t\t\t\t<div class=\"elementor-swiper-button elementor-swiper-button-prev\" role=\"button\" tabindex=\"0\">\n\t\t\t\t\t\t<i aria-hidden=\"true\" class=\"eicon-chevron-left\"><\/i>\t\t\t\t\t<\/div>\n\t\t\t\t\t<div class=\"elementor-swiper-button elementor-swiper-button-next\" role=\"button\" tabindex=\"0\">\n\t\t\t\t\t\t<i aria-hidden=\"true\" class=\"eicon-chevron-right\"><\/i>\t\t\t\t\t<\/div>\n\t\t\t\t\n\t\t\t\t\t\t\t\t\t<div class=\"swiper-pagination\"><\/div>\n\t\t\t\t\t\t\t\t\t<\/div>\n\t\t\t\t<\/div>\n\t\t\t\t<\/div>\n\t\t\t\t\t<\/div>\n\t\t<\/div>\n\t\t\t\t\t<\/div>\n\t\t<\/section>\n\t\t\t\t<\/div>\n\t\t","protected":false},"excerpt":{"rendered":"<p>Estudantes e professores de Rela\u00e7\u00f5es P\u00fablicas e Jornalismo do campus UFSM Frederico Westphalen prestigiaram o evento, junto \u00e0 comunidade local<\/p>\n","protected":false},"author":8577,"featured_media":4316,"comment_status":"closed","ping_status":"closed","sticky":false,"template":"","format":"standard","meta":{"footnotes":""},"categories":[347,356,301,358,359,245,360],"tags":[349,355,365],"class_list":["post-4315","post","type-post","status-publish","format-standard","has-post-thumbnail","hentry","category-agencia-integra","category-destaques","category-eventos","category-jornalismo","category-jornalismo-bacharelado-fw","category-noticias","category-relacoes-publicas-fw","tag-agencia","tag-destaques","tag-ufsm-fw-2"],"acf":[],"_links":{"self":[{"href":"https:\/\/www.ufsm.br\/midias\/experimental\/integra\/wp-json\/wp\/v2\/posts\/4315","targetHints":{"allow":["GET"]}}],"collection":[{"href":"https:\/\/www.ufsm.br\/midias\/experimental\/integra\/wp-json\/wp\/v2\/posts"}],"about":[{"href":"https:\/\/www.ufsm.br\/midias\/experimental\/integra\/wp-json\/wp\/v2\/types\/post"}],"author":[{"embeddable":true,"href":"https:\/\/www.ufsm.br\/midias\/experimental\/integra\/wp-json\/wp\/v2\/users\/8577"}],"replies":[{"embeddable":true,"href":"https:\/\/www.ufsm.br\/midias\/experimental\/integra\/wp-json\/wp\/v2\/comments?post=4315"}],"version-history":[{"count":0,"href":"https:\/\/www.ufsm.br\/midias\/experimental\/integra\/wp-json\/wp\/v2\/posts\/4315\/revisions"}],"wp:featuredmedia":[{"embeddable":true,"href":"https:\/\/www.ufsm.br\/midias\/experimental\/integra\/wp-json\/wp\/v2\/media\/4316"}],"wp:attachment":[{"href":"https:\/\/www.ufsm.br\/midias\/experimental\/integra\/wp-json\/wp\/v2\/media?parent=4315"}],"wp:term":[{"taxonomy":"category","embeddable":true,"href":"https:\/\/www.ufsm.br\/midias\/experimental\/integra\/wp-json\/wp\/v2\/categories?post=4315"},{"taxonomy":"post_tag","embeddable":true,"href":"https:\/\/www.ufsm.br\/midias\/experimental\/integra\/wp-json\/wp\/v2\/tags?post=4315"}],"curies":[{"name":"wp","href":"https:\/\/api.w.org\/{rel}","templated":true}]}}