{"id":256,"date":"2022-01-01T12:08:17","date_gmt":"2022-01-01T15:08:17","guid":{"rendered":"https:\/\/www.ufsm.br\/midias\/experimental\/revista-o-qi\/?p=256"},"modified":"2022-01-01T12:13:05","modified_gmt":"2022-01-01T15:13:05","slug":"prorrogacao-do-edital","status":"publish","type":"post","link":"https:\/\/www.ufsm.br\/midias\/experimental\/revista-o-qi\/2022\/01\/01\/prorrogacao-do-edital","title":{"rendered":"Prorroga\u00e7\u00e3o do Edital"},"content":{"rendered":"\t\t<div data-elementor-type=\"wp-post\" data-elementor-id=\"256\" class=\"elementor elementor-256\">\n\t\t\t\t\t\t<section class=\"elementor-section elementor-top-section elementor-element elementor-element-44c132bf elementor-section-boxed elementor-section-height-default elementor-section-height-default\" data-id=\"44c132bf\" data-element_type=\"section\">\n\t\t\t\t\t\t<div class=\"elementor-container elementor-column-gap-default\">\n\t\t\t\t\t<div class=\"elementor-column elementor-col-100 elementor-top-column elementor-element elementor-element-2f53935e\" data-id=\"2f53935e\" data-element_type=\"column\">\n\t\t\t<div class=\"elementor-widget-wrap elementor-element-populated\">\n\t\t\t\t\t\t<div class=\"elementor-element elementor-element-733a673f elementor-widget elementor-widget-text-editor\" data-id=\"733a673f\" data-element_type=\"widget\" data-widget_type=\"text-editor.default\">\n\t\t\t\t<div class=\"elementor-widget-container\">\n\t\t\t\t\t\t\t<!-- wp:tadv\/classic-paragraph \/-->\t\t\t\t\t\t<\/div>\n\t\t\t\t<\/div>\n\t\t\t\t\t<\/div>\n\t\t<\/div>\n\t\t\t\t\t<\/div>\n\t\t<\/section>\n\t\t\t\t<section class=\"elementor-section elementor-top-section elementor-element elementor-element-e9aa402 elementor-section-boxed elementor-section-height-default elementor-section-height-default\" data-id=\"e9aa402\" data-element_type=\"section\">\n\t\t\t\t\t\t<div class=\"elementor-container elementor-column-gap-default\">\n\t\t\t\t\t<div class=\"elementor-column elementor-col-100 elementor-top-column elementor-element elementor-element-9326d37\" data-id=\"9326d37\" data-element_type=\"column\">\n\t\t\t<div class=\"elementor-widget-wrap elementor-element-populated\">\n\t\t\t\t\t\t<div class=\"elementor-element elementor-element-15dc6ed elementor-widget elementor-widget-text-editor\" data-id=\"15dc6ed\" data-element_type=\"widget\" data-widget_type=\"text-editor.default\">\n\t\t\t\t<div class=\"elementor-widget-container\">\n\t\t\t\t\t\t\t<p><span style=\"font-weight: 400\">Ol\u00e1, terr\u00e1queos! Hoje trazemos uma \u00f3tima not\u00edcia, principalmente para voc\u00ea que anda borocox\u00f4 por, na correria do final de ano, ter perdido o prazo de submiss\u00e3o dos artigos para a nossa 11\u00b0 Edi\u00e7\u00e3o. Ent\u00e3o, sem mais delongas e com muita alegria, comunicamos\u00a0 que o nosso Edital 01\/2022 foi prorrogado!! Sendo assim, dos dias 01 de janeiro at\u00e9 09 de janeiro de 2022 ainda estaremos recebendo trabalhos que se enquadrem nas seguintes modalidades: artigos livres, ensaios, resenhas, relatos de produ\u00e7\u00f5es profissionais ou experimentais e resumos de monografias.<\/span><\/p>\n<p><span style=\"font-weight: 400\">Estamos muito felizes em trazer essa not\u00edcia para voc\u00eas, ent\u00e3o, se voc\u00ea n\u00e3o teve a oportunidade de enviar o seu artigo at\u00e9 agora, esse \u00e9 o seu momento! E a\u00ed, vai deixar passar a chance de fazer parte da nossa hist\u00f3ria?\u00a0<\/span><\/p>\n<p><span style=\"font-weight: 400\">Para maiores detalhes sobre como submeter seu trabalho, acesse nosso edital <a href=\"https:\/\/www.ufsm.br\/midias\/experimental\/revista-o-qi\/editais\/001-2022\/\"><strong>aqui<\/strong><\/a><\/span><span style=\"font-weight: 400\">.<\/span><\/p>\t\t\t\t\t\t<\/div>\n\t\t\t\t<\/div>\n\t\t\t\t\t<\/div>\n\t\t<\/div>\n\t\t\t\t\t<\/div>\n\t\t<\/section>\n\t\t\t\t<\/div>\n\t\t","protected":false},"excerpt":{"rendered":"<p>Ol\u00e1, terr\u00e1queos! Hoje trazemos uma \u00f3tima not\u00edcia, principalmente para voc\u00ea que anda borocox\u00f4 por, na correria do final de ano, ter perdido o prazo de submiss\u00e3o dos artigos para a nossa 11\u00b0 Edi\u00e7\u00e3o. Ent\u00e3o, sem mais delongas e com muita alegria, comunicamos\u00a0 que o nosso Edital 01\/2022 foi prorrogado!! Sendo assim, dos dias 01 de [&hellip;]<\/p>\n","protected":false},"author":4060,"featured_media":0,"comment_status":"closed","ping_status":"closed","sticky":false,"template":"","format":"standard","meta":{"footnotes":""},"categories":[11],"tags":[],"class_list":["post-256","post","type-post","status-publish","format-standard","hentry","category-noticias"],"acf":[],"_links":{"self":[{"href":"https:\/\/www.ufsm.br\/midias\/experimental\/revista-o-qi\/wp-json\/wp\/v2\/posts\/256","targetHints":{"allow":["GET"]}}],"collection":[{"href":"https:\/\/www.ufsm.br\/midias\/experimental\/revista-o-qi\/wp-json\/wp\/v2\/posts"}],"about":[{"href":"https:\/\/www.ufsm.br\/midias\/experimental\/revista-o-qi\/wp-json\/wp\/v2\/types\/post"}],"author":[{"embeddable":true,"href":"https:\/\/www.ufsm.br\/midias\/experimental\/revista-o-qi\/wp-json\/wp\/v2\/users\/4060"}],"replies":[{"embeddable":true,"href":"https:\/\/www.ufsm.br\/midias\/experimental\/revista-o-qi\/wp-json\/wp\/v2\/comments?post=256"}],"version-history":[{"count":0,"href":"https:\/\/www.ufsm.br\/midias\/experimental\/revista-o-qi\/wp-json\/wp\/v2\/posts\/256\/revisions"}],"wp:attachment":[{"href":"https:\/\/www.ufsm.br\/midias\/experimental\/revista-o-qi\/wp-json\/wp\/v2\/media?parent=256"}],"wp:term":[{"taxonomy":"category","embeddable":true,"href":"https:\/\/www.ufsm.br\/midias\/experimental\/revista-o-qi\/wp-json\/wp\/v2\/categories?post=256"},{"taxonomy":"post_tag","embeddable":true,"href":"https:\/\/www.ufsm.br\/midias\/experimental\/revista-o-qi\/wp-json\/wp\/v2\/tags?post=256"}],"curies":[{"name":"wp","href":"https:\/\/api.w.org\/{rel}","templated":true}]}}