{"id":352,"date":"2022-05-10T16:45:53","date_gmt":"2022-05-10T19:45:53","guid":{"rendered":"https:\/\/www.ufsm.br\/midias\/experimental\/revista-o-qi\/?p=352"},"modified":"2022-05-31T15:24:40","modified_gmt":"2022-05-31T18:24:40","slug":"edital-v-11-2022-lancamento","status":"publish","type":"post","link":"https:\/\/www.ufsm.br\/midias\/experimental\/revista-o-qi\/2022\/05\/10\/edital-v-11-2022-lancamento","title":{"rendered":"Edital v. 11\/2022 &#8211; Lan\u00e7amento"},"content":{"rendered":"\t\t<div data-elementor-type=\"wp-post\" data-elementor-id=\"352\" class=\"elementor elementor-352\">\n\t\t\t\t\t\t<section class=\"elementor-section elementor-top-section elementor-element elementor-element-4e02660 elementor-section-boxed elementor-section-height-default elementor-section-height-default\" data-id=\"4e02660\" data-element_type=\"section\">\n\t\t\t\t\t\t<div class=\"elementor-container elementor-column-gap-default\">\n\t\t\t\t\t<div class=\"elementor-column elementor-col-100 elementor-top-column elementor-element elementor-element-bc42456\" data-id=\"bc42456\" data-element_type=\"column\">\n\t\t\t<div class=\"elementor-widget-wrap elementor-element-populated\">\n\t\t\t\t\t\t<div class=\"elementor-element elementor-element-525f317 elementor-widget elementor-widget-image\" data-id=\"525f317\" data-element_type=\"widget\" data-widget_type=\"image.default\">\n\t\t\t\t<div class=\"elementor-widget-container\">\n\t\t\t\t\t\t\t\t\t\t\t\t\t<img fetchpriority=\"high\" decoding=\"async\" width=\"225\" height=\"300\" src=\"https:\/\/www.ufsm.br\/app\/uploads\/sites\/830\/2022\/05\/O-QI-EDITAL-ABERTO-1-225x300.jpg\" class=\"attachment-medium size-medium wp-image-355\" alt=\"\" srcset=\"https:\/\/www.ufsm.br\/app\/uploads\/sites\/830\/2022\/05\/O-QI-EDITAL-ABERTO-1-225x300.jpg 225w, https:\/\/www.ufsm.br\/app\/uploads\/sites\/830\/2022\/05\/O-QI-EDITAL-ABERTO-1-768x1024.jpg 768w, https:\/\/www.ufsm.br\/app\/uploads\/sites\/830\/2022\/05\/O-QI-EDITAL-ABERTO-1-1152x1536.jpg 1152w, https:\/\/www.ufsm.br\/app\/uploads\/sites\/830\/2022\/05\/O-QI-EDITAL-ABERTO-1-1536x2048.jpg 1536w, https:\/\/www.ufsm.br\/app\/uploads\/sites\/830\/2022\/05\/O-QI-EDITAL-ABERTO-1.jpg 1920w\" sizes=\"(max-width: 225px) 100vw, 225px\" \/>\t\t\t\t\t\t\t\t\t\t\t\t\t<\/div>\n\t\t\t\t<\/div>\n\t\t\t\t<div class=\"elementor-element elementor-element-f3b5e80 elementor-widget elementor-widget-text-editor\" data-id=\"f3b5e80\" data-element_type=\"widget\" data-widget_type=\"text-editor.default\">\n\t\t\t\t<div class=\"elementor-widget-container\">\n\t\t\t\t\t\t\t<p dir=\"ltr\" style=\"line-height: 1.38;margin-top: 0pt;margin-bottom: 0pt\"><span style=\"font-size: 11pt;font-family: Calibri,sans-serif;color: #000000;background-color: transparent;font-weight: 400;font-style: normal;font-variant: normal;text-decoration: none;vertical-align: baseline\">\ud83d\udea8 Aten\u00e7\u00e3o, o edital t\u00e1 on!\u00a0<\/span><\/p><p dir=\"ltr\" style=\"line-height: 1.38;margin-top: 0pt;margin-bottom: 0pt\"><span style=\"font-size: 11pt;font-family: Calibri,sans-serif;color: #000000;background-color: transparent;font-weight: 400;font-style: normal;font-variant: normal;text-decoration: none;vertical-align: baseline\">Que isso, um filme? N\u00e3o menines, \u00e9 a 11<\/span><span style=\"font-size: 11pt;font-family: Calibri,sans-serif;color: #000000;background-color: #ffffff;font-weight: 400;font-style: normal;font-variant: normal;text-decoration: none;vertical-align: baseline\">\u00aa edi\u00e7\u00e3o da O QI<\/span><span style=\"font-size: 11pt;font-family: Calibri,sans-serif;color: #000000;background-color: transparent;font-weight: 400;font-style: normal;font-variant: normal;text-decoration: none;vertical-align: baseline\">!<\/span><\/p><p dir=\"ltr\" style=\"line-height: 1.38;margin-top: 0pt;margin-bottom: 0pt\"><span style=\"font-size: 11pt;font-family: Calibri,sans-serif;color: #000000;background-color: transparent;font-weight: 400;font-style: normal;font-variant: normal;text-decoration: none;vertical-align: baseline\">O dossi\u00ea tem\u00e1tico deste ano \u00e9: \u2728 Produ\u00e7\u00e3o e Edi\u00e7\u00e3o: Imagem e Movimento \u2728\u00a0<\/span><\/p><p dir=\"ltr\" style=\"line-height: 1.38;margin-top: 0pt;margin-bottom: 0pt\"><span style=\"font-size: 11pt;font-family: Calibri,sans-serif;color: #212529;background-color: transparent;font-weight: 400;font-style: normal;font-variant: normal;text-decoration: none;vertical-align: baseline\">Vamos explorar o universo do audiovisual e suas interse\u00e7\u00f5es com a est\u00e9tica, \u00e1reas essenciais para a Produ\u00e7\u00e3o Editorial<\/span><span style=\"font-size: 12pt;font-family: Calibri,sans-serif;color: #212529;background-color: transparent;font-weight: 400;font-style: normal;font-variant: normal;text-decoration: none;vertical-align: baseline\">.<\/span><\/p><p dir=\"ltr\" style=\"line-height: 1.38;margin-top: 0pt;margin-bottom: 0pt\"><span style=\"font-size: 11pt;font-family: Calibri,sans-serif;color: #212529;background-color: transparent;font-weight: 400;font-style: normal;font-variant: normal;text-decoration: none;vertical-align: baseline\">Ent\u00e3o voc\u00ea que possui produ\u00e7\u00f5es originais nos campos da pesquisa, extens\u00e3o, ou outras produ\u00e7\u00f5es gr\u00e1ficas ou audiovisuais na forma de an\u00e1lise cr\u00edtica, resenha, relato de experi\u00eancia, editoriais fotogr\u00e1ficos, experimenta\u00e7\u00e3o, entre outros, pode submet\u00ea-las neste <a href=\"https:\/\/www.ufsm.br\/midias\/experimental\/revista-o-qi\/editais\/001-2022-2\/\">edital<\/a> \ud83e\udd29<br \/><br \/><\/span><\/p><p dir=\"ltr\" style=\"line-height: 1.38;margin-top: 0pt;margin-bottom: 0pt\"><span style=\"font-size: 11pt;font-family: Calibri,sans-serif;color: #262626;background-color: #ffffff;font-weight: 400;font-style: normal;font-variant: normal;text-decoration: none;vertical-align: baseline\">\ud83d\uddd3\ufe0f Prazo: 31 de Maio<\/span><\/p>\t\t\t\t\t\t<\/div>\n\t\t\t\t<\/div>\n\t\t\t\t\t<\/div>\n\t\t<\/div>\n\t\t\t\t\t<\/div>\n\t\t<\/section>\n\t\t\t\t<\/div>\n\t\t","protected":false},"excerpt":{"rendered":"<p>\ud83d\udea8 Aten\u00e7\u00e3o, o edital t\u00e1 on!&nbsp; Que isso, um filme? N\u00e3o menines, \u00e9 a 11\u00aa edi\u00e7\u00e3o da O QI! O dossi\u00ea tem\u00e1tico deste ano \u00e9: \u2728 Produ\u00e7\u00e3o e Edi\u00e7\u00e3o: Imagem e Movimento \u2728&nbsp; Vamos explorar o universo do audiovisual e suas interse\u00e7\u00f5es com a est\u00e9tica, \u00e1reas essenciais para a Produ\u00e7\u00e3o Editorial. Ent\u00e3o voc\u00ea que possui [&hellip;]<\/p>\n","protected":false},"author":486,"featured_media":354,"comment_status":"closed","ping_status":"closed","sticky":false,"template":"","format":"standard","meta":{"footnotes":""},"categories":[11,1],"tags":[],"class_list":["post-352","post","type-post","status-publish","format-standard","has-post-thumbnail","hentry","category-noticias","category-sem-categoria"],"acf":[],"_links":{"self":[{"href":"https:\/\/www.ufsm.br\/midias\/experimental\/revista-o-qi\/wp-json\/wp\/v2\/posts\/352","targetHints":{"allow":["GET"]}}],"collection":[{"href":"https:\/\/www.ufsm.br\/midias\/experimental\/revista-o-qi\/wp-json\/wp\/v2\/posts"}],"about":[{"href":"https:\/\/www.ufsm.br\/midias\/experimental\/revista-o-qi\/wp-json\/wp\/v2\/types\/post"}],"author":[{"embeddable":true,"href":"https:\/\/www.ufsm.br\/midias\/experimental\/revista-o-qi\/wp-json\/wp\/v2\/users\/486"}],"replies":[{"embeddable":true,"href":"https:\/\/www.ufsm.br\/midias\/experimental\/revista-o-qi\/wp-json\/wp\/v2\/comments?post=352"}],"version-history":[{"count":0,"href":"https:\/\/www.ufsm.br\/midias\/experimental\/revista-o-qi\/wp-json\/wp\/v2\/posts\/352\/revisions"}],"wp:featuredmedia":[{"embeddable":true,"href":"https:\/\/www.ufsm.br\/midias\/experimental\/revista-o-qi\/wp-json\/wp\/v2\/media\/354"}],"wp:attachment":[{"href":"https:\/\/www.ufsm.br\/midias\/experimental\/revista-o-qi\/wp-json\/wp\/v2\/media?parent=352"}],"wp:term":[{"taxonomy":"category","embeddable":true,"href":"https:\/\/www.ufsm.br\/midias\/experimental\/revista-o-qi\/wp-json\/wp\/v2\/categories?post=352"},{"taxonomy":"post_tag","embeddable":true,"href":"https:\/\/www.ufsm.br\/midias\/experimental\/revista-o-qi\/wp-json\/wp\/v2\/tags?post=352"}],"curies":[{"name":"wp","href":"https:\/\/api.w.org\/{rel}","templated":true}]}}