{"id":635,"date":"2023-04-20T14:55:00","date_gmt":"2023-04-20T17:55:00","guid":{"rendered":"https:\/\/www.ufsm.br\/midias\/experimental\/revista-o-qi\/?p=635"},"modified":"2023-05-09T11:14:24","modified_gmt":"2023-05-09T14:14:24","slug":"cronograma-do-edital","status":"publish","type":"post","link":"https:\/\/www.ufsm.br\/midias\/experimental\/revista-o-qi\/2023\/04\/20\/cronograma-do-edital","title":{"rendered":"Cronograma do Edital"},"content":{"rendered":"\n<p><span style=\"font-weight: 400\">&nbsp; &nbsp; &nbsp; &nbsp; &nbsp; A 12<\/span><span style=\"font-weight: 400\">\u00aa Edi\u00e7\u00e3o da O QI &#8211; Revista Experimental de Produ\u00e7\u00e3o Editorial <\/span><span style=\"font-weight: 400\">\u2014<\/span><span style=\"font-weight: 400\"> j\u00e1 est\u00e1 em produ\u00e7\u00e3o e voc\u00ea n\u00e3o pode ficar fora desta! Com o dossi\u00ea tem\u00e1tico <\/span><b>&#8220;Design e Cidadania: criatividade como instrumento social\u201d<\/b><span style=\"font-weight: 400\">, convidamos as pessoas autoras a colaborar com originais que tratam da aplica\u00e7\u00e3o do design em diversas m\u00eddias e \u00e1reas de conhecimento como instrumento social. Desta forma, ser\u00e3o aceitos as seguintes modalidades: artigos livres, artigos do dossi\u00ea tem\u00e1tico, ensaio, resenha cr\u00edtica, relato de produ\u00e7\u00f5es profissionais ou experimentais e resumo de monografia ou projeto experimental.<\/span> <br><b>Confira abaixo nosso cronograma para n\u00e3o perder nenhum prazo!<\/b><\/p>\n\n\n\n<table style=\"width: 100%\">\n<tbody>\n<tr>\n<td style=\"text-align: center;width: 43.6027%\">\n<p><span style=\"color: #0000ff\"><b>Atividade&nbsp;<\/b><\/span><\/p>\n<\/td>\n<td style=\"text-align: center;width: 31.3205%\">\n<p><span style=\"color: #0000ff\"><b>Per\u00edodo<\/b><\/span><\/p>\n<\/td>\n<td style=\"text-align: center;width: 24.1556%\">\n<p><span style=\"color: #0000ff\"><b>Local<\/b><\/span><\/p>\n<\/td>\n<\/tr>\n<tr>\n<td style=\"text-align: center;width: 43.6027%\">\n<p><span style=\"font-weight: 400\">Abertura da chamada de trabalhos para o dossi\u00ea tem\u00e1tico&nbsp;<\/span><\/p>\n<\/td>\n<td style=\"text-align: center;width: 31.3205%\"><br>\n<p><span style=\"font-weight: 400\">6 de abril de 2023<\/span><\/p>\n<\/td>\n<td style=\"text-align: center;width: 24.1556%\">\n<p><a href=\"https:\/\/www.ufsm.br\/midias\/experimental\/revista-o-qi\"><span style=\"font-weight: 400\">Site da revista<\/span><\/a><\/p>\n<\/td>\n<\/tr>\n<tr>\n<td style=\"text-align: center;width: 43.6027%\">\n<p><span style=\"font-weight: 400;background-color: #ffff00\">Recebimento de originais<\/span><\/p>\n<\/td>\n<td style=\"text-align: center;width: 31.3205%\">\n<p><b>6 de abril a 1\u00ba de maio de 2023&nbsp;<\/b><\/p>\n<\/td>\n<td style=\"text-align: center;width: 24.1556%\">\n<p><a href=\"https:\/\/docs.google.com\/forms\/d\/e\/1FAIpQLSdwgDiuoc3YL19jW5OMLHEoCltjLAI0vHupBs99-UyblNzXVg\/viewform\"><span style=\"font-weight: 400\">Formul\u00e1rio de inscri\u00e7\u00e3o<\/span><\/a><\/p>\n<\/td>\n<\/tr>\n<tr>\n<td style=\"text-align: center;width: 43.6027%\">\n<p><span style=\"font-weight: 400;background-color: #ffff00\">Fim do per\u00edodo de submiss\u00f5es<\/span><\/p>\n<\/td>\n<td style=\"text-align: center;width: 31.3205%\">\n<p><b>1\u00ba de maio de 2023&nbsp;<\/b><\/p>\n<p><b>(at\u00e9 23h 59min)<\/b><\/p>\n<\/td>\n<td style=\"text-align: center;width: 24.1556%\">\n<p><a href=\"https:\/\/docs.google.com\/forms\/d\/e\/1FAIpQLSdwgDiuoc3YL19jW5OMLHEoCltjLAI0vHupBs99-UyblNzXVg\/viewform\"><span style=\"font-weight: 400\">Formul\u00e1rio de inscri\u00e7\u00e3o<\/span><\/a><\/p>\n<\/td>\n<\/tr>\n<tr>\n<td style=\"text-align: center;width: 43.6027%\">\n<p><span style=\"font-weight: 400\">Triagem&nbsp;<\/span><\/p>\n<\/td>\n<td style=\"text-align: center;width: 31.3205%\">\n<p><span style=\"font-weight: 400\">6 abril a 8 de maio de 2023<\/span><\/p>\n<\/td>\n<td style=\"text-align: center;width: 24.1556%\">\n<p><span style=\"font-weight: 400\">Processo interno&nbsp;<\/span><\/p>\n<\/td>\n<\/tr>\n<tr>\n<td style=\"text-align: center;width: 43.6027%\">\n<p><span style=\"font-weight: 400\">Divulga\u00e7\u00e3o do processo de triagem<\/span><\/p>\n<\/td>\n<td style=\"text-align: center;width: 31.3205%\">\n<p><span style=\"font-weight: 400\">9 de maio de 2023<\/span><\/p>\n<\/td>\n<td style=\"text-align: center;width: 24.1556%\">\n<p><span style=\"font-weight: 400\">Via e-mail<\/span><\/p>\n<\/td>\n<\/tr>\n<tr>\n<td style=\"text-align: center;width: 43.6027%\">\n<p><span style=\"font-weight: 400\">Avalia\u00e7\u00e3o<\/span><\/p>\n<\/td>\n<td style=\"text-align: center;width: 31.3205%\">\n<p><span style=\"font-weight: 400\">10 a 31 de maio de 2023<\/span><\/p>\n<\/td>\n<td style=\"text-align: center;width: 24.1556%\">\n<p><span style=\"font-weight: 400\">Processo interno<\/span><\/p>\n<\/td>\n<\/tr>\n<tr>\n<td style=\"text-align: center;width: 43.6027%\">\n<p><span style=\"font-weight: 400\">Lan\u00e7amento vers\u00e3o digital<\/span><\/p>\n<\/td>\n<td style=\"text-align: center;width: 31.3205%\">\n<p><span style=\"font-weight: 400\">Agosto de 2023&nbsp;<\/span><\/p>\n<\/td>\n<td style=\"text-align: center;width: 24.1556%\">\n<p><a href=\"https:\/\/www.ufsm.br\/midias\/experimental\/revista-o-qi\"><span style=\"font-weight: 400\">Site da revista<\/span><\/a><\/p>\n<\/td>\n<\/tr>\n<tr>\n<td style=\"text-align: center;width: 43.6027%\">\n<p><span style=\"font-weight: 400\">Lan\u00e7amento vers\u00e3o impressa<\/span><\/p>\n<\/td>\n<td style=\"text-align: center;width: 31.3205%\">\n<p><span style=\"font-weight: 400\">Novembro de 2023<\/span><\/p>\n<\/td>\n<td style=\"text-align: center;width: 24.1556%\">\n<p><span style=\"font-weight: 400\">A definir<\/span><\/p>\n<\/td>\n<\/tr>\n<\/tbody>\n<\/table>\n\n\n\n<p><span style=\"font-weight: 400\">Ficou com alguma d\u00favida? Consulte nosso <\/span><a href=\"https:\/\/www.ufsm.br\/app\/uploads\/sites\/830\/2023\/04\/Chamada-de-Trabalhos-para-a-Revista-OQI-v.-12-2023-1.pdf\"><span style=\"font-weight: 400\">edital<\/span><\/a><span style=\"font-weight: 400\">!<\/span><\/p>\n","protected":false},"excerpt":{"rendered":"<p>&nbsp; &nbsp; &nbsp; &nbsp; &nbsp; A 12\u00aa Edi\u00e7\u00e3o da O QI &#8211; Revista Experimental de Produ\u00e7\u00e3o Editorial \u2014 j\u00e1 est\u00e1 em produ\u00e7\u00e3o e voc\u00ea n\u00e3o pode ficar fora desta! Com o dossi\u00ea tem\u00e1tico &#8220;Design e Cidadania: criatividade como instrumento social\u201d, convidamos as pessoas autoras a colaborar com originais que tratam da aplica\u00e7\u00e3o do design em [&hellip;]<\/p>\n","protected":false},"author":6808,"featured_media":637,"comment_status":"closed","ping_status":"closed","sticky":false,"template":"","format":"standard","meta":{"footnotes":""},"categories":[11],"tags":[],"class_list":["post-635","post","type-post","status-publish","format-standard","has-post-thumbnail","hentry","category-noticias"],"acf":[],"_links":{"self":[{"href":"https:\/\/www.ufsm.br\/midias\/experimental\/revista-o-qi\/wp-json\/wp\/v2\/posts\/635","targetHints":{"allow":["GET"]}}],"collection":[{"href":"https:\/\/www.ufsm.br\/midias\/experimental\/revista-o-qi\/wp-json\/wp\/v2\/posts"}],"about":[{"href":"https:\/\/www.ufsm.br\/midias\/experimental\/revista-o-qi\/wp-json\/wp\/v2\/types\/post"}],"author":[{"embeddable":true,"href":"https:\/\/www.ufsm.br\/midias\/experimental\/revista-o-qi\/wp-json\/wp\/v2\/users\/6808"}],"replies":[{"embeddable":true,"href":"https:\/\/www.ufsm.br\/midias\/experimental\/revista-o-qi\/wp-json\/wp\/v2\/comments?post=635"}],"version-history":[{"count":0,"href":"https:\/\/www.ufsm.br\/midias\/experimental\/revista-o-qi\/wp-json\/wp\/v2\/posts\/635\/revisions"}],"wp:featuredmedia":[{"embeddable":true,"href":"https:\/\/www.ufsm.br\/midias\/experimental\/revista-o-qi\/wp-json\/wp\/v2\/media\/637"}],"wp:attachment":[{"href":"https:\/\/www.ufsm.br\/midias\/experimental\/revista-o-qi\/wp-json\/wp\/v2\/media?parent=635"}],"wp:term":[{"taxonomy":"category","embeddable":true,"href":"https:\/\/www.ufsm.br\/midias\/experimental\/revista-o-qi\/wp-json\/wp\/v2\/categories?post=635"},{"taxonomy":"post_tag","embeddable":true,"href":"https:\/\/www.ufsm.br\/midias\/experimental\/revista-o-qi\/wp-json\/wp\/v2\/tags?post=635"}],"curies":[{"name":"wp","href":"https:\/\/api.w.org\/{rel}","templated":true}]}}