{"id":1165,"date":"2013-06-07T13:01:33","date_gmt":"2013-06-07T16:01:33","guid":{"rendered":"http:\/\/www.ufsm.br\/revistatxt\/?p=1165"},"modified":"2019-08-14T15:10:37","modified_gmt":"2019-08-14T18:10:37","slug":"iniciacao-cientifica-o-despertar-para-o-conhecimento-academico-2","status":"publish","type":"post","link":"https:\/\/www.ufsm.br\/midias\/experimental\/revistatxt\/2013\/06\/07\/iniciacao-cientifica-o-despertar-para-o-conhecimento-academico-2","title":{"rendered":"Inicia\u00e7\u00e3o Cient\u00edfica: o despertar para o conhecimento acad\u00eamico"},"content":{"rendered":"<p><strong>Programas de pesquisa auxiliam na gradua\u00e7\u00e3o<\/strong><\/p>\n<p style=\"text-align: right\">Leticia Malinoski\u00a0\u2013\u00a0m_alisouza@hotmail.com<br \/>\nLu\u00edza Tavares\u00a0\u2013\u00a0violetalu@hotmail.com<\/p>\n<p>A Inicia\u00e7\u00e3o Cient\u00edfica (IC) coloca em contato os alunos com os grupos de pesquisa para proporcionar ao aluno, orientado por pesquisador e profissional experiente, a aprendizagem de t\u00e9cnicas e m\u00e9todos cient\u00edficos. Al\u00e9m disso, o programa de IC estimula o desenvolvimento do pensar cient\u00edfico o mais cedo poss\u00edvel durante o per\u00edodo de forma\u00e7\u00e3o do aluno.<\/p>\n<figure id=\"attachment_761\" aria-describedby=\"caption-attachment-761\" style=\"width: 300px\" class=\"wp-caption alignleft\"><a style=\"font-style: normal;line-height: 24px;text-decoration: underline\" href=\"https:\/\/www.ufsm.br\/midias\/experimental\/revistatxt\/wp-content\/uploads\/sites\/714\/2013\/06\/DSCN7384.jpg\"><img fetchpriority=\"high\" decoding=\"async\" class=\"size-medium wp-image-761 \" style=\"border-color: #bbbbbb;margin-top: 0.4em;background-color: #eeeeee\" title=\"A Coordenadoria de Inicia\u00e7\u00e3o Cient\u00edfica fica no 7\u00ba andar da Reitoria\" src=\"https:\/\/www.ufsm.br\/midias\/experimental\/revistatxt\/wp-content\/uploads\/sites\/714\/2013\/06\/DSCN7384-300x225.jpg\" alt=\"A Coordenadoria de Inicia\u00e7\u00e3o Cient\u00edfica fica no 7\u00ba andar da Reitoria\" width=\"300\" height=\"225\" srcset=\"https:\/\/www.ufsm.br\/app\/uploads\/sites\/714\/2013\/06\/DSCN7384-300x225.jpg 300w, https:\/\/www.ufsm.br\/app\/uploads\/sites\/714\/2013\/06\/DSCN7384.jpg 492w\" sizes=\"(max-width: 300px) 100vw, 300px\" \/><\/a><figcaption id=\"caption-attachment-761\" class=\"wp-caption-text\">A Coordenadoria de Inicia\u00e7\u00e3o Cient\u00edfica fica no 7\u00ba andar da Reitoria<\/figcaption><\/figure>\n<p>A Coordenadoria de Inicia\u00e7\u00e3o Cient\u00edfica (CIC) da UFSM foi criada em 2010, a partir de um projeto aprovado em 2009. A CIC \u00e9 respons\u00e1vel pelos programas de Inicia\u00e7\u00e3o Cient\u00edfica e Tecnol\u00f3gica, \u00e9 organizadora da Jornada Acad\u00eamica Integrada (JAI) e da viagem da delega\u00e7\u00e3o da UFSM para a Sociedade Brasileira de Progresso da Ci\u00eancia (SBPC). H\u00e1 programas internos e externos: os internos utilizam recursos da pr\u00f3pria universidade, j\u00e1 os externos s\u00e3o financiados com recursos do Conselho Nacional de Desenvolvimento Cient\u00edfico e Tecnol\u00f3gico (CNPq), da Funda\u00e7\u00e3o de Amparo \u00e0 Pesquisa do Estado do Rio Grande do Sul (Fapergs), Jovens Talentos para a Ci\u00eancia &#8211; Capes e Ci\u00eancias sem Fronteiras \u2013 CNPq e Capes.<\/p>\n<p>O aluno de Engenharia El\u00e9trica, Rodrigo Krug, atua no Grupo de Eletr\u00f4nica de Pot\u00eancia e Controle (Gepoc) desde 2009. Logo que ingressou no curso j\u00e1 procurou entrar em um projeto de Inicia\u00e7\u00e3o Cient\u00edfica, \u201cEntrei em contato com a Inicia\u00e7\u00e3o Cient\u00edfica porque j\u00e1 conhecia o professor H\u00e9lio Le\u00e3es Hey. Em conversas, o professor me apresentou os grupos de pesquisa da Engenharia El\u00e9trica, assim, ingressei na pesquisa ainda nos primeiros dias de aula, mas s\u00f3 consegui bolsa a partir do segundo semestre.\u201d Rodrigo foi bolsista do Programa Institucional de Bolsas de Inicia\u00e7\u00e3o Cient\u00edfica (Pibic) e, devido ao ingresso na pesquisa, fez parte, tamb\u00e9m, do Programa Ci\u00eancias sem Fronteiras e passou um ano na Universidade Conc\u00f3rdia, em Montreal, Canad\u00e1.<\/p>\n<p>Da Coordenaria de Inicia\u00e7\u00e3o Cient\u00edfica, Alessandro Dal-Col L\u00facio, diz que \u00e9 totalmente favor\u00e1vel \u00e0 inclus\u00e3o dos alunos da gradua\u00e7\u00e3o e do ensino m\u00e9dio nas atividades de inicia\u00e7\u00e3o cient\u00edfica o quanto antes, pois d\u00e1 condi\u00e7\u00f5es de atua\u00e7\u00e3o e de inser\u00e7\u00e3o precoce em grupos de pesquisa. Essa atividade, al\u00e9m de complementar a forma\u00e7\u00e3o t\u00e9cnica e te\u00f3rica do aluno, promove o trabalho em grupo, o comprometimento respons\u00e1vel no exerc\u00edcio de atividades e a\u00e7\u00f5es na \u00e1rea de pesquisa.<\/p>\n<p>Mais informa\u00e7\u00f5es sobre os programas est\u00e3o dispon\u00edveis no <a href=\"http:\/\/coral.ufsm.br\/prpgp\/\" target=\"_blank\" rel=\"noopener noreferrer\">site<\/a>.<a href=\"http:\/\/coral.ufsm.br\/prpgp\/\"><br \/>\n<\/a><\/p>\n<p><strong>Programas de IC internos<\/strong><\/p>\n<p>Fipe \u2013 Fundo de Incentivo \u00e0 Pesquisa: Programa de concess\u00e3o de bolsas de inicia\u00e7\u00e3o cient\u00edfica e aux\u00edlio \u00e0 pesquisa aos docentes e servidores da UFSM.<\/p>\n<p>Fipe ARD (Enxoval): aux\u00edlio rec\u00e9m doutor para os servidores que obtiveram titula\u00e7\u00e3o de doutor em at\u00e9 cinco anos anteriores ao lan\u00e7amento do edital.<\/p>\n<p>Fipe J\u00fanior: para os docentes que obtiveram titula\u00e7\u00e3o de doutor em at\u00e9 cinco anos anteriores ao lan\u00e7amento do edital.<\/p>\n<p>Fipe S\u00eanior: para os docentes que obtiveram titula\u00e7\u00e3o de doutor a mais de cinco anos ao lan\u00e7amento do edital.<\/p>\n<p>FIT \u2013 Fundo de Incentivo \u00e0 Inova\u00e7\u00e3o Tecnol\u00f3gica: Programa de concess\u00e3o de bolsas de inicia\u00e7\u00e3o \u00e0 inova\u00e7\u00e3o tecnol\u00f3gica (BIT) e aux\u00edlio a projetos de inova\u00e7\u00e3o tecnol\u00f3gica aos docentes e servidores da UFSM.<\/p>\n<p>BIC-reuni &#8211; Programa Institucional de Bolsas de Inicia\u00e7\u00e3o Cient\u00edfica: Voltado para a inicia\u00e7\u00e3o \u00e0 pesquisa de estudantes de gradua\u00e7\u00e3o sob orienta\u00e7\u00e3o de docentes contratados pelo Reuni (Programa de Reestrutura\u00e7\u00e3o e Expans\u00e3o das Universidades Federais).<\/p>\n<p><strong>Com financiamento externo<\/strong><\/p>\n<p>Pibic \u2013 Programa institucional de bolsas de Inicia\u00e7\u00e3o Cient\u00edfica (CNPq\/UFSM): Vinculado ao CNPq, voltado para o desenvolvimento do pensamento cient\u00edfico e inicia\u00e7\u00e3o \u00e0 pesquisa de estudantes de gradua\u00e7\u00e3o.<\/p>\n<p>Pibic AF \u2013 A\u00e7\u00f5es Afirmativas: Destina bolsas de IC para alunos que ingressaram na universidade atrav\u00e9s do sistema de cotas.<\/p>\n<p>Pibic EM: Vinculado ao CNPq, com objetivo de despertar a voca\u00e7\u00e3o cient\u00edfica e incentivar talentos potenciais entre estudantes do ensino m\u00e9dio ou tecnol\u00f3gico.<\/p>\n<p>Pibit \u2013 Programa Institucional de Bolsas de Inicia\u00e7\u00e3o em Desenvolvimento Tecnol\u00f3gico e Inova\u00e7\u00e3o (CNPq\/UFSM): Visa estimular estudantes do ensino t\u00e9cnico e superior ao desenvolvimento e transfer\u00eancia de novas tecnologias e inova\u00e7\u00e3o.<\/p>\n<p>Probic \u2013 Programa Institucional de Bolsas de Inicia\u00e7\u00e3o Cient\u00edfica (Fapergs\/UFSM): Voltado para o desenvolvimento do pensamento cient\u00edfico e inicia\u00e7\u00e3o \u00e0 pesquisa de estudantes de gradua\u00e7\u00e3o do ensino superior do RS.<\/p>\n<p>Proic UFSM: Programa de Bolsas de Inicia\u00e7\u00e3o Cient\u00edfica e Aux\u00edlio \u00e0 Pesquisa para os grupos de pesquisa que desenvolvem a\u00e7\u00f5es de pesquisa no \u00e2mbito do Hospital Universit\u00e1rio de Santa Maria (HUSM).<\/p>\n<p>Pivic \u2013 Programa Institucional de Volunt\u00e1rio em Inicia\u00e7\u00e3o Cient\u00edfica: programa sem pagamento de bolsa, em que o aluno tem um amparo legal da universidade para o desenvolvimento da pesquisa.<\/p>\n<p>Ci\u00eancias Sem Fronteiras: concess\u00e3o de bolsas CNPq e Capes. \u00c9 um programa espec\u00edfico em que o aluno faz sua inscri\u00e7\u00e3o para fazer parte da gradua\u00e7\u00e3o fora do pa\u00eds.<br \/>\nJovens Talentos para a Ci\u00eancia: O aluno conquista a bolsa depois de passar por uma sele\u00e7\u00e3o da Capes. Destinado a alunos do primeiro semestre da gradua\u00e7\u00e3o.<\/p>\n<p><strong>Curiosidades:<\/strong><\/p>\n<p>A Coordenadoria de Inicia\u00e7\u00e3o Cient\u00edfica \u00e9 repleta de fatos interessantes. Antes de o projeto ser aprovado em 2010, todos os programas de pesquisa estavam inseridos na Pr\u00f3-Reitoria de Gradua\u00e7\u00e3o, em uma coordenadoria de pesquisa.<\/p>\n<p>Sobre os eventos que a CIC organiza, a viagem da delega\u00e7\u00e3o para a Sociedade Brasileira de Progresso da Ci\u00eancia inclui quarenta alunos de IC, selecionados a partir da JAI anterior.<\/p>\n<p>Apesar de estar na CIC, o Programa Ci\u00eancias Sem Fronteiras n\u00e3o \u00e9 propriamente para a pesquisa. \u00c9 uma bolsa para que o aluno se mantenha no exterior, com praticamente custo zero, de 12 a 18 meses. Para ficar 18 meses, \u00e9 necess\u00e1rio que o aluno esteja, tamb\u00e9m, estagiando.<\/p>\n","protected":false},"excerpt":{"rendered":"<p>Programas de pesquisa auxiliam na gradua\u00e7\u00e3o Leticia Malinoski\u00a0\u2013\u00a0m_alisouza@hotmail.com Lu\u00edza Tavares\u00a0\u2013\u00a0violetalu@hotmail.com A Inicia\u00e7\u00e3o Cient\u00edfica (IC) coloca em contato os alunos com os grupos de pesquisa para proporcionar ao aluno, orientado por pesquisador e profissional experiente, a aprendizagem de t\u00e9cnicas e m\u00e9todos cient\u00edficos. Al\u00e9m disso, o programa de IC estimula o desenvolvimento do pensar cient\u00edfico o mais [&hellip;]<\/p>\n","protected":false},"author":1313,"featured_media":0,"comment_status":"closed","ping_status":"closed","sticky":false,"template":"","format":"standard","meta":{"footnotes":""},"categories":[23,181],"tags":[41],"class_list":["post-1165","post","type-post","status-publish","format-standard","hentry","category-17aedicao","category-sem-imagem-destacada-pt-17aedicao","tag-ed17"],"acf":[],"_links":{"self":[{"href":"https:\/\/www.ufsm.br\/midias\/experimental\/revistatxt\/wp-json\/wp\/v2\/posts\/1165","targetHints":{"allow":["GET"]}}],"collection":[{"href":"https:\/\/www.ufsm.br\/midias\/experimental\/revistatxt\/wp-json\/wp\/v2\/posts"}],"about":[{"href":"https:\/\/www.ufsm.br\/midias\/experimental\/revistatxt\/wp-json\/wp\/v2\/types\/post"}],"author":[{"embeddable":true,"href":"https:\/\/www.ufsm.br\/midias\/experimental\/revistatxt\/wp-json\/wp\/v2\/users\/1313"}],"replies":[{"embeddable":true,"href":"https:\/\/www.ufsm.br\/midias\/experimental\/revistatxt\/wp-json\/wp\/v2\/comments?post=1165"}],"version-history":[{"count":0,"href":"https:\/\/www.ufsm.br\/midias\/experimental\/revistatxt\/wp-json\/wp\/v2\/posts\/1165\/revisions"}],"wp:attachment":[{"href":"https:\/\/www.ufsm.br\/midias\/experimental\/revistatxt\/wp-json\/wp\/v2\/media?parent=1165"}],"wp:term":[{"taxonomy":"category","embeddable":true,"href":"https:\/\/www.ufsm.br\/midias\/experimental\/revistatxt\/wp-json\/wp\/v2\/categories?post=1165"},{"taxonomy":"post_tag","embeddable":true,"href":"https:\/\/www.ufsm.br\/midias\/experimental\/revistatxt\/wp-json\/wp\/v2\/tags?post=1165"}],"curies":[{"name":"wp","href":"https:\/\/api.w.org\/{rel}","templated":true}]}}