{"id":3346,"date":"2020-07-02T15:11:39","date_gmt":"2020-07-02T18:11:39","guid":{"rendered":"https:\/\/www.ufsm.br\/midias\/experimental\/revistatxt\/?p=3346"},"modified":"2020-07-24T15:20:46","modified_gmt":"2020-07-24T18:20:46","slug":"um-sonho-interrompido","status":"publish","type":"post","link":"https:\/\/www.ufsm.br\/midias\/experimental\/revistatxt\/2020\/07\/02\/um-sonho-interrompido","title":{"rendered":"Um sonho interrompido"},"content":{"rendered":"\n<p class=\"has-text-align-right\">&nbsp;Calouros relatam a frustra\u00e7\u00e3o de n\u00e3o estarem vivendo a t\u00e3o esperada rotina no campus.<\/p>\n\n\n<p><span style=\"font-weight: 400\">\u201cE<\/span><span style=\"font-weight: 400\">stou tendo que fazer a faculdade sem saber o que ela realmente \u00e9\u201d. A fala de Jo\u00e3o Pedro Terra Coelho, 19 anos, calouro do curso de Educa\u00e7\u00e3o F\u00edsica, resume a situa\u00e7\u00e3o vivida pelos ingressantes na Universidade Federal de Santa Maria (UFSM), em 2020. Assim como ele, grande parte dos alunos tem encontrado dificuldades em cursar o primeiro semestre \u00e0 dist\u00e2ncia. Entrevistamos<\/span> <span style=\"font-weight: 400\">cinco calouros que relataram suas maiores adversidades nesse per\u00edodo. Problemas como absor\u00e7\u00e3o de conte\u00fado, exaust\u00e3o mental, falta de apoio e o desconhecimento do ambiente universit\u00e1rio est\u00e3o entre seus relatos.\u00a0<\/span><\/p>\n<p><span style=\"font-weight: 400\">\u00a0<\/span><span style=\"font-weight: 400\">\u00a0\u00a0No dia 16 de mar\u00e7o, os estudantes da\u00a0 UFSM receberam a not\u00edcia da suspens\u00e3o das atividades presenciais devido ao avan\u00e7o do novo Coronav\u00edrus (Covid-19) e sua gravidade.\u00a0 Bianca Wolff, 17 anos, iniciou seus estudos em\u00a0 Terapia Ocupacional na UFSM e diz ter ficado chateada, pois estava muito ansiosa para ter suas primeiras aulas no Campus.<\/span><\/p>\n<p><span style=\"font-weight: 400\">\u00a0\u201cA minha experi\u00eancia com a Universidade foi muito boa, at\u00e9 melhor do que eu esperava em rela\u00e7\u00e3o \u00e0 integra\u00e7\u00e3o e estrutura, eu estava muito animada.\u201d A acad\u00eamica conta que sua motiva\u00e7\u00e3o \u201cestava a mil\u201d, com muita vontade de aprender, mas infelizmente com as atividades online, acabou se desmotivando. \u201cO aprendizado est\u00e1 bem escasso e prejudicado\u201d\u00a0 desabafa Bianca.<\/span><\/p>\n<figure id=\"attachment_3349\" aria-describedby=\"caption-attachment-3349\" style=\"width: 370px\" class=\"wp-caption aligncenter\"><img fetchpriority=\"high\" decoding=\"async\" class=\"wp-image-3349\" src=\"https:\/\/www.ufsm.br\/midias\/experimental\/revistatxt\/wp-content\/uploads\/sites\/714\/2020\/07\/20200630_133104-241x300.jpg\" alt=\"Descri\u00e7\u00e3o de Imagem: Fotografia vertical e colorida de Bianca. O enquadramento \u00e9 um Plano M\u00e9dio.  Bianca tem pele branca, seu cabelo tem comprimento curto, \u00e9 ondulado e colorido com tons de azul, e rosa e verde; seus olhos s\u00e3o azuis e possui uma tatuagem pequena no pulso esquerdo. Veste uma camisa de manga curta estampada em tons de marrom sobre uma blusa azul. Usa um colar duplo na cor dourada dourado e um el\u00e1stico preto no pulso direito. O bra\u00e7o esquerdo volta-se para o rosto, com o punho fechado logo abaixo da mand\u00edbula; o bra\u00e7o direito segura o cabelo atr\u00e1s da orelha. Sua express\u00e3o \u00e9 s\u00e9ria e ela olha para a frente. Ao fundo, dois lustres de cor ros\u00ea desfocados e dispostos em um teto branco.\" width=\"370\" height=\"461\" srcset=\"https:\/\/www.ufsm.br\/app\/uploads\/sites\/714\/2020\/07\/20200630_133104-241x300.jpg 241w, https:\/\/www.ufsm.br\/app\/uploads\/sites\/714\/2020\/07\/20200630_133104-822x1024.jpg 822w, https:\/\/www.ufsm.br\/app\/uploads\/sites\/714\/2020\/07\/20200630_133104-768x957.jpg 768w, https:\/\/www.ufsm.br\/app\/uploads\/sites\/714\/2020\/07\/20200630_133104.jpg 1045w\" sizes=\"(max-width: 370px) 100vw, 370px\" \/><figcaption id=\"caption-attachment-3349\" class=\"wp-caption-text\"><em>Bianca Wolff, estudante de Terapia Ocupacional<\/em><\/figcaption><\/figure>\n<p><span style=\"font-weight: 400\">\u00a0 A alternativa encontrada pela UFSM para dar continuidade ao semestre foi de implementar o Regime de Exerc\u00edcios Domiciliares Especiais, (REDE). <\/span><a href=\"http:\/\/portal.mec.gov.br\/coronavirus\/\"><span style=\"font-weight: 400\">Segundo dados levantados pelo MEC<\/span><\/a><span style=\"font-weight: 400\">, das 69 universidades federais do Brasil, a UFSM \u00e9 uma entre as seis que aderiram \u00e0s atividades remotas, tamb\u00e9m sendo a \u00fanica do Rio Grande do Sul, enquanto as outras seguem com atividades suspensas.\u00a0<\/span><\/p>\n<p><b>Cada curso, uma dificuldade<\/b><\/p>\n<p><span style=\"font-weight: 400\">\u00a0<\/span><span style=\"font-weight: 400\">Gabriel Alves, 20 anos, calouro do curso de Arquitetura e Urbanismo, saiu de Frederico <\/span><span style=\"font-weight: 400\">Westphalen, <\/span><span style=\"font-weight: 400\">cidade de apenas 30 mil habitantes para estudar em Santa Maria. Gabriel dava seus primeiros passos para a vida adulta, mudou a rotina e come\u00e7ou a dividir apartamento com amigos.<\/span><\/p>\n<p><span style=\"font-weight: 400\">\u00a0 <\/span><span style=\"font-weight: 400\">Ao se deparar com a imensid\u00e3o da UFSM, ele conta que teve uma boa experi\u00eancia na primeira semana, conheceu seus colegas e alguns professores. Por\u00e9m, o in\u00edcio dessa importante etapa foi interrompido. Por seu curso ser mais pr\u00e1tico, Gabriel diz que a dist\u00e2ncia acaba dificultando a absor\u00e7\u00e3o do conte\u00fado.<\/span><\/p>\n<p><span style=\"font-weight: 400\">\u00a0 <\/span><span style=\"font-weight: 400\">De acordo com a reitoria, o <\/span><a href=\"https:\/\/www.ufsm.br\/wp-content\/uploads\/2020\/03\/INSTRU%C3%87%C3%83O-NORMATIVA-CEBTT-01-2020.pdf.pdf\"><span style=\"font-weight: 400\">REDE<\/span><\/a><span style=\"font-weight: 400\"> tem como objetivo manter os professores e estudantes em contato, facilitando a continuidade das disciplinas te\u00f3ricas. No entanto, em cursos majoritariamente pr\u00e1ticos, o Regime se torna controverso. Das nove disciplinas ofertadas no 1<\/span><span style=\"font-weight: 400\">\u00ba<\/span><span style=\"font-weight: 400\"> semestre de Arquitetura, apenas uma aderiu \u00e0s atividades remotas.<\/span><\/p>\n<p><span style=\"font-weight: 400\">\u00a0 \u201cEst\u00e1vamos tendo aula em apenas uma cadeira, a de Hist\u00f3ria da Arte, que envolvia mais teoria, ent\u00e3o foi poss\u00edvel termos o conte\u00fado. Praticamente todas as cadeiras s\u00e3o pr\u00e1ticas, por isso os professores n\u00e3o conseguiram elaborar nada para fazermos \u00e0 dist\u00e2ncia.\u201d conta Gabriel.<\/span><\/p>\n<figure id=\"attachment_3386\" aria-describedby=\"caption-attachment-3386\" style=\"width: 355px\" class=\"wp-caption aligncenter\"><img decoding=\"async\" class=\"wp-image-3386\" src=\"https:\/\/www.ufsm.br\/midias\/experimental\/revistatxt\/wp-content\/uploads\/sites\/714\/2020\/07\/Foto-3-244x300.jpeg\" alt=\"Descri\u00e7\u00e3o de Imagem: Fotografia vertical e colorida de um menino sorrindo. Gabriel aparece em primeiro plano, do peitoral para cima. Ele olha para a esquerda da imagem. No canto inferior esquerdo aparece uma parte de sua m\u00e3o esquerda. Gabriel \u00e9 pardo, tem olhos escuros e cabelos \u00e9 castanho escuros, curtos e cacheados. Ele sorri e usa um \u00f3culos de arma\u00e7\u00e3o quadrada na cor preta. Gabriel veste um casaco preto com listras brancas nas mangas, aberto. Por baixo, veste uma camiseta cinza, com a frase \u201cTommy\u201d em caixa alta e na cor preta. Ao fundo, um bosque da UFSM, com \u00e1rvores em tons de verde.\" width=\"355\" height=\"436\" srcset=\"https:\/\/www.ufsm.br\/app\/uploads\/sites\/714\/2020\/07\/Foto-3-244x300.jpeg 244w, https:\/\/www.ufsm.br\/app\/uploads\/sites\/714\/2020\/07\/Foto-3-832x1024.jpeg 832w, https:\/\/www.ufsm.br\/app\/uploads\/sites\/714\/2020\/07\/Foto-3-768x945.jpeg 768w, https:\/\/www.ufsm.br\/app\/uploads\/sites\/714\/2020\/07\/Foto-3.jpeg 1040w\" sizes=\"(max-width: 355px) 100vw, 355px\" \/><figcaption id=\"caption-attachment-3386\" class=\"wp-caption-text\"><em>Gabriel Alves, estudante de Arquitetura e Urbanismo<\/em><\/figcaption><\/figure>\n<p><span style=\"font-weight: 400\">\u00a0Ao contr\u00e1rio dos cursos com mais carga hor\u00e1ria pr\u00e1tica, os te\u00f3ricos conseguiram ter um certo avan\u00e7o em suas atividades, por\u00e9m, encontraram novos obst\u00e1culos. O cen\u00e1rio \u00e9 outro, pois a maioria das cadeiras se adaptaram \u00e0s atividades remotas, consequentemente tendo mais conte\u00fado.\u00a0<\/span><\/p>\n<p><span style=\"font-weight: 400\">\u00a0\u201c\u00c9 uma mudan\u00e7a muito radical do ensino m\u00e9dio para o ensino superior, principalmente o estilo e n\u00edvel de escrita dos textos. S\u00e3o conte\u00fados que eu gosto e quero aprender, mas eu leio os textos e n\u00e3o entendo\u201d, relata Camila Gasparin, 18 anos.<\/span><\/p>\n<p><span style=\"font-weight: 400\">\u00a0Camila \u00e9 caloura no curso de Hist\u00f3ria e conta que das sete disciplinas obrigat\u00f3rias, somente em uma n\u00e3o est\u00e1 tendo aula.<\/span> <span style=\"font-weight: 400\">Em decorr\u00eancia da grande demanda de atividades e a n\u00e3o adapta\u00e7\u00e3o ao modelo virtual, sua sa\u00fade mental foi afetada. Camila comenta ter enfrentado crises de ansiedade e de depress\u00e3o, chegando ao ponto de desistir de realizar as atividades do semestre. A fim de dar um novo come\u00e7o, ela pretende refazer a prova do Enem para tentar passar no pr\u00f3ximo ano, no mesmo curso<\/span><span style=\"font-weight: 400\">.\u00a0<\/span><\/p>\n<figure id=\"attachment_3352\" aria-describedby=\"caption-attachment-3352\" style=\"width: 388px\" class=\"wp-caption aligncenter\"><img decoding=\"async\" class=\"wp-image-3352\" src=\"https:\/\/www.ufsm.br\/midias\/experimental\/revistatxt\/wp-content\/uploads\/sites\/714\/2020\/07\/IMG-20200630-WA0013-225x300.jpg\" alt=\"Descri\u00e7\u00e3o de Imagem: Fotografia vertical e colorida que destaca a face de uma menina. Camila destaca-se em primeiro plano do ombro para cima. Tem pele branca, olhos escuros, e  cabelos curtos, cacheados e na cor preta. Ela t\u00eam express\u00e3o s\u00e9ria. Veste uma camiseta preta lisa. O fundo tem paredes na cor bege e est\u00e1 escurecido. No lado esquerdo, h\u00e1 uma estante de livros com lombada em tons de vermelho e azul.\" width=\"388\" height=\"517\" srcset=\"https:\/\/www.ufsm.br\/app\/uploads\/sites\/714\/2020\/07\/IMG-20200630-WA0013-225x300.jpg 225w, https:\/\/www.ufsm.br\/app\/uploads\/sites\/714\/2020\/07\/IMG-20200630-WA0013-770x1024.jpg 770w, https:\/\/www.ufsm.br\/app\/uploads\/sites\/714\/2020\/07\/IMG-20200630-WA0013-768x1022.jpg 768w, https:\/\/www.ufsm.br\/app\/uploads\/sites\/714\/2020\/07\/IMG-20200630-WA0013.jpg 962w\" sizes=\"(max-width: 388px) 100vw, 388px\" \/><figcaption id=\"caption-attachment-3352\" class=\"wp-caption-text\"><em>Camila Gasparin, estudante de Hist\u00f3ria<\/em><\/figcaption><\/figure>\n<p><b>A aus\u00eancia de aux\u00edlio<\/b><\/p>\n<p><span style=\"font-weight: 400\">\u00a0Entre as dificuldades enfrentadas pelos estudantes, est\u00e1 a falta de acessibilidade de alguns professores. Fator que prejudica ainda mais a vida de um calouro, como \u00e9 o caso de Anna Luiza Porto Bergamo, 18 anos, do curso de Fisioterapia. \u201cEstou tendo que correr atr\u00e1s de tudo sozinha, sem ter um material bom de apoio, sem ter professor esclarecendo d\u00favida, alguns at\u00e9 mesmo se recusam\u201d.\u00a0<\/span><\/p>\n<p><span style=\"font-weight: 400\">\u00a0Por seu curso ser da \u00e1rea da sa\u00fade, a maioria das disciplinas s\u00e3o pr\u00e1ticas. Anna confessa j\u00e1 ter pensado em desistir do semestre, pois sente que n\u00e3o aprende e entende o suficiente. Dos cinco calouros entrevistados, Anna \u00e9 a \u00fanica que j\u00e1 teve contato com ensino \u00e0 dist\u00e2ncia. Ela conta que durante o Ensino M\u00e9dio realizou um curso preparat\u00f3rio online para o Enem, mas isso n\u00e3o torna sua experi\u00eancia mais simples.<\/span><\/p>\n<p><span style=\"font-weight: 400\">\u00a0Apesar de n\u00e3o ser uma realidade f\u00e1cil, Anna reconhece a import\u00e2ncia da suspens\u00e3o das atividades presenciais. \u201cO meu maior medo era ir em uma aula, acabar me contaminando e contaminar outras pessoas\u2026 no momento que a gente se encontra, n\u00e3o tem uma possibilidade de retorno e ser saud\u00e1vel pra cidade inteira.\u201d<\/span><\/p>\n<figure id=\"attachment_3354\" aria-describedby=\"caption-attachment-3354\" style=\"width: 380px\" class=\"wp-caption aligncenter\"><img loading=\"lazy\" decoding=\"async\" class=\"wp-image-3354\" src=\"https:\/\/www.ufsm.br\/midias\/experimental\/revistatxt\/wp-content\/uploads\/sites\/714\/2020\/07\/Foto-Anna-275x300.jpg\" alt=\"Descri\u00e7\u00e3o de Imagem: Fotografia vertical e colorida de Anna, que sorri. O enquadramento da fotografia \u00e9 o Plano M\u00e9dio. Ela tem pele branca, olhos escuros, cabelo preto, de comprimento m\u00e9dio e ondulado; ela sorri. Seu rosto est\u00e1 pintado: em sua testa, a frase \u201cBIXO\u201d, em tinta vermelha. A ponta do seu nariz est\u00e1 pintada com tinta vermelha e suas bochechas est\u00e3o pintadas com tinta verde. A menina veste uma camiseta laranja de manga curta e na diagonal de seu tronco transpassa uma faixa verde. Ela est\u00e1 embaixo de um quiosque marrom e ao fundo, pessoas dispostas de forma aleat\u00f3ria, e \u00e1rvores em tons de verde.\" width=\"380\" height=\"413\" srcset=\"https:\/\/www.ufsm.br\/app\/uploads\/sites\/714\/2020\/07\/Foto-Anna-275x300.jpg 275w, https:\/\/www.ufsm.br\/app\/uploads\/sites\/714\/2020\/07\/Foto-Anna-940x1024.jpg 940w, https:\/\/www.ufsm.br\/app\/uploads\/sites\/714\/2020\/07\/Foto-Anna-768x837.jpg 768w, https:\/\/www.ufsm.br\/app\/uploads\/sites\/714\/2020\/07\/Foto-Anna.jpg 1175w\" sizes=\"(max-width: 380px) 100vw, 380px\" \/><figcaption id=\"caption-attachment-3354\" class=\"wp-caption-text\"><em>Anna Bergamo, estudante de Fisioterapia<\/em><\/figcaption><\/figure>\n<p><b>O que dizem as entidades<\/b><\/p>\n<p><span style=\"font-weight: 400\">\u00a0O <\/span><a href=\"https:\/\/www.facebook.com\/dcedaufsm\"><span style=\"font-weight: 400\">Diret\u00f3rio Central dos Estudantes (DCE)<\/span><\/a><span style=\"font-weight: 400\">, atua como a representa\u00e7\u00e3o dos universit\u00e1rios, promovem debates e mobiliza\u00e7\u00f5es. O DCE da UFSM se manifestou em suas redes sociais e assumiu uma posi\u00e7\u00e3o contr\u00e1ria ao REDE.<\/span><\/p>\n<figure id=\"attachment_3355\" aria-describedby=\"caption-attachment-3355\" style=\"width: 585px\" class=\"wp-caption aligncenter\"><img loading=\"lazy\" decoding=\"async\" class=\"wp-image-3355\" src=\"https:\/\/www.ufsm.br\/midias\/experimental\/revistatxt\/wp-content\/uploads\/sites\/714\/2020\/07\/Foto-dce-1-300x125.jpg\" alt=\"Descri\u00e7\u00e3o de Imagem: Ilustra\u00e7\u00e3o horizontal e amarela com escritos em preto. Nela, a frase \u201cPELA SUSPENS\u00c3O IMEDIATA DO REDE\u201d, na qual a palavra \u201cIMEDIATA\u201d destaca-se com as letras vazadas em um ret\u00e2ngulo preto. Abaixo, em fonte menor, a frase \u201cE CONSTRU\u00c7\u00c3O DO DI\u00c1LOGO POR OUTRA ALTERNATIVA EMERGENCIAL\u201d, ambas na cor preta. No canto superior direito, h\u00e1 uma bandeira preta com a logo \u201cDCE\u201d, em letras vazadas. O fundo da imagem \u00e9 na cor amarelo vivo.\" width=\"585\" height=\"244\" srcset=\"https:\/\/www.ufsm.br\/app\/uploads\/sites\/714\/2020\/07\/Foto-dce-1-300x125.jpg 300w, https:\/\/www.ufsm.br\/app\/uploads\/sites\/714\/2020\/07\/Foto-dce-1-768x320.jpg 768w, https:\/\/www.ufsm.br\/app\/uploads\/sites\/714\/2020\/07\/Foto-dce-1.jpg 960w\" sizes=\"(max-width: 585px) 100vw, 585px\" \/><figcaption id=\"caption-attachment-3355\" class=\"wp-caption-text\"><em>Foto de capa do Facebook do DCE<\/em><\/figcaption><\/figure>\n<p><span style=\"font-weight: 400\">\u00a0Logo no in\u00edcio da suspens\u00e3o das atividades presenciais, o DCE encaminhou uma carta \u00e0 reitoria, onde recomendou a suspens\u00e3o integral das atividades acad\u00eamicas, visando garantir que os estudantes n\u00e3o seriam prejudicados.<\/span><\/p>\n<p><span style=\"font-weight: 400\">\u00a0\u201cDesde o in\u00edcio, parece que n\u00e3o h\u00e1 disposi\u00e7\u00e3o de construir coletivamente uma sa\u00edda para a crise, pois n\u00e3o se escuta a posi\u00e7\u00e3o dos estudantes e h\u00e1 a implementa\u00e7\u00e3o de forma unilateral de uma modalidade de ensino que n\u00e3o leva em conta as especificidades de forma\u00e7\u00e3o.\u201d afirma o DCE em nota nas redes sociais.<\/span><\/p>\n<p><span style=\"font-weight: 400\">\u00a0Um dos argumentos utilizados pela entidade \u00e9 de que a ades\u00e3o ao Regime n\u00e3o foi uniforme em toda a Universidade. O descontentamento dos estudantes com o REDE se mostra a partir do abaixo-assinado feito pelo DCE, no dia 4 de maio, no qual se\u00a0 reuniu mais de 5.000 assinaturas a favor do cancelamento do semestre.<\/span><\/p>\n<p><span style=\"font-weight: 400\">\u00a0Em nota da Prograd (Pr\u00f3-Reitoria de Gradua\u00e7\u00e3o), a professora e tamb\u00e9m pr\u00f3-reitora Martha Adaime, afirma que o Regime tem sido positivo \u201c<\/span><span style=\"font-weight: 400\">Esta experi\u00eancia mostrou a muitos que \u00e9 poss\u00edvel trabalhar remotamente com qualidade\u201d afirma Martha.<\/span><\/p>\n<p><span style=\"font-weight: 400\">\u00a0<\/span><span style=\"font-weight: 400\">\u00a0No entanto, uma pesquisa de opini\u00e3o p\u00fablica realizada pelo DCE, com cerca de 1600\u00a0 estudantes de diferentes cursos e semestres da UFSM, revelou uma distinta realidade. Ao serem questionados sobre o REDE, apenas 11,3% dos alunos disseram estar satisfeitos com o Regime.<\/span><\/p>\n<figure id=\"attachment_3357\" aria-describedby=\"caption-attachment-3357\" style=\"width: 644px\" class=\"wp-caption aligncenter\"><img loading=\"lazy\" decoding=\"async\" class=\"wp-image-3357\" src=\"https:\/\/www.ufsm.br\/midias\/experimental\/revistatxt\/wp-content\/uploads\/sites\/714\/2020\/07\/Foto-dce-2-300x116.jpg\" alt=\"Descri\u00e7\u00e3o de Imagem: Gr\u00e1fico de pizza, horizontal e colorido em fundo na cor branca. As cores do gr\u00e1fico s\u00e3o laranja, vermelho e azul. Na parte superior da imagem, a frase \u201cVoc\u00ea se sente confort\u00e1vel com esse Regime de Exerc\u00edcios Domiciliares Especiais (REDE)?\u201d. Abaixo, em fonte menor, a frase, \u201c1.606 respostas\u201d. No centro da imagem, o gr\u00e1fico, com as porcentagens escritas na cor branca, dentro das fatias do gr\u00e1fico: A parte laranja com 46,3%, a vermelha com 42,3% e a azul com 11,3%. No lado direito da imagem, a legenda do gr\u00e1fico, que indica a cor azul como a frase: \u201csim, estou gostando do modelo\u201d, a cor vermelha na frase: \u201cem partes, estou tendo algumas dificuldades de adapta\u00e7\u00e3o e\/ou acesso\u201d, e a cor amarela na frase \u201cn\u00e3o\u201d.\" width=\"644\" height=\"249\" srcset=\"https:\/\/www.ufsm.br\/app\/uploads\/sites\/714\/2020\/07\/Foto-dce-2-300x116.jpg 300w, https:\/\/www.ufsm.br\/app\/uploads\/sites\/714\/2020\/07\/Foto-dce-2.jpg 561w\" sizes=\"(max-width: 644px) 100vw, 644px\" \/><figcaption id=\"caption-attachment-3357\" class=\"wp-caption-text\"><em>Fonte: relat\u00f3rio da pesquisa de opini\u00e3o p\u00fablica sobre o REDE<\/em><\/figcaption><\/figure>\n<p><b>Um retorno incerto<\/b><\/p>\n<p><b>\u00a0<\/b><span style=\"font-weight: 400\">Em consequ\u00eancia do crescente n\u00famero de casos da Covid-19 pelo pa\u00eds, um poss\u00edvel retorno das atividades presenciais ainda \u00e9 visto como fora de cogita\u00e7\u00e3o. O vice-reitor da UFSM, Luciano Schuch, declarou no dia 29 de maio, que n\u00e3o h\u00e1 perspectiva de retorno num futuro t\u00e3o pr\u00f3ximo. A <\/span><a href=\"http:\/\/www.in.gov.br\/en\/web\/dou\/-\/portaria-n-544-de-16-de-junho-de-2020-261924872\"><span style=\"font-weight: 400\">\u00a0Portaria do MEC <\/span><\/a><span style=\"font-weight: 400\">\u00a0tamb\u00e9m estendeu a autoriza\u00e7\u00e3o de aulas a dist\u00e2ncia at\u00e9 o fim de 2020 em universidades federais.<\/span><\/p>\n<p><span style=\"font-weight: 400\">\u00a0\u00a0<\/span><span style=\"font-weight: 400\">A UFSM informa que analisa constantemente os impactos relativos a um poss\u00edvel retorno. No entanto, o Gabinete do Reitor reitera que as atividades acad\u00eamicas seguem de forma remota e, no momento, as aulas continuam suspensas at\u00e9 dia 14 de julho.<\/span><\/p>\n<p style=\"text-align: right\"><em>Reportagem: Alissa de Oliveira e Rebeca Kroll<\/em><\/p>","protected":false},"excerpt":{"rendered":"<p>&nbsp;Calouros relatam a frustra\u00e7\u00e3o de n\u00e3o estarem vivendo a t\u00e3o esperada rotina no campus. \u201cEstou tendo que fazer a faculdade sem saber o que ela realmente \u00e9\u201d. A fala de Jo\u00e3o Pedro Terra Coelho, 19 anos, calouro do curso de Educa\u00e7\u00e3o F\u00edsica, resume a situa\u00e7\u00e3o vivida pelos ingressantes na Universidade Federal de Santa Maria (UFSM), [&hellip;]<\/p>\n","protected":false},"author":2889,"featured_media":3348,"comment_status":"closed","ping_status":"closed","sticky":false,"template":"","format":"standard","meta":{"footnotes":""},"categories":[241,8,242,247],"tags":[],"class_list":["post-3346","post","type-post","status-publish","format-standard","has-post-thumbnail","hentry","category-25-edicao","category-editoria","category-especial","category-semana-1"],"acf":[],"_links":{"self":[{"href":"https:\/\/www.ufsm.br\/midias\/experimental\/revistatxt\/wp-json\/wp\/v2\/posts\/3346","targetHints":{"allow":["GET"]}}],"collection":[{"href":"https:\/\/www.ufsm.br\/midias\/experimental\/revistatxt\/wp-json\/wp\/v2\/posts"}],"about":[{"href":"https:\/\/www.ufsm.br\/midias\/experimental\/revistatxt\/wp-json\/wp\/v2\/types\/post"}],"author":[{"embeddable":true,"href":"https:\/\/www.ufsm.br\/midias\/experimental\/revistatxt\/wp-json\/wp\/v2\/users\/2889"}],"replies":[{"embeddable":true,"href":"https:\/\/www.ufsm.br\/midias\/experimental\/revistatxt\/wp-json\/wp\/v2\/comments?post=3346"}],"version-history":[{"count":0,"href":"https:\/\/www.ufsm.br\/midias\/experimental\/revistatxt\/wp-json\/wp\/v2\/posts\/3346\/revisions"}],"wp:featuredmedia":[{"embeddable":true,"href":"https:\/\/www.ufsm.br\/midias\/experimental\/revistatxt\/wp-json\/wp\/v2\/media\/3348"}],"wp:attachment":[{"href":"https:\/\/www.ufsm.br\/midias\/experimental\/revistatxt\/wp-json\/wp\/v2\/media?parent=3346"}],"wp:term":[{"taxonomy":"category","embeddable":true,"href":"https:\/\/www.ufsm.br\/midias\/experimental\/revistatxt\/wp-json\/wp\/v2\/categories?post=3346"},{"taxonomy":"post_tag","embeddable":true,"href":"https:\/\/www.ufsm.br\/midias\/experimental\/revistatxt\/wp-json\/wp\/v2\/tags?post=3346"}],"curies":[{"name":"wp","href":"https:\/\/api.w.org\/{rel}","templated":true}]}}