{"id":3487,"date":"2021-08-25T10:00:00","date_gmt":"2021-08-25T13:00:00","guid":{"rendered":"https:\/\/www.ufsm.br\/midias\/experimental\/revistatxt\/?p=3487"},"modified":"2021-08-25T10:54:44","modified_gmt":"2021-08-25T13:54:44","slug":"editorial-2","status":"publish","type":"post","link":"https:\/\/www.ufsm.br\/midias\/experimental\/revistatxt\/2021\/08\/25\/editorial-2","title":{"rendered":"Editorial"},"content":{"rendered":"\n<figure class=\"wp-block-image size-large is-resized\"><img fetchpriority=\"high\" decoding=\"async\" src=\"https:\/\/www.ufsm.br\/app\/uploads\/sites\/714\/2021\/08\/ex2-1024x686.jpg\" alt=\"\" class=\"wp-image-3479\" width=\"1287\" height=\"862\" srcset=\"https:\/\/www.ufsm.br\/app\/uploads\/sites\/714\/2021\/08\/ex2-1024x686.jpg 1024w, https:\/\/www.ufsm.br\/app\/uploads\/sites\/714\/2021\/08\/ex2-300x201.jpg 300w, https:\/\/www.ufsm.br\/app\/uploads\/sites\/714\/2021\/08\/ex2-768x515.jpg 768w, https:\/\/www.ufsm.br\/app\/uploads\/sites\/714\/2021\/08\/ex2-1536x1029.jpg 1536w, https:\/\/www.ufsm.br\/app\/uploads\/sites\/714\/2021\/08\/ex2-272x182.jpg 272w, https:\/\/www.ufsm.br\/app\/uploads\/sites\/714\/2021\/08\/ex2.jpg 1600w\" sizes=\"(max-width: 1287px) 100vw, 1287px\" \/><\/figure>\n\n\n\n<p><strong>ESPERAN\u00c7A<\/strong><\/p>\n\n\n\n<p>Esta \u00e9 a 26\u00ba edi\u00e7\u00e3o da revista .TXT, a segunda produzida totalmente \u00e0 dist\u00e2ncia. Os rep\u00f3rteres encontram-se em suas casas, dos mais diversos lugares do Brasil, devido ao contexto pand\u00eamico que continua a alterar a vida das pessoas em todo o mundo. As conversas que fizemos face a face por apenas uma semana, no in\u00edcio de mar\u00e7o de 2020, seguiram pelo WhatsApp, Google Meet, Telegram, E-mail e outras plataformas digitais. As atividades em formato remoto tornaram-se necess\u00e1rias, mas nos deixam dependentes de telas e computadores.&nbsp;<\/p>\n\n\n\n<p>Ao contr\u00e1rio da edi\u00e7\u00e3o anterior, a 26\u00ba ganhou novos ares, ares de esperan\u00e7a! Gra\u00e7as \u00e0 vacina\u00e7\u00e3o. \u00c9 evidente que seguimos \u00e0 espera da rotina agitada da Universidade, as idas de um pr\u00e9dio a outro, a Biblioteca, o RU, a parada para um caf\u00e9 e um bate papo no gramado. Temos esperan\u00e7a de nos encontrarmos no pr\u00f3ximo ano, na fila da ATU, no almo\u00e7o no RU, em sala de aula\u2026 J\u00e1 imaginou?&nbsp;&nbsp;&nbsp;<\/p>\n\n\n\n<p>Em 2021, trazemos temas que abordam a realidade dos estudantes, a estrutura da Universidade, a import\u00e2ncia da UFSM para Santa Maria e regi\u00e3o,&nbsp; as adapta\u00e7\u00f5es na produ\u00e7\u00e3o cultural e no esporte, a esperan\u00e7a trazida pelas vacinas. Ao falar sobre as viv\u00eancias e perspectivas dos alunos, \u00e9 poss\u00edvel entender os impactos de mais de um ano no sistema Rede em nosso cotidiano, a adequa\u00e7\u00e3o \u00e0s novas plataformas e m\u00e9todos, as dificuldades experienciadas neste percurso, a resist\u00eancia, a luta e tamb\u00e9m o anseio pelo retorno presencial das atividades, agora n\u00e3o mais t\u00e3o distante. Al\u00e9m disso, trazemos o olhar daqueles que n\u00e3o deixaram a UFSM parar e a fazem ser reconhecida como sempre foi.<\/p>\n\n\n\n<p>A 26\u00aa edi\u00e7\u00e3o exp\u00f5e tamb\u00e9m a relev\u00e2ncia da Universidade, que atua na pandemia por meio de projetos de ensino, pesquisa e extens\u00e3o, e, mesmo com os campi fechados para visita\u00e7\u00e3o, n\u00e3o deixou de ser&nbsp; uma refer\u00eancia para aqueles que a conhecem. Neste ano, enfatizamos o resgate hist\u00f3rico do contato com as comunidades quilombolas da regi\u00e3o e mostramos suas tradi\u00e7\u00f5es e costumes. Na cultura, relatamos as adapta\u00e7\u00f5es adotadas para driblar as dificuldades e produzir conte\u00fado audiovisual e sonoro.&nbsp;<\/p>\n\n\n\n<p>Abordamos ainda as mudan\u00e7as realizadas no esporte, mais especificamente na UFSM Futsal, que reorganizou sua rotina de treinos por causa da pandemia. Foi preciso&nbsp; tamb\u00e9m fazer ajustes nas aulas pr\u00e1ticas do CEFD, adequadas para que cada aluno as realizasse de casa. No entanto, com a vacina\u00e7\u00e3o, a esperan\u00e7a de voltar a realizar tais tarefas na Universidade nunca esteve t\u00e3o presente quanto agora. A UFSM segue como palco de testes de vacinas contra o coronav\u00edrus, cumpre um papel fundamental para que elas estejam dispon\u00edveis \u00e0 popula\u00e7\u00e3o e mostrem a import\u00e2ncia da valoriza\u00e7\u00e3o da ci\u00eancia.&nbsp;<\/p>\n\n\n\n<p>Em mais uma edi\u00e7\u00e3o, tamb\u00e9m hist\u00f3rica, a .TXT carrega hist\u00f3rias que marcam a UFSM e o per\u00edodo em que vivemos. Entre adapta\u00e7\u00f5es e ainda incertezas, surgiram pautas, fontes, apuramos, debatemos e constru\u00edmos uma edi\u00e7\u00e3o repleta de informa\u00e7\u00e3o, dados e tamb\u00e9m viv\u00eancias. Neste n\u00famero, novamente, fica evidente o papel do jornalismo de construir mem\u00f3ria, ser um registro do presente e tamb\u00e9m esperan\u00e7a em rela\u00e7\u00e3o ao futuro.&nbsp;<\/p>\n\n\n\n<p class=\"has-text-align-right\"><em><em>Gustavo Salin Nuh, Milene Aparecida Eichelberger e Viviane Borelli<\/em><\/em><\/p>\n","protected":false},"excerpt":{"rendered":"<p>ESPERAN\u00c7A Esta \u00e9 a 26\u00ba edi\u00e7\u00e3o da revista .TXT, a segunda produzida totalmente \u00e0 dist\u00e2ncia. Os rep\u00f3rteres encontram-se em suas casas, dos mais diversos lugares do Brasil, devido ao contexto pand\u00eamico que continua a alterar a vida das pessoas em todo o mundo. As conversas que fizemos face a face por apenas uma semana, no [&hellip;]<\/p>\n","protected":false},"author":4562,"featured_media":3479,"comment_status":"closed","ping_status":"closed","sticky":false,"template":"","format":"standard","meta":{"footnotes":""},"categories":[251,252],"tags":[],"class_list":["post-3487","post","type-post","status-publish","format-standard","has-post-thumbnail","hentry","category-26a-edicao","category-editorial-26a-edicao"],"acf":[],"_links":{"self":[{"href":"https:\/\/www.ufsm.br\/midias\/experimental\/revistatxt\/wp-json\/wp\/v2\/posts\/3487","targetHints":{"allow":["GET"]}}],"collection":[{"href":"https:\/\/www.ufsm.br\/midias\/experimental\/revistatxt\/wp-json\/wp\/v2\/posts"}],"about":[{"href":"https:\/\/www.ufsm.br\/midias\/experimental\/revistatxt\/wp-json\/wp\/v2\/types\/post"}],"author":[{"embeddable":true,"href":"https:\/\/www.ufsm.br\/midias\/experimental\/revistatxt\/wp-json\/wp\/v2\/users\/4562"}],"replies":[{"embeddable":true,"href":"https:\/\/www.ufsm.br\/midias\/experimental\/revistatxt\/wp-json\/wp\/v2\/comments?post=3487"}],"version-history":[{"count":0,"href":"https:\/\/www.ufsm.br\/midias\/experimental\/revistatxt\/wp-json\/wp\/v2\/posts\/3487\/revisions"}],"wp:featuredmedia":[{"embeddable":true,"href":"https:\/\/www.ufsm.br\/midias\/experimental\/revistatxt\/wp-json\/wp\/v2\/media\/3479"}],"wp:attachment":[{"href":"https:\/\/www.ufsm.br\/midias\/experimental\/revistatxt\/wp-json\/wp\/v2\/media?parent=3487"}],"wp:term":[{"taxonomy":"category","embeddable":true,"href":"https:\/\/www.ufsm.br\/midias\/experimental\/revistatxt\/wp-json\/wp\/v2\/categories?post=3487"},{"taxonomy":"post_tag","embeddable":true,"href":"https:\/\/www.ufsm.br\/midias\/experimental\/revistatxt\/wp-json\/wp\/v2\/tags?post=3487"}],"curies":[{"name":"wp","href":"https:\/\/api.w.org\/{rel}","templated":true}]}}