{"id":3558,"date":"2021-08-29T18:15:05","date_gmt":"2021-08-29T21:15:05","guid":{"rendered":"https:\/\/www.ufsm.br\/midias\/experimental\/revistatxt\/?p=3558"},"modified":"2021-08-29T18:23:52","modified_gmt":"2021-08-29T21:23:52","slug":"entre-desafios-e-adaptacoes-como-os-programas-produzidos-para-as-radios-universitarias-seguiram-durante-a-pandemia","status":"publish","type":"post","link":"https:\/\/www.ufsm.br\/midias\/experimental\/revistatxt\/2021\/08\/29\/entre-desafios-e-adaptacoes-como-os-programas-produzidos-para-as-radios-universitarias-seguiram-durante-a-pandemia","title":{"rendered":"Entre desafios e adapta\u00e7\u00f5es: como os programas produzidos para as r\u00e1dios universit\u00e1rias seguiram durante a pandemia"},"content":{"rendered":"\t\t<div data-elementor-type=\"wp-post\" data-elementor-id=\"3558\" class=\"elementor elementor-3558\">\n\t\t\t\t\t\t<section class=\"elementor-section elementor-top-section elementor-element elementor-element-7bfccdd2 elementor-section-boxed elementor-section-height-default elementor-section-height-default\" data-id=\"7bfccdd2\" data-element_type=\"section\">\n\t\t\t\t\t\t<div class=\"elementor-container elementor-column-gap-default\">\n\t\t\t\t\t<div class=\"elementor-column elementor-col-100 elementor-top-column elementor-element elementor-element-38e30db\" data-id=\"38e30db\" data-element_type=\"column\">\n\t\t\t<div class=\"elementor-widget-wrap elementor-element-populated\">\n\t\t\t\t\t\t<div class=\"elementor-element elementor-element-5178076 elementor-widget elementor-widget-image\" data-id=\"5178076\" data-element_type=\"widget\" data-widget_type=\"image.default\">\n\t\t\t\t<div class=\"elementor-widget-container\">\n\t\t\t\t\t\t\t\t\t\t<figure class=\"wp-caption\">\n\t\t\t\t\t\t\t\t\t\t<img fetchpriority=\"high\" decoding=\"async\" width=\"1024\" height=\"683\" src=\"https:\/\/www.ufsm.br\/app\/uploads\/sites\/714\/2021\/08\/IMG_6726-Foto-Marcelo-De-Franceschi-dos-Santos-1024x683.jpg\" class=\"attachment-large size-large wp-image-3559\" alt=\"Foto horizontal de dois letreiros, lado a lado, com a informa\u00e7\u00e3o &quot;No Ar&quot;, dentro do est\u00fadio da R\u00e1dio Universit\u00e1ria da Universidade Federal de Santa Maria. Os letreiros, em caixa alta e cor vermelha, est\u00e3o inseridos em dois suportes em formato de paralelep\u00edpedo, na cor branca. Esses letreiros, quando iluminados, sinalizam que o programa de r\u00e1dio est\u00e1 ao vivo naquele momento. O letreiro da esquerda, mais distante na imagem, est\u00e1 ligado, bem iluminado. O letreiro da direita, em foco na imagem, est\u00e1 desligado. Ao fundo da imagem, h\u00e1 o vidro que divide o est\u00fadio e o setor onde a parte t\u00e9cnica da r\u00e1dio fica.\" srcset=\"https:\/\/www.ufsm.br\/app\/uploads\/sites\/714\/2021\/08\/IMG_6726-Foto-Marcelo-De-Franceschi-dos-Santos-1024x683.jpg 1024w, https:\/\/www.ufsm.br\/app\/uploads\/sites\/714\/2021\/08\/IMG_6726-Foto-Marcelo-De-Franceschi-dos-Santos-300x200.jpg 300w, https:\/\/www.ufsm.br\/app\/uploads\/sites\/714\/2021\/08\/IMG_6726-Foto-Marcelo-De-Franceschi-dos-Santos-768x512.jpg 768w, https:\/\/www.ufsm.br\/app\/uploads\/sites\/714\/2021\/08\/IMG_6726-Foto-Marcelo-De-Franceschi-dos-Santos-1536x1024.jpg 1536w, https:\/\/www.ufsm.br\/app\/uploads\/sites\/714\/2021\/08\/IMG_6726-Foto-Marcelo-De-Franceschi-dos-Santos-272x182.jpg 272w, https:\/\/www.ufsm.br\/app\/uploads\/sites\/714\/2021\/08\/IMG_6726-Foto-Marcelo-De-Franceschi-dos-Santos.jpg 1920w\" sizes=\"(max-width: 1024px) 100vw, 1024px\" \/>\t\t\t\t\t\t\t\t\t\t\t<figcaption class=\"widget-image-caption wp-caption-text\">Durante a pandemia, as R\u00e1dios Universit\u00e1rias tiveram que continuar encontrando formas de ir ao ar, mesmo com est\u00fadios vazios, assim como os programas precisaram se reformular para continuar a transmitir conte\u00fado. Foto: Arquivo Pessoal Marcelo De Franceschi dos Santos.<\/figcaption>\n\t\t\t\t\t\t\t\t\t\t<\/figure>\n\t\t\t\t\t\t\t<\/div>\n\t\t\t\t<\/div>\n\t\t\t\t<div class=\"elementor-element elementor-element-7aea06a9 elementor-widget elementor-widget-text-editor\" data-id=\"7aea06a9\" data-element_type=\"widget\" data-widget_type=\"text-editor.default\">\n\t\t\t\t<div class=\"elementor-widget-container\">\n\t\t\t\t\t\t\t<!-- wp:paragraph -->\n<p>Em mar\u00e7o de 2020, assim como outras\u00a0 atividades da Universidade Federal de Santa Maria (UFSM), as R\u00e1dios Universit\u00e1rias foram atingidas em cheio com o an\u00fancio de que a pandemia agora fazia parte do contexto nacional. Com isso, a necessidade de isolamento social e da paralisa\u00e7\u00e3o das aulas, que mal haviam come\u00e7ado, era urgente. De forma apressada, as programa\u00e7\u00f5es radiof\u00f4nicas tiveram que ser repensadas, j\u00e1 que a presen\u00e7a nos est\u00fadios acabava de se tornar uma realidade distante, e os alunos, respons\u00e1veis por muitas apresenta\u00e7\u00f5es, seguiam com suas aulas de forma remota. Entretanto, mesmo em meio \u00e0s dificuldades, muitos programas adaptaram-se para continuar indo ao ar, at\u00e9 mesmo reinventando sua forma de criar conte\u00fado sonoro.<\/p>\n<!-- \/wp:paragraph --><!-- wp:paragraph -->\n<p>Em um primeiro momento, todas as grava\u00e7\u00f5es presenciais da <a href=\"https:\/\/farol.ufsm.br\/transmissao\/unifm\">UNIFM<\/a> 107.9 e da <a href=\"https:\/\/farol.ufsm.br\/transmissao\/radio-am\">Universidade<\/a> 800 AM, R\u00e1dios Universit\u00e1rias da UFSM, do Campus Sede em Santa Maria, foram canceladas. Isso aconteceu para que houvesse tempo de adaptar as programa\u00e7\u00f5es, que eram feitas ao vivo pelos servidores e pelos universit\u00e1rios.\u00a0<\/p>\n<!-- \/wp:paragraph --><!-- wp:paragraph -->\n<p>Nos est\u00fadios, nenhum programa continuou ao vivo. O coordenador das r\u00e1dios da UFSM, Marcelo de Franceschi dos Santos,\u00a0 comenta que o \u00fanico programa ao vivo \u00e9 o Panorama CCR, apresentado pelo estudante de Comunica\u00e7\u00e3o Social &#8211; Jornalismo, Gian Noal, que j\u00e1 possu\u00eda conhecimento de opera\u00e7\u00f5es sonoras.<\/p>\n<figure id=\"attachment_3560\" aria-describedby=\"caption-attachment-3560\" style=\"width: 1024px\" class=\"wp-caption aligncenter\"><img decoding=\"async\" class=\"wp-image-3560 size-large\" src=\"https:\/\/www.ufsm.br\/app\/uploads\/sites\/714\/2021\/08\/IMG_6697-Foto-Marcelo-De-Franceschi-dos-Santos-1024x683.jpg\" alt=\"Foto horizontal colorida do setor t\u00e9cnico de um est\u00fadio de r\u00e1dio. Sobre uma bancada, h\u00e1 uma mesa de som entre dois monitores de computador. Ao centro, a mesa de som na cor cinza, com bot\u00f5es vermelhos e luzes amarelas, e um pequeno painel com n\u00fameros e detalhes sobre o som que est\u00e1 sendo transmitido da mesa para o r\u00e1dio. O monitor \u00e0 esquerda da mesa est\u00e1 ligado em uma tela de cor azul escuro. O monitor \u00e0 direita da mesa est\u00e1 desligado. Junto aos monitores h\u00e1 equipamentos, como teclados, mouse e caixas de som. Ao fundo, h\u00e1 um vidro que mostra o est\u00fadio da r\u00e1dio, com as estruturas de suporte de microfone, onde s\u00e3o feitas as programa\u00e7\u00f5es ao vivo.\" width=\"1024\" height=\"683\" srcset=\"https:\/\/www.ufsm.br\/app\/uploads\/sites\/714\/2021\/08\/IMG_6697-Foto-Marcelo-De-Franceschi-dos-Santos-1024x683.jpg 1024w, https:\/\/www.ufsm.br\/app\/uploads\/sites\/714\/2021\/08\/IMG_6697-Foto-Marcelo-De-Franceschi-dos-Santos-300x200.jpg 300w, https:\/\/www.ufsm.br\/app\/uploads\/sites\/714\/2021\/08\/IMG_6697-Foto-Marcelo-De-Franceschi-dos-Santos-768x512.jpg 768w, https:\/\/www.ufsm.br\/app\/uploads\/sites\/714\/2021\/08\/IMG_6697-Foto-Marcelo-De-Franceschi-dos-Santos-1536x1024.jpg 1536w, https:\/\/www.ufsm.br\/app\/uploads\/sites\/714\/2021\/08\/IMG_6697-Foto-Marcelo-De-Franceschi-dos-Santos-272x182.jpg 272w, https:\/\/www.ufsm.br\/app\/uploads\/sites\/714\/2021\/08\/IMG_6697-Foto-Marcelo-De-Franceschi-dos-Santos.jpg 1920w\" sizes=\"(max-width: 1024px) 100vw, 1024px\" \/><figcaption id=\"caption-attachment-3560\" class=\"wp-caption-text\">Nos est\u00fadios, o vazio do trabalho remoto foi ainda maior em raz\u00e3o da mudan\u00e7a de pr\u00e9dio que a Coordenadoria das R\u00e1dios Universit\u00e1rias est\u00e1 passando. Foto: Arquivo Pessoal Marcelo De Franceschi dos Santos.<\/figcaption><\/figure>\n<!-- \/wp:paragraph --><!-- wp:paragraph -->\n<p>No regime de trabalho remoto decretado pela Universidade, todos ficaram sem acesso aos equipamentos profissionais da r\u00e1dio, o que tornou a produ\u00e7\u00e3o um grande desafio. Contudo, alguns programas j\u00e1 analisavam a possibilidade de gravar em casa e, assim, terem seus programas veiculados na r\u00e1dio.\u00a0<\/p>\n<!-- \/wp:paragraph --><!-- wp:paragraph -->\n<p>O coordenador das r\u00e1dios da UFSM conta que alguns programas n\u00e3o conseguiram suprir um padr\u00e3o de qualidade sem muitos ru\u00eddos, o que levou muitos quadros a deixarem de ser transmitidos: \u201cExiste uma perda de qualidade consider\u00e1vel quando as grava\u00e7\u00f5es n\u00e3o s\u00e3o feitas com equipamentos sonoros e em est\u00fadio com isolamento ac\u00fastico.\u201d Entretanto, ele comenta que quando esses \u00e1udios gravados em casa n\u00e3o possuem ru\u00eddos que dificultam o entendimento do som, eles podem ir ao ar.<\/p>\n<!-- \/wp:paragraph --><!-- wp:paragraph -->\n<p>Mesmo fora dos est\u00fadios, os alunos envolvidos em conte\u00fados veiculados nas r\u00e1dios, tiveram que ter iniciativa e criatividade para adaptar as suas produ\u00e7\u00f5es. O <a href=\"https:\/\/www.instagram.com\/gritosdosilencio\/?hl=pt-br\">Gritos do Sil\u00eancio<\/a>, por exemplo, programa semanal da R\u00e1dio UNIFM &#8211; um projeto de extens\u00e3o desenvolvido por alunos de Comunica\u00e7\u00e3o Social da UFSM, fez seu primeiro investimento nas redes sociais, com a utiliza\u00e7\u00e3o de ferramentas de foto e v\u00eddeo para retratar assuntos antes transmitidos ao vivo. Com a impossibilidade de inser\u00e7\u00e3o na r\u00e1dio, o projeto seguiu suas atividades com o podcast, um formato que pode ser ouvido pela internet a qualquer hora, por meio do celular, computador ou outro aparelho digital. Assim, os acad\u00eamicos tiveram que aprender a gravar seus \u00e1udios\u00a0 em casa, entrar em contato com fontes e fazer entrevistas de forma online, editar as grava\u00e7\u00f5es para depois veicular. Com poss\u00edveis aux\u00edlios e instru\u00e7\u00f5es das r\u00e1dios da Universidade, segue-se com o objetivo de aprimorar a qualidade de grava\u00e7\u00e3o, com avalia\u00e7\u00f5es e ajustes das produ\u00e7\u00f5es.\u00a0<\/p>\n<!-- \/wp:paragraph --><!-- wp:paragraph -->\n<p>Outro exemplo de projeto que precisou se adaptar foi o Radar Esportivo. Se no passado as produ\u00e7\u00f5es eram voltadas para programas e transmiss\u00f5es ao vivo para R\u00e1dio, agora passou a investir mais em multiplataformas. S\u00e3o desenvolvidos conte\u00fados para perfis no <a href=\"https:\/\/www.instagram.com\/radaresportivo\/\">Instagram<\/a>, <a href=\"https:\/\/twitter.com\/radarufsm\">Twitter<\/a>, <a href=\"https:\/\/www.facebook.com\/RadarEsportivoUFSM\/?ref=page_internal\">Facebook<\/a>, e em\u00a0 plataformas de Streaming, a partir da grava\u00e7\u00e3o de podcasts relacionados ao esporte nacional e internacional. A integrante do projeto e estudante do curso de Comunica\u00e7\u00e3o Social &#8211; Jornalismo da UFSM, Fl\u00e1via Morishita, conta que o projeto passou por momentos de incertezas no in\u00edcio da pandemia, quando os integrantes ainda n\u00e3o sabiam a forma como iriam adaptar suas cria\u00e7\u00f5es. Nesse contexto, as conversas entre os\u00a0 membros do Radar sobre as infinitas possibilidades para continuar com a produ\u00e7\u00e3o foram recorrentes e fundamentais para o redirecionamento das atividades.<\/p>\n<!-- \/wp:paragraph --><!-- wp:paragraph -->\n<p>Apesar dos in\u00fameros desafios, s\u00e3o feitas coberturas e transmiss\u00f5es ao vivo, com aproveitamento de ferramentas como o Reels, IGTV e as Lives no Instagram, que passaram a ser ainda mais valorizadas nesse per\u00edodo de isolamento social. Entre as coberturas feitas pelo projeto por meio de seus perfis, est\u00e3o os Jogos Ol\u00edmpicos de Ver\u00e3o de 2020, que ocorreram de 23 de julho a 08 de agosto de 2021, em T\u00f3quio, no Jap\u00e3o.\u00a0<\/p>\n<!-- \/wp:paragraph --><!-- wp:paragraph -->\n<p>Entre essas adapta\u00e7\u00f5es, \u00e9 poss\u00edvel ver uma das grandes ascens\u00f5es desse per\u00edodo quando o assunto \u00e9 produ\u00e7\u00e3o sonora: o podcast. Para al\u00e9m do cotidiano universit\u00e1rio, a populariza\u00e7\u00e3o dos podcasts durante a pandemia aconteceu de forma r\u00e1pida, com muitas pessoas que passaram a acompanhar esse formato de conte\u00fado e novos projetos abra\u00e7ando a ideia. As plataformas de streaming foram \u00e1geis em reorganizar seus sites e aplicativos, facilitando a procura e o acesso \u00e0 podcasts, fazendo indica\u00e7\u00f5es e valorizando o trabalho de quem cria esse tipo de material. Isso fez com que ainda mais indiv\u00edduos se interessassem pela \u00e1rea, e os mais diversos assuntos come\u00e7assem a serem abordados, com diferentes dura\u00e7\u00f5es: das mais curtas \u00e0s mais longas, edi\u00e7\u00f5es repletas de efeitos sonoros ou mais simples, al\u00e9m de publica\u00e7\u00f5es semanais, di\u00e1rias ou mensais. Enfim, para todos os gostos.<\/p>\n<!-- \/wp:paragraph --><!-- wp:paragraph -->\n<p>Nesse sentido, o doutor em Comunica\u00e7\u00e3o e Informa\u00e7\u00e3o e professor do Programa de P\u00f3s-gradua\u00e7\u00e3o em Comunica\u00e7\u00e3o da Universidade Federal do Rio Grande do Sul (UFRGS), Luiz Artur Ferraretto, conta que mesmo antes do Covid-19 j\u00e1 havia uma tend\u00eancia ao processo de crescimento dos podcasts: \u201cCom a pandemia, em fun\u00e7\u00e3o das pessoas ficarem mais tempo em casa, e por causa de um desgaste, no caso brasileiro, da grande m\u00eddia.\u201d Esse desgaste, segundo ele, seria causado por uma s\u00e9rie de fatores: como a falta de adapta\u00e7\u00e3o da m\u00eddia, polemismo, propaganda expl\u00edcita do Governo Federal exercida por profissionais dos jornais e um discurso totalmente negacionista sobre a pandemia. Tudo isso causa uma superficialidade aos conte\u00fados, que o podcast consegue suprir e aprofundar.<\/p>\n<!-- \/wp:paragraph --><!-- wp:paragraph -->\n<p>Esse processo de crescimento do podcast traz \u00e0 tona o lado positivo, da profundidade de conte\u00fado, mas tem um perigo tamb\u00e9m. Nesse sentido, o professor alerta para um detalhe importante: entre esse avan\u00e7o acelerado, pode se perder muito da profundidade dos assuntos, at\u00e9 mesmo para podcasts que t\u00eam &#8211; ou deviam ter &#8211; car\u00e1ter jornal\u00edstico. \u201cH\u00e1\u00a0 muito diletantismo nisso. Vivemos em l\u00f3gicas de bolhas, em fun\u00e7\u00e3o das redes sociais. Daqui a pouco, alguns podcasts n\u00e3o s\u00e3o produzidos profissionalmente, mas sim com base em influ\u00eancia propagandista, e de tudo que n\u00e3o gosta de contradi\u00e7\u00f5es, e isso faz com que se corra o risco do p\u00fablico n\u00e3o sair da sua bolha.\u201d explica Ferraretto, que acrescenta que o processo dos indiv\u00edduos buscarem ouvir apenas conte\u00fados que concordam com o que eles j\u00e1 pensam, pode ser muito perigoso para a sociedade como um todo.\u00a0<\/p>\n<!-- \/wp:paragraph --><!-- wp:paragraph -->\n<p><strong>Para al\u00e9m de Santa Maria<\/strong><\/p>\n<!-- \/wp:paragraph --><!-- wp:paragraph -->\n<p>Outras formas de adapta\u00e7\u00e3o foram adotadas durante esse per\u00edodo, e \u00e9 poss\u00edvel acompanh\u00e1-las em mais universidades do estado ga\u00facho. Na Universidade Federal de Rio Grande (FURG), o mais tradicional programa jornal\u00edstico de r\u00e1dio, o FMCaf\u00e9, acontecia de segunda \u00e0 sexta, de dentro do est\u00fadio, mas com a vinda do coronav\u00edrus, se adaptou para o formato de lives, transmitidas, primeiramente, uma vez por semana. A partir de junho de 2020, os programas come\u00e7aram a ser apresentados em todas as ter\u00e7as e quintas, na <a href=\"https:\/\/www.facebook.com\/FURGoficial\">p\u00e1gina da Universidade no <em>Facebook<\/em><\/a>.<\/p>\n<!-- \/wp:paragraph --><!-- wp:paragraph -->\n<p>A respons\u00e1vel pelo programa FMCaf\u00e9, Tammie Faria, da Secom\/FURG, conta que o conte\u00fado se tornou multiplataforma, j\u00e1 que a live, depois da transmiss\u00e3o, fica no canal da institui\u00e7\u00e3o no YouTube, o <a href=\"https:\/\/www.youtube.com\/c\/FURGoficial\/videos\">FURGOficial<\/a>. Al\u00e9m disso, j\u00e1 existe o projeto de utilizar os \u00e1udios da live para podcast no site da FURG e no Spotify, criando o FM Caf\u00e9 Podcast. Mesmo no cen\u00e1rio p\u00f3s-pandemia, em que as atividades presenciais poder\u00e3o retornar, Tammie aponta que \u201c\u00e9 bem poss\u00edvel que o trabalho multiplataforma continue\u201d.<\/p>\n<!-- \/wp:paragraph --><!-- wp:paragraph -->\n<p>O FMCaf\u00e9, que \u00e9 feito por um jornalista da FURG, em conjunto com um bolsista da Universidade Federal de Pelotas (UFPel), voltar\u00e1 a ser transmitido via r\u00e1dio ainda neste ano. Isso acontecer\u00e1 com a inser\u00e7\u00e3o do \u00e1udio do FMCaf\u00e9 Live, em reprise, no novo est\u00fadio do campus Carreiros da FURG.\u00a0<\/p>\n<!-- \/wp:paragraph --><!-- wp:paragraph -->\n<p>J\u00e1 na Universidade Federal do Rio Grande do Sul (UFRGS), a programa\u00e7\u00e3o da <a href=\"http:\/\/www.ufrgs.br\/radio\/\">R\u00e1dio da Universidade<\/a> \u00e9 conhecida pelo forte aspecto musical, especialmente com m\u00fasica cl\u00e1ssica. parte dos programas radiof\u00f4nicos que abrangem cultura, jornalismo geral e assuntos da Universidade, sofreram redu\u00e7\u00f5es e modifica\u00e7\u00f5es por causa do trabalho remoto. Segundo Andr\u00e9 Grassi, jornalista da \u2018R\u00e1dio da Universidade\u2019, desde o in\u00edcio do trabalho remoto, essa programa\u00e7\u00e3o musical \u00e9 apresentada pelas locutoras com dificuldade, pois elas n\u00e3o podem ainda utilizar o est\u00fadio presencialmente.\u00a0<\/p>\n<!-- \/wp:paragraph --><!-- wp:paragraph -->\n<p>Essa \u00e9 uma parte dif\u00edcil da necessidade de adapta\u00e7\u00f5es das programa\u00e7\u00f5es nesse momento. \u201cRealizamos entrevistas, edi\u00e7\u00e3o de som e apresenta\u00e7\u00e3o de nossas casas e existem dificuldades para agilizar a entrega dos programas, por falta de estrutura.\u201d expressa Andr\u00e9 sobre essa situa\u00e7\u00e3o. O jornalista tamb\u00e9m conta que, no ano passado, os problemas eram maiores, pois havia restri\u00e7\u00e3o at\u00e9 mesmo para a ida dos operadores \u00e0 r\u00e1dio, que precisava ficar no autom\u00e1tico por ainda mais tempo.\u00a0<\/p>\n<!-- \/wp:paragraph --><!-- wp:paragraph -->\n<p><strong>O retorno aos est\u00fadios<\/strong><\/p>\n<!-- \/wp:paragraph --><!-- wp:paragraph -->\n<p>Na UFSM, a previs\u00e3o de retorno para as produ\u00e7\u00f5es dos estudantes depende da vacina\u00e7\u00e3o geral da popula\u00e7\u00e3o e do retorno \u00e0s atividades presenciais, que ainda deve ser autorizado pelos conselhos superiores. O retorno tanto para o campus, para a continuidade das aulas, quanto para os est\u00fadios, ainda \u00e9 arriscado, e a seguran\u00e7a dos alunos e servidores \u00e9 uma prioridade para que tudo possa voltar ao normal em breve.<\/p>\n<!-- \/wp:paragraph --><!-- wp:paragraph -->\n<p>\u00a0Por enquanto, os trabalhos seguem de casa. Mesmo com os obst\u00e1culos t\u00e9cnicos, a saudade do <em>ao vivo <\/em>diretamente da r\u00e1dio, os desafios implantados pelo ensino \u00e0 dist\u00e2ncia, e as inseguran\u00e7as causadas pela pandemia, o esfor\u00e7o e dedica\u00e7\u00e3o t\u00eam sido imensos para continuar a transmiss\u00e3o de conte\u00fado para a comunidade &#8211; por qualquer que seja a plataforma.<\/p>\n<!-- \/wp:paragraph --><!-- wp:paragraph -->\n<p>\u00a0<\/p>\n<!-- \/wp:paragraph --><!-- wp:paragraph {\"align\":\"right\"} -->\n<p class=\"has-text-align-right\"><em>Reportagem: Giovana Zago<\/em><\/p>\n<!-- \/wp:paragraph -->\t\t\t\t\t\t<\/div>\n\t\t\t\t<\/div>\n\t\t\t\t\t<\/div>\n\t\t<\/div>\n\t\t\t\t\t<\/div>\n\t\t<\/section>\n\t\t\t\t<\/div>\n\t\t","protected":false},"excerpt":{"rendered":"<p>Durante a pandemia, as R\u00e1dios Universit\u00e1rias tiveram que continuar encontrando formas de ir ao ar, mesmo com est\u00fadios vazios, assim como os programas precisaram se reformular para continuar a transmitir conte\u00fado. Foto: Arquivo Pessoal Marcelo De Franceschi dos Santos. Em mar\u00e7o de 2020, assim como outras&nbsp; atividades da Universidade Federal de Santa Maria (UFSM), as [&hellip;]<\/p>\n","protected":false},"author":3385,"featured_media":3559,"comment_status":"closed","ping_status":"closed","sticky":false,"template":"","format":"standard","meta":{"footnotes":""},"categories":[251,280,275],"tags":[262,281,259,283,257],"class_list":["post-3558","post","type-post","status-publish","format-standard","has-post-thumbnail","hentry","category-26a-edicao","category-cultura-26a-edicao","category-pagina-inicial","tag-txt","tag-cultura-2","tag-ed26","tag-radios-universitarias","tag-ufsm"],"acf":[],"_links":{"self":[{"href":"https:\/\/www.ufsm.br\/midias\/experimental\/revistatxt\/wp-json\/wp\/v2\/posts\/3558","targetHints":{"allow":["GET"]}}],"collection":[{"href":"https:\/\/www.ufsm.br\/midias\/experimental\/revistatxt\/wp-json\/wp\/v2\/posts"}],"about":[{"href":"https:\/\/www.ufsm.br\/midias\/experimental\/revistatxt\/wp-json\/wp\/v2\/types\/post"}],"author":[{"embeddable":true,"href":"https:\/\/www.ufsm.br\/midias\/experimental\/revistatxt\/wp-json\/wp\/v2\/users\/3385"}],"replies":[{"embeddable":true,"href":"https:\/\/www.ufsm.br\/midias\/experimental\/revistatxt\/wp-json\/wp\/v2\/comments?post=3558"}],"version-history":[{"count":0,"href":"https:\/\/www.ufsm.br\/midias\/experimental\/revistatxt\/wp-json\/wp\/v2\/posts\/3558\/revisions"}],"wp:featuredmedia":[{"embeddable":true,"href":"https:\/\/www.ufsm.br\/midias\/experimental\/revistatxt\/wp-json\/wp\/v2\/media\/3559"}],"wp:attachment":[{"href":"https:\/\/www.ufsm.br\/midias\/experimental\/revistatxt\/wp-json\/wp\/v2\/media?parent=3558"}],"wp:term":[{"taxonomy":"category","embeddable":true,"href":"https:\/\/www.ufsm.br\/midias\/experimental\/revistatxt\/wp-json\/wp\/v2\/categories?post=3558"},{"taxonomy":"post_tag","embeddable":true,"href":"https:\/\/www.ufsm.br\/midias\/experimental\/revistatxt\/wp-json\/wp\/v2\/tags?post=3558"}],"curies":[{"name":"wp","href":"https:\/\/api.w.org\/{rel}","templated":true}]}}