{"id":3578,"date":"2021-08-30T14:34:21","date_gmt":"2021-08-30T17:34:21","guid":{"rendered":"https:\/\/www.ufsm.br\/midias\/experimental\/revistatxt\/?p=3578"},"modified":"2021-08-30T14:48:43","modified_gmt":"2021-08-30T17:48:43","slug":"ufsm-e-palco-de-testes-de-uma-nova-vacina-contra-a-covid-19","status":"publish","type":"post","link":"https:\/\/www.ufsm.br\/midias\/experimental\/revistatxt\/2021\/08\/30\/ufsm-e-palco-de-testes-de-uma-nova-vacina-contra-a-covid-19","title":{"rendered":"UFSM \u00e9 palco de testes de uma nova vacina contra a covid-19"},"content":{"rendered":"\t\t<div data-elementor-type=\"wp-post\" data-elementor-id=\"3578\" class=\"elementor elementor-3578\">\n\t\t\t\t\t\t<section class=\"elementor-section elementor-top-section elementor-element elementor-element-55eecd6e elementor-section-boxed elementor-section-height-default elementor-section-height-default\" data-id=\"55eecd6e\" data-element_type=\"section\">\n\t\t\t\t\t\t<div class=\"elementor-container elementor-column-gap-default\">\n\t\t\t\t\t<div class=\"elementor-column elementor-col-100 elementor-top-column elementor-element elementor-element-3b631cca\" data-id=\"3b631cca\" data-element_type=\"column\">\n\t\t\t<div class=\"elementor-widget-wrap elementor-element-populated\">\n\t\t\t\t\t\t<div class=\"elementor-element elementor-element-38f5a4db elementor-widget elementor-widget-text-editor\" data-id=\"38f5a4db\" data-element_type=\"widget\" data-widget_type=\"text-editor.default\">\n\t\t\t\t<div class=\"elementor-widget-container\">\n\t\t\t\t\t\t\t<!-- wp:paragraph {\"align\":\"center\"} -->\n<p class=\"has-text-align-center\"><em>Entenda, sob o olhar do pesquisador respons\u00e1vel e de volunt\u00e1rios, os bastidores dos testes da vacina SCB-2019 contra a Covid-19 na UFSM<\/em><\/p>\n<!-- \/wp:paragraph --><!-- wp:paragraph -->\n<p>Em 16 de mar\u00e7o de 2020, a Universidade Federal de Santa Maria (UFSM) suspendeu as atividades acad\u00eamicas e administrativas presenciais em decorr\u00eancia da Covid-19, mas n\u00e3o deixou de atuar no combate \u00e0 doen\u00e7a. A\u00e7\u00f5es foram realizadas em diversas \u00e1reas, desde pesquisas sobre o coronav\u00edrus at\u00e9 a busca pela conscientiza\u00e7\u00e3o social sobre medidas preventivas. No dia 25 de maio de 2021, a UFSM disp\u00f4s, em suas plataformas digitais, o chamamento de volunt\u00e1rios para a realiza\u00e7\u00e3o do teste cl\u00ednico da vacina SCB-2019, patrocinada pela empresa chinesa <em>Sichuan Clover Biopharmaceuticals<\/em>.\u00a0\u00a0<\/p>\n<!-- \/wp:paragraph --><!-- wp:paragraph -->\n<p>No dia 16 de abril de 2020, a <a href=\"https:\/\/www.gov.br\/anvisa\/pt-br\">Ag\u00eancia Nacional de Vigil\u00e2ncia Sanit\u00e1ria (Anvisa)<\/a> autorizou a testagem da SCB-2019 contra a Covid-19 aqui no Brasil. A vacina em quest\u00e3o \u00e9 uma prote\u00edna recombinante de fus\u00e3o de tr\u00edmero da esp\u00edcula (S) do Sars-CoV-2 co administrada com um adjuvante CpG 1018\/Alum em duas doses, com intervalo de 22 dias. A pesquisa est\u00e1 sob a coordena\u00e7\u00e3o do m\u00e9dico infectologista Alexandre Vargas Schwarzbold, chefe da <a href=\"https:\/\/www.gov.br\/ebserh\/pt-br\/hospitais-universitarios\/regiao-sul\/husm-ufsm\/ensino-e-pesquisa\/pesquisas\/upc\">Unidade de Pesquisa Cl\u00ednica (UPC) <\/a>do Hospital Universit\u00e1rio de Santa Maria &#8211; HUSM.<\/p>\n<!-- \/wp:paragraph --><!-- wp:paragraph -->\n<p>Para ser volunt\u00e1rio nos testes da SCB-2019, tamb\u00e9m chamada de <em>Clover<\/em>, as pessoas interessadas tiveram que preencher um formul\u00e1rio e realizar uma inscri\u00e7\u00e3o pr\u00e9via. O estudo foi pensado para ocorrer no formato randomizado, ou seja, um grupo de pessoas seria vacinado e outro receberia um placebo (denominado grupo controle).\u00a0<\/p>\n<!-- \/wp:paragraph --><!-- wp:paragraph -->\n<p>O grupo controle, como destaca Schwarzbold, \u00e9\u00a0 a denomina\u00e7\u00e3o para os participantes que receberam um produto que imita a pr\u00f3pria vacina: \u201c\u00c9 um soro fisiol\u00f3gico que utilizamos para comparar com a vacina, porque \u00e9 desse modo que vamos avaliar a efic\u00e1cia dela.\u201d. Apenas ao final da pesquisa \u00e9 que os volunt\u00e1rios saber\u00e3o se receberam ou n\u00e3o a vacina.\u00a0<\/p>\n<figure id=\"attachment_3579\" aria-describedby=\"caption-attachment-3579\" style=\"width: 768px\" class=\"wp-caption aligncenter\"><img fetchpriority=\"high\" decoding=\"async\" class=\"wp-image-3579 size-large\" src=\"https:\/\/www.ufsm.br\/app\/uploads\/sites\/714\/2021\/08\/Foto-1-768x1024.jpg\" alt=\"A foto mostra duas placas brancas cravadas na terra, uma pequena \u00e0 esquerda e outra maior, \u00e0 direita. As placas est\u00e3o uma ao lado da outra, no canteiro central de uma avenida com pavimenta\u00e7\u00e3o em paralelep\u00edpedos. Na placa da esquerda est\u00e1 escrito \u2018Estudos Vacina Covid-19\u2019, logo abaixo est\u00e1 o logo da pesquisa da vacina de Oxford, ao lado est\u00e1 o emblema da Universidade Federal de Santa Maria - UFSM. Na parte inferior dessa placa est\u00e1 uma seta, na cor preta, apontando para a esquerda. A placa maior, localizada no lado direito da foto, tem na parte superior o logo da pesquisa da vacina de Oxford e ao seu lado est\u00e1 o emblema da UFSM. Abaixo desses s\u00edmbolos, escrito em preto, est\u00e1 a frase \u2018Teste de Vacina Covid-19\u2019. Na parte inferior dessa placa est\u00e1 uma seta, tamb\u00e9m na cor preta, voltada para a esquerda. Atr\u00e1s das placas, um poste e uma \u00e1rvore com folhas em verde escuro. Na rua da esquerda, ao fundo, um carro branco estacionado pr\u00f3ximo ao meio fio.\" width=\"768\" height=\"1024\" srcset=\"https:\/\/www.ufsm.br\/app\/uploads\/sites\/714\/2021\/08\/Foto-1-768x1024.jpg 768w, https:\/\/www.ufsm.br\/app\/uploads\/sites\/714\/2021\/08\/Foto-1-225x300.jpg 225w, https:\/\/www.ufsm.br\/app\/uploads\/sites\/714\/2021\/08\/Foto-1-1152x1536.jpg 1152w, https:\/\/www.ufsm.br\/app\/uploads\/sites\/714\/2021\/08\/Foto-1.jpg 1200w\" sizes=\"(max-width: 768px) 100vw, 768px\" \/><figcaption id=\"caption-attachment-3579\" class=\"wp-caption-text\">Placas indicam onde s\u00e3o realizados os testes de vacinas contra a Covid-19 na UFSM. Foto: Gustavo Salin Nuh<\/figcaption><\/figure>\n<!-- \/wp:paragraph --><!-- wp:paragraph -->\n<p>Os testes da vacina <em>Clover <\/em>ocorrem em tr\u00eas continentes &#8211; \u00c1si\u00e1tico, Europeu e Americano &#8211; e por serem em n\u00edvel global, Schwarzbold informa que: \u201cA vacina\u00e7\u00e3o em muitos pa\u00edses \u00e9 um elemento cr\u00edtico para que a gente possa, efetivamente, terminar o estudo e mostrar ao mundo uma nova vacina\u201d. O m\u00e9dico conclui que a <em>Clover <\/em>\u00e9 elaborada para causar pouca rea\u00e7\u00e3o adversa, ou seja, espera-se que seja uma vacina muito bem tolerada, at\u00e9 mais do que as atuais, al\u00e9m de ser muito segura e eficaz. Ainda explica que com a tecnologia proteica, a vacina tem dados de efic\u00e1cia iniciais muito bons e pode ser aplicada em crian\u00e7as, principalmente por ter poucas rea\u00e7\u00f5es adversas.<\/p>\n<!-- \/wp:paragraph --><!-- wp:paragraph -->\n<p>Como apresentado no <a href=\"https:\/\/www.gov.br\/saude\/pt-br\/coronavirus\/publicacoes-tecnicas\/guias-e-planos\/plano-nacional-de-vacinacao-covid-19\/view\">Plano Nacional de Operacionaliza\u00e7\u00e3o da Vacina\u00e7\u00e3o<\/a>, s\u00e3o vacinadas faixas et\u00e1rias cada vez mais jovens e esse pode ser um fator problema para a realiza\u00e7\u00e3o dos testes. De acordo com Schwarzbold, ao contr\u00e1rio do estudo da vacina de <em>Oxford<\/em>, h\u00e1 uma certa dificuldade em encontrar volunt\u00e1rios para os testes da vacina <em>Sichuan Clover Biopharmaceuticals: <\/em>\u201c\u00c9 muito dif\u00edcil achar uma popula\u00e7\u00e3o acima de 30 anos, que n\u00e3o tenha sido vacinado ou que n\u00e3o tenha sido ofertado vacina, portanto eles n\u00e3o se submetem a avalia\u00e7\u00e3o\u201d.\u00a0<\/p>\n<!-- \/wp:paragraph --><!-- wp:paragraph -->\n<p>O m\u00e9dico infectologista tamb\u00e9m destaca que al\u00e9m do problema em encontrar volunt\u00e1rios &#8211; fase j\u00e1 encerrada da pesquisa -, a atual dificuldade \u00e9 manter os volunt\u00e1rios no acompanhamento do estudo: \u201cAo terem acesso \u00e0 vacina, as pessoas acabam por n\u00e3o participar dos pr\u00f3ximos meses de acompanhamento do estudo, sob pena de n\u00e3o estarem protegidos, uma vez que podem ter ca\u00eddo no grupo controle.\u201d.\u00a0\u00a0<\/p>\n<!-- \/wp:paragraph --><!-- wp:paragraph -->\n<p>Na vis\u00e3o de Schwarzbold, ter uma variedade de vacinas em circula\u00e7\u00e3o, ou dispon\u00edveis para aplica\u00e7\u00e3o, \u00e9 sin\u00f4nimo de dois grandes impactos: \u201cO primeiro, um aumento da oferta do modo mais r\u00e1pido poss\u00edvel com a nova vacina e segundo, a possibilidade de termos o que chamamos de imuniza\u00e7\u00e3o heter\u00f3loga, ou seja, misturar diferentes vacinas, o que \u00e9 poss\u00edvel e est\u00e1 sendo estudado.\u201d. O m\u00e9dico infectologista tamb\u00e9m ressalta que atrav\u00e9s desses estudos pode-se haver uma resposta imune mais eficaz.<\/p>\n<!-- \/wp:paragraph --><!-- wp:paragraph -->\n<p>A testagem da vacina SCB-2019 \u00e9 a quinta pesquisa contra o novo coronav\u00edrus autorizada pela Anvisa. Os estudos j\u00e1 aprovados s\u00e3o:<\/p>\n<!-- \/wp:paragraph --><!-- wp:list -->\n<ul>\n<li>O ensaio cl\u00ednico da vacina desenvolvida pela <strong>Universidade de Oxford<\/strong> e a <strong>empresa AstraZeneca<\/strong> ocorreu no dia 2 de junho de 2020;<\/li>\n<li>A vacina da <strong>Sinovac Research &amp; Development Co Ltd<\/strong>, em parceria com o Instituto Butantan, foi no dia 3 de julho de 2020;\u00a0<\/li>\n<li>O imunizante da <strong>Pfizer\/BioNTech<\/strong>, aprovado no dia 21 de julho de 2020;<\/li>\n<li>A vacina da <strong>Janssen-Cilag\/Johnson<\/strong>, que ocorreu no dia 18 de agosto de 2020.<\/li>\n<\/ul>\n<!-- \/wp:list --><!-- wp:paragraph -->\n<p>Atualmente, a pesquisa da <em>Clover <\/em>est\u00e1 na fase 2 de 3. Nessa etapa, o objetivo \u00e9 avaliar a sua efic\u00e1cia, incluindo a capacidade de gerar resposta imune e avaliar a sua seguran\u00e7a. \u00a0Schwarzbold, o m\u00e9dico respons\u00e1vel pelo estudo na UFSM, relata que n\u00e3o h\u00e1 press\u00e3o em produzir o imunizante, mas sim a necessidade de termos estrat\u00e9gias vacinais cada vez mais eficazes, o que justifica o desenvolvimento de qualquer nova vacina. Al\u00e9m disso, o m\u00e9dico ressalta que a <em>Clover <\/em>\u00e9 desenvolvida em parceria com a iniciativa Corvex, da Organiza\u00e7\u00e3o Mundial da Sa\u00fade, um cons\u00f3rcio entre diversos pa\u00edses que almeja aplicar o imunizante no mundo todo, inclusive naqueles pa\u00edses que t\u00eam menores condi\u00e7\u00f5es econ\u00f4micas. Com essa expectativa h\u00e1 a possibilidade, com essa vacina, de imunizar um bilh\u00e3o e meio de pessoas, algo que n\u00e3o ter\u00edamos se tiv\u00e9ssemos poucas plataformas e poucas op\u00e7\u00f5es de vacinas.\u00a0<\/p>\n<!-- \/wp:paragraph --><!-- wp:paragraph -->\n<p><strong>O OLHAR DE VOLUNT\u00c1RIOS NOS TESTES DA VACINA CLOVER<\/strong><\/p>\n<!-- \/wp:paragraph --><!-- wp:paragraph -->\n<p>O estudante de Comunica\u00e7\u00e3o Social &#8211; Jornalismo, Jos\u00e9 Vitor Goulart Zuccolo, 23 anos, \u00e9 um dos volunt\u00e1rios da vacina <em>Clover <\/em>na UFSM. No dia 13 de julho de 2021, depois de saber que havia recebido o placebo, Zuccolo declara que o principal motivo de se candidatar para os testes foi: \u201cA inten\u00e7\u00e3o de me imunizar o quanto antes, at\u00e9 porque eu moro com outras pessoas, ent\u00e3o seria mais ou menos como tirar um peso das costas de eu ser um transmissor em potencial.\u201d. Ap\u00f3s saber que n\u00e3o havia recebido o imunizante, o graduando saiu dos testes da <em>Clover <\/em>para receber outro imunizante, conforme o plano de vacina\u00e7\u00e3o do munic\u00edpio em que mora.<\/p>\n<!-- \/wp:paragraph --><!-- wp:paragraph -->\n<p>O acad\u00eamico acredita que o impacto dos testes da <em>Clover <\/em>ser\u00e3o positivos: \u201cSe ap\u00f3s os estudos tudo ocorrer conforme o esperado, logo a produ\u00e7\u00e3o dela vai ser r\u00e1pida, pois a grande maioria da popula\u00e7\u00e3o est\u00e1 ansiosa para ficar imunizada.\u201d. Zuccolo tamb\u00e9m destaca que pode haver um lado negativo por a vacina <em>Clover <\/em>ser de origem chinesa:\u00a0 \u201cPor conta da pol\u00edtica atual que tem, de certa forma, sido contr\u00e1ria a determinadas coisas vindas da China\u201d. Por fim, o jornalista em forma\u00e7\u00e3o conclui que o pa\u00eds que desenvolve a vacina n\u00e3o deveria ser levado em conta, e sim se a vacina \u00e9 eficaz, porque se trata de vidas que podem ser salvas atrav\u00e9s de uma nova vacina.\u00a0<\/p>\n<!-- \/wp:paragraph --><!-- wp:paragraph -->\n<p>\u00a0 Outra participante na pesquisa do imunizante <em>Clover<\/em>, a estudante de Comunica\u00e7\u00e3o Social &#8211; Produ\u00e7\u00e3o Editorial, Camila da Silva de Oliveira, 24 anos, diz que a motiva\u00e7\u00e3o em participar como volunt\u00e1ria dos estudos da vacina foi pela vontade de ser imunizada e auxiliar na constru\u00e7\u00e3o da pesquisa. Ela relata ter recebido a primeira dose da vacina no dia 28 de junho de 2021, e assim como Zuccolo, tamb\u00e9m recebeu o placebo, o que a possibilitou sair dos testes para receber outro imunizante, conforme o plano de vacina\u00e7\u00e3o do munic\u00edpio em que vive. Oliveira informa o motivo de ter sa\u00eddo dos estudos: \u201cEu consegui me vacinar atrav\u00e9s da empresa na qual estagio\u201d. A estudante diz estar mais segura por estar vacinada e enfatiza: \u201cFico muito feliz com a ci\u00eancia, com o SUS. Que tenha muito mais investimentos em ambos, pois s\u00f3 a ci\u00eancia salva\u201d.\u00a0<\/p>\n<!-- \/wp:paragraph --><!-- wp:paragraph -->\n<p>Sobre o impacto que a vacina <em>Clover <\/em>tem socialmente, Oliveira acredita que essa seja mais uma op\u00e7\u00e3o v\u00e1lida, pois acarreta em mais doses dispon\u00edveis e pode agilizar a vacina\u00e7\u00e3o de toda a popula\u00e7\u00e3o brasileira. Por fim, a estudante menciona a seguran\u00e7a dos testes e que o laborat\u00f3rio respons\u00e1vel pela pesquisa \u00e9 conceituado e confi\u00e1vel.\u00a0<\/p>\n<!-- \/wp:paragraph --><!-- wp:paragraph -->\n<p>Mais duas participantes dos testes aceitaram falar sobre o assunto, mas pediram para n\u00e3o ter seus nomes revelados. Uma estudante de p\u00f3s-gradua\u00e7\u00e3o, 28 anos, relata que escolheu ser volunt\u00e1ria nos testes, pois\u00a0 queria contribuir com a Ci\u00eancia e o desenvolvimento de uma vacina em meio \u00e0 pandemia que estamos vivendo. A p\u00f3s-graduanda refor\u00e7a que: \u201cEscolhi ser volunt\u00e1ria para ter a chance de ser imunizada antes, visto que com a minha idade demoraria mais para ser vacinada\u201d.\u00a0<\/p>\n<!-- \/wp:paragraph --><!-- wp:paragraph -->\n<p>A outra participante, uma acad\u00eamica de 27 anos, explica o porqu\u00ea de participar como volunt\u00e1ria dos testes: \u201cQueria contribuir com a pesquisa cient\u00edfica para o desenvolvimento de uma nova vacina, de modo a colaborar para o bem da sociedade\u201d. Ainda explica que, um fator que a levou a ser volunt\u00e1ria, foi a possibilidade de se vacinar antes do per\u00edodo para a sua idade.\u00a0<\/p>\n<!-- \/wp:paragraph --><!-- wp:paragraph -->\n<p><strong>O OLHAR DE VOLUNT\u00c1RIOS NOS TESTES DA VACINA DE <em>OXFORD<\/em><\/strong><\/p>\n<!-- \/wp:paragraph --><!-- wp:paragraph -->\n<p>A jornalista Jana\u00edna Wille, 23 anos, detalha que a vontade em contribuir com a ci\u00eancia foi o primeiro fator que a levou a ser volunt\u00e1ria. Ao dar detalhes de sua participa\u00e7\u00e3o no estudo, Wille explica que recebeu, em um primeiro momento, o placebo, n\u00e3o a vacina em si. A primeira dose da vacina <em>Oxford-AstraZeneca<\/em> foi aplicada no dia 22 de fevereiro de 2021 e a segunda dose foi feita no m\u00eas de maio de 2021.\u00a0<\/p>\n<!-- \/wp:paragraph --><!-- wp:paragraph -->\n<p>Receber a segunda aplica\u00e7\u00e3o, conforme menciona Wille: \u201cFoi muito legal e deu um pouco mais de seguran\u00e7a, porque, enquanto\u00a0 jornalista, eu trabalhava toda a pandemia presencialmente, saindo para rua, fazendo reportagens, contando a realidade aqui na cidade pra todo mundo. N\u00e3o cheguei a trabalhar de casa, n\u00e3o consegui fazer um isolamento por conta da minha profiss\u00e3o\u201d. Embora a aplica\u00e7\u00e3o das duas doses tenha trazido seguran\u00e7a, a jornalista destaca que n\u00e3o deixou de seguir os protocolos de preven\u00e7\u00e3o contra a Covid-19: \u201cSegui com o distanciamento, me cuidando, at\u00e9 porque a gente sabe que a vacina tem uma certa efic\u00e1cia, ela ajuda a diminuir os \u00edndices de interna\u00e7\u00f5es e de mortes.\u201d A jornalista ainda pontua que poderia contrair o v\u00edrus, tornar-se uma transmissora e passar para outras pessoas que ainda n\u00e3o se vacinaram.<\/p>\n<!-- \/wp:paragraph --><!-- wp:paragraph -->\n<p>O jornalista Felipe Backes, 22 anos, \u00e9 outro participante dos testes. Ele recebeu a primeira dose no dia 19 de outubro de 2020 e a segunda foi aplicada no dia 18 de novembro de 2020. Backes diz que o sentimento de seguran\u00e7a nos testes foi do in\u00edcio ao fim. Ele acredita que a UFSM \u00e9 uma institui\u00e7\u00e3o consolidada e que a AstraZeneca &#8211; por ser uma empresa mundial &#8211; associada \u00e0 Universidade de Oxford, foi um combo que gerou confiabilidade para participar do estudo. Em rela\u00e7\u00e3o aos impactos sociais que os estudos t\u00eam socialmente, Backes diz n\u00e3o saber como mensur\u00e1-los, mas afirma que: \u201cTenho total consci\u00eancia de que o papel do voluntariado impactou para que a vacina estivesse dispon\u00edvel t\u00e3o cedo pro pa\u00eds, por mais que outras vacinas tivessem sido oferecidas antes ao Brasil.\u201d.<\/p>\n<!-- \/wp:paragraph --><!-- wp:paragraph -->\n<p><strong>A CONTRIBUI\u00c7\u00c3O CIENT\u00cdFICA DA UFSM PARA AL\u00c9M DO ARCO<\/strong><\/p>\n<figure id=\"attachment_3580\" aria-describedby=\"caption-attachment-3580\" style=\"width: 1024px\" class=\"wp-caption aligncenter\"><img decoding=\"async\" class=\"wp-image-3580 size-large\" src=\"https:\/\/www.ufsm.br\/app\/uploads\/sites\/714\/2021\/08\/DSC_0181-1024x683.jpg\" alt=\"Fotografia de um pr\u00e9dio de seis pavimentos na horizontal e colorida. A perspectiva \u00e9 da esquina mostrando a frente e a lateral do pr\u00e9dio. O pr\u00e9dio \u00e9 na cor verde envelhecido, com tons de bege na parte frontal. Algumas das janelas est\u00e3o abertas, outras fechadas. Centralizado na foto, o acesso para um estacionamento que fica em frente ao pr\u00e9dio. Alguns carros est\u00e3o estacionados. No acesso ao estacionamento h\u00e1 uma placa de proibido com a informa\u00e7\u00e3o &quot;Entrada proibida&quot;. \u00c0 esquerda, algumas \u00e1rvores com copa cheia. \u00c0 esquerda, uma \u00e1rvore sem folhas, uma casinha de luz na cor branca e algumas palmeiras.\" width=\"1024\" height=\"683\" srcset=\"https:\/\/www.ufsm.br\/app\/uploads\/sites\/714\/2021\/08\/DSC_0181-1024x683.jpg 1024w, https:\/\/www.ufsm.br\/app\/uploads\/sites\/714\/2021\/08\/DSC_0181-300x200.jpg 300w, https:\/\/www.ufsm.br\/app\/uploads\/sites\/714\/2021\/08\/DSC_0181-768x512.jpg 768w, https:\/\/www.ufsm.br\/app\/uploads\/sites\/714\/2021\/08\/DSC_0181-1536x1024.jpg 1536w, https:\/\/www.ufsm.br\/app\/uploads\/sites\/714\/2021\/08\/DSC_0181-272x182.jpg 272w, https:\/\/www.ufsm.br\/app\/uploads\/sites\/714\/2021\/08\/DSC_0181.jpg 1920w\" sizes=\"(max-width: 1024px) 100vw, 1024px\" \/><figcaption id=\"caption-attachment-3580\" class=\"wp-caption-text\">Pr\u00e9dio do Hospital Universit\u00e1rio de Santa Maria (HUSM), local em que s\u00e3o realizados os testes de vacinas e o atendimento contra a Covid-19. Foto: Pedro Souza<\/figcaption><\/figure>\n<!-- \/wp:paragraph --><!-- wp:paragraph -->\n<p>Dois estudos not\u00f3rios de vacinas contra a COVID-19 foram feitos na UFSM. Como j\u00e1 mencionado, um deles foi a da vacina <em>Clover<\/em>, j\u00e1 o outro \u00e9 associado \u00e0 farmac\u00eautica brit\u00e2nica AstraZeneca em parceria com a Universidade de Oxford. Com os estudos almeja-se acelerar o desenvolvimento e a fabrica\u00e7\u00e3o do imunizante contra a COVID-19.<\/p>\n<!-- \/wp:paragraph --><!-- wp:paragraph -->\n<p>O respons\u00e1vel pelos testes na UFSM, o professor Alexandre Vargas Schwarzbold, do Departamento de Cl\u00ednica M\u00e9dica, ressalta que os estudos, tanto de Oxford quanto da <em>Clover<\/em>, tiveram financiamento privado. Schwarzbold informa que \u00e9 a partir de dados concretos produzidos nas universidades que ocorre o financiamento de pesquisas com grande n\u00famero de pessoas, ou seja, a experi\u00eancia do centro de pesquisa cl\u00ednica \u00e9 um fator central. Exige-se tamb\u00e9m, uma estrutura laboratorial com equipes de dezenas de pessoas para trabalhar ao mesmo tempo, na UFSM, por exemplo, foram randomizadas em torno de 800 pessoas &#8211; mesmo com prazo curto, conclui o professor.\u00a0<\/p>\n<!-- \/wp:paragraph --><!-- wp:paragraph -->\n<p>A participa\u00e7\u00e3o da UFSM em estudos como esses faz com que a institui\u00e7\u00e3o ganhe mais visibilidade, credibilidade e possibilita novos caminhos para realizar mais projetos de vacinas, mais parcerias, incentivar a pesquisa, valorizar os profissionais e contribuir para o desenvolvimento da sociedade.<\/p>\n<!-- \/wp:paragraph --><!-- wp:paragraph {\"align\":\"right\"} -->\n<p class=\"has-text-align-right\"><em>Reportagem: Gustavo Salin Nuh<\/em><\/p>\n<!-- \/wp:paragraph --><!-- wp:paragraph {\"align\":\"right\"} -->\n<p class=\"has-text-align-right\"><em>Contato: salingustavo@gmail.com; @Gustavo_nuh<\/em><\/p>\n<!-- \/wp:paragraph -->\t\t\t\t\t\t<\/div>\n\t\t\t\t<\/div>\n\t\t\t\t\t<\/div>\n\t\t<\/div>\n\t\t\t\t\t<\/div>\n\t\t<\/section>\n\t\t\t\t<\/div>\n\t\t","protected":false},"excerpt":{"rendered":"<p>Entenda, sob o olhar do pesquisador respons\u00e1vel e de volunt\u00e1rios, os bastidores dos testes da vacina SCB-2019 contra a Covid-19 na UFSM Em 16 de mar\u00e7o de 2020, a Universidade Federal de Santa Maria (UFSM) suspendeu as atividades acad\u00eamicas e administrativas presenciais em decorr\u00eancia da Covid-19, mas n\u00e3o deixou de atuar no combate \u00e0 doen\u00e7a. [&hellip;]<\/p>\n","protected":false},"author":3385,"featured_media":3580,"comment_status":"closed","ping_status":"closed","sticky":false,"template":"","format":"standard","meta":{"footnotes":""},"categories":[251,275,287],"tags":[262,259,263,288,257,289],"class_list":["post-3578","post","type-post","status-publish","format-standard","has-post-thumbnail","hentry","category-26a-edicao","category-pagina-inicial","category-saude-26a-edicao","tag-txt","tag-ed26","tag-jornalismo","tag-saude","tag-ufsm","tag-vacinas"],"acf":[],"_links":{"self":[{"href":"https:\/\/www.ufsm.br\/midias\/experimental\/revistatxt\/wp-json\/wp\/v2\/posts\/3578","targetHints":{"allow":["GET"]}}],"collection":[{"href":"https:\/\/www.ufsm.br\/midias\/experimental\/revistatxt\/wp-json\/wp\/v2\/posts"}],"about":[{"href":"https:\/\/www.ufsm.br\/midias\/experimental\/revistatxt\/wp-json\/wp\/v2\/types\/post"}],"author":[{"embeddable":true,"href":"https:\/\/www.ufsm.br\/midias\/experimental\/revistatxt\/wp-json\/wp\/v2\/users\/3385"}],"replies":[{"embeddable":true,"href":"https:\/\/www.ufsm.br\/midias\/experimental\/revistatxt\/wp-json\/wp\/v2\/comments?post=3578"}],"version-history":[{"count":0,"href":"https:\/\/www.ufsm.br\/midias\/experimental\/revistatxt\/wp-json\/wp\/v2\/posts\/3578\/revisions"}],"wp:featuredmedia":[{"embeddable":true,"href":"https:\/\/www.ufsm.br\/midias\/experimental\/revistatxt\/wp-json\/wp\/v2\/media\/3580"}],"wp:attachment":[{"href":"https:\/\/www.ufsm.br\/midias\/experimental\/revistatxt\/wp-json\/wp\/v2\/media?parent=3578"}],"wp:term":[{"taxonomy":"category","embeddable":true,"href":"https:\/\/www.ufsm.br\/midias\/experimental\/revistatxt\/wp-json\/wp\/v2\/categories?post=3578"},{"taxonomy":"post_tag","embeddable":true,"href":"https:\/\/www.ufsm.br\/midias\/experimental\/revistatxt\/wp-json\/wp\/v2\/tags?post=3578"}],"curies":[{"name":"wp","href":"https:\/\/api.w.org\/{rel}","templated":true}]}}