{"id":3582,"date":"2021-08-31T14:00:15","date_gmt":"2021-08-31T17:00:15","guid":{"rendered":"https:\/\/www.ufsm.br\/midias\/experimental\/revistatxt\/?p=3582"},"modified":"2021-09-01T02:15:55","modified_gmt":"2021-09-01T05:15:55","slug":"alunos-e-servidores-com-deficiencia-visual-enfrentam-desafios-no-ensino-remoto","status":"publish","type":"post","link":"https:\/\/www.ufsm.br\/midias\/experimental\/revistatxt\/2021\/08\/31\/alunos-e-servidores-com-deficiencia-visual-enfrentam-desafios-no-ensino-remoto","title":{"rendered":"Alunos e servidores com defici\u00eancia visual enfrentam desafios no Ensino Remoto"},"content":{"rendered":"\n<div class=\"wp-block-image\"><figure class=\"aligncenter size-large\"><img fetchpriority=\"high\" decoding=\"async\" width=\"1024\" height=\"683\" src=\"https:\/\/www.ufsm.br\/app\/uploads\/sites\/714\/2021\/08\/DSC_0013-1024x683.jpg\" alt=\"Foto horizontal e colorida, vista em profundidade, de uma cal\u00e7ada de concreto com piso t\u00e1til em cor rosa envelhecido. A cal\u00e7ada se localiza do centro para a esquerda da imagem. \u00c0 esquerda da cal\u00e7ada, um canteiro com diversas \u00e1rvores, lado a lado. Logo depois, uma rua com pavimenta\u00e7\u00e3o de paralelep\u00edpedos. \u00c0 direita da cal\u00e7ada um grande gramado. \u00c0 direita do gramado, uma edifica\u00e7\u00e3o branca seguida de um bosque fechado. Ao fundo, centralizado na imagem, um pr\u00e9dio cinza com aproximadamente nove pavimentos, e elementos de prote\u00e7\u00e3o solar na cor branca em todas as janelas. Em frente ao pr\u00e9dio, algumas \u00e1rvores com copas cheias. Acima do pr\u00e9dio, o c\u00e9u azul.\" class=\"wp-image-3583\" srcset=\"https:\/\/www.ufsm.br\/app\/uploads\/sites\/714\/2021\/08\/DSC_0013-1024x683.jpg 1024w, https:\/\/www.ufsm.br\/app\/uploads\/sites\/714\/2021\/08\/DSC_0013-300x200.jpg 300w, https:\/\/www.ufsm.br\/app\/uploads\/sites\/714\/2021\/08\/DSC_0013-768x512.jpg 768w, https:\/\/www.ufsm.br\/app\/uploads\/sites\/714\/2021\/08\/DSC_0013-1536x1024.jpg 1536w, https:\/\/www.ufsm.br\/app\/uploads\/sites\/714\/2021\/08\/DSC_0013-2048x1366.jpg 2048w, https:\/\/www.ufsm.br\/app\/uploads\/sites\/714\/2021\/08\/DSC_0013-272x182.jpg 272w\" sizes=\"(max-width: 1024px) 100vw, 1024px\" \/><figcaption>Piso t\u00e1til que leva at\u00e9 o pr\u00e9dio da Reitoria da UFSM. Foto: Pedro Souza<\/figcaption><\/figure><\/div>\n\n\n\n<p>Mesmo com o avan\u00e7o da vacina\u00e7\u00e3o contra o coronav\u00edrus, a UFSM segue com suas aulas presenciais suspensas desde o dia 16 de mar\u00e7o de 2020. Um longo per\u00edodo que exigiu a adapta\u00e7\u00e3o de toda a comunidade acad\u00eamica, para que fosse poss\u00edvel dar continuidade \u00e0s atividades de forma remota. Durante o ensino remoto, alunos e servidores com defici\u00eancia visual n\u00e3o tiveram que lidar com barreiras f\u00edsicas, mas se depararam com barreiras comunicacionais e metodol\u00f3gicas.<\/p>\n\n\n\n<p>Para Let\u00edcia Severo da Rosa, 41, que ingressou no curso de Comunica\u00e7\u00e3o Social &#8211; Jornalismo, no in\u00edcio de 2020, as dificuldades foram ainda maiores. Ela tem defici\u00eancia visual cong\u00eanita e, apesar de j\u00e1 estar adaptada aos recursos tecnol\u00f3gicos, precisou se adequar \u00e0s atividades propostas no ensino remoto.&nbsp;<\/p>\n\n\n\n<p>A acad\u00eamica de Jornalismo come\u00e7ou o curso pouco antes da suspens\u00e3o das aulas e,&nbsp; sem a experi\u00eancia presencial, enfrentou muitas dificuldades. Para ela, o suporte da comunidade acad\u00eamica foi imprescind\u00edvel nesse momento: \u201cTive o apoio do N\u00facleo [Subdivis\u00e3o de Acessibilidade] e a boa vontade dos professores. Tive a chance de ter colegas bem engajados, bem sol\u00edcitos, mas temos aquelas dificuldades que s\u00e3o inevit\u00e1veis\u201d, disse a acad\u00eamica.<\/p>\n\n\n\n<div class=\"wp-block-image\"><figure class=\"aligncenter size-full\"><img decoding=\"async\" width=\"1024\" height=\"768\" src=\"https:\/\/www.ufsm.br\/app\/uploads\/sites\/714\/2021\/08\/Leticia.jpg\" alt=\"Foto horizontal e colorida, tirada em perfil,  de uma mulher negra, com cabelo preto, liso e comprimento pouco abaixo dos ombros, sentada em uma cadeira e mexendo em um notebook apoiado sobre uma mesa quadrada. A mesa est\u00e1 \u00e0 direita na imagem. Pr\u00f3ximo ao notebook, alguns aparelhos de radiojornalismo, como microfones e caixas de som. A mulher est\u00e1 em uma pequena sala, e  ao fundo, h\u00e1 uma parede revestida com espuma para isolamento ac\u00fastico. \u00c0 esquerda na imagem, uma porta est\u00e1 aberta.\" class=\"wp-image-3584\" srcset=\"https:\/\/www.ufsm.br\/app\/uploads\/sites\/714\/2021\/08\/Leticia.jpg 1024w, https:\/\/www.ufsm.br\/app\/uploads\/sites\/714\/2021\/08\/Leticia-300x225.jpg 300w, https:\/\/www.ufsm.br\/app\/uploads\/sites\/714\/2021\/08\/Leticia-768x576.jpg 768w\" sizes=\"(max-width: 1024px) 100vw, 1024px\" \/><figcaption>Let\u00edcia produzindo conte\u00fado em um est\u00fadio da Web R\u00e1dio Uni\u00e3o, r\u00e1dio produzida pela Uni\u00e3o De Cegos Do Rio Grande Do Sul (UCERGS). Foto: Arquivo pessoal<\/figcaption><\/figure><\/div>\n\n\n\n<p><strong>Apoio psicol\u00f3gico e pedag\u00f3gico<\/strong><\/p>\n\n\n\n<p>A Coordenadoria de A\u00e7\u00f5es Educacionais (CAEd),&nbsp; que desde as interrup\u00e7\u00f5es das atividades presenciais atua de forma remota, desenvolve a\u00e7\u00f5es de apoio ao p\u00fablico da UFSM. A Subdivis\u00e3o de Acessibilidade, criada em 2007, faz a media\u00e7\u00e3o entre os professores, a coordena\u00e7\u00e3o, o aluno e seus colegas. O atendimento \u00e9 realizado atrav\u00e9s de uma equipe multidisciplinar. Os servi\u00e7os de apoio psicol\u00f3gico e pedag\u00f3gico oferecidos, s\u00e3o importantes na inclus\u00e3o e focados na perman\u00eancia de alunos com defici\u00eancia visual na Institui\u00e7\u00e3o.<\/p>\n\n\n\n<p>De acordo com a T\u00e9cnica em Assuntos Educacionais, Fabiane Vanessa Breitenbach, quase toda semana alguma atividade \u00e9 ofertada pela Subdivis\u00e3o. \u00c9 papel de toda a comunidade acad\u00eamica possibilitar a constru\u00e7\u00e3o de uma pol\u00edtica de acesso e perman\u00eancia dos alunos com baixa vis\u00e3o e cegos matriculados na UFSM. Esses eventos e palestras surgem como um caminho importante na busca da acessibilidade.<\/p>\n\n\n\n<p>Segundo dados disponibilizados pelo CAEd, no ano passado foram ofertadas treze (13) palestras, totalizando 547 participantes: \u201c\u00c9 um n\u00famero maior quando comparado aos eventos presenciais que faz\u00edamos antes da pandemia. Al\u00e9m disso, com as edi\u00e7\u00f5es online estamos atingindo o p\u00fablico externo \u00e0 UFSM, de outras universidades e tamb\u00e9m pa\u00edses, pessoas que, se fosse na modalidade presencial, n\u00e3o teriam como participar dos nossos eventos\u201d, afirmou Breitenbach.<\/p>\n\n\n\n<p>Al\u00e9m da adapta\u00e7\u00e3o dos profissionais, \u00e9 necess\u00e1rio que haja uma adequa\u00e7\u00e3o dos materiais fornecidos aos alunos deficientes visuais. &nbsp;A acad\u00eamica de Jornalismo explica que os leitores de tela s\u00e3o softwares que podem ser instalados em computadores ou em aparelhos celulares. Eles percorrem textos e imagens, l\u00eaem em voz alta tudo o que ele encontra na tela. No ano passado, a estudante passou por algumas dificuldades em rela\u00e7\u00e3o ao material disponibilizado no ensino remoto: \u201cQuando tiram fotos do livro, \u00e0s vezes aparecem umas dobras, coisas que atrapalham o leitor de tela. O leitor de tela s\u00f3 vai ler aquilo que ele conseguir identificar\u201d, explicou.<\/p>\n\n\n\n<p>Quando alunos com defici\u00eancia visual ingressam, a pr\u00f3pria Subdivis\u00e3o de Acessibilidade entra em contato com os professores para informar a exist\u00eancia do servi\u00e7o de adequa\u00e7\u00e3o de material, seja no in\u00edcio ou ao longo do semestre, atrav\u00e9s de um <a href=\"https:\/\/docs.google.com\/forms\/d\/e\/1FAIpQLSeG2TlUv8Sc-idmP5NIt7-LZ_fz8WG0GZzxRexdNAer8Zfx8g\/viewform\">formul\u00e1rio eletr\u00f4nico<\/a>. \u00c9 importante lembrar que, al\u00e9m de bem adaptado, o material precisa ser disponibilizado com anteced\u00eancia no Moodle ou e-mail do estudante.<\/p>\n\n\n\n<p>Os servi\u00e7os disponibilizados pela Subdivis\u00e3o de Acessibilidade n\u00e3o se resumem ao aux\u00edlio com materiais:&nbsp; \u201cTemos [acesso \u00e0] profissionais que atendem em um hor\u00e1rio dispon\u00edvel para nos dar suporte nas dificuldades que temos na vida acad\u00eamica, como execu\u00e7\u00e3o de alguma tarefa ou dificuldades de acesso, e at\u00e9 mesmo em assuntos pessoais\u201d, exp\u00f5e Da Rosa.<\/p>\n\n\n\n<p><strong>Respeito \u00e0s individualidades<\/strong><\/p>\n\n\n\n<p>O CAEd salienta que a comunidade acad\u00eamica precisa estar atenta \u00e0s individualidades de cada aluno. Breitenbach explica que ter experi\u00eancia com um estudante cego ou de baixa vis\u00e3o, n\u00e3o quer dizer que sabemos lidar com todos: \u201cPrecisamos estimular o uso dos recursos dispon\u00edveis. Se um aluno n\u00e3o conhece Braille ou n\u00e3o sabe utilizar os leitores de tela, isso n\u00e3o significa que ele nunca vai aprender. Tudo \u00e9 ensinado\u201d.<\/p>\n\n\n\n<p>\u201cUm clique de voc\u00eas [estudantes sem defici\u00eancia] s\u00e3o in\u00fameros comandos que acionamos no teclado. Ent\u00e3o, \u00e0s vezes, vamos conseguir ter acesso a algum material, mas ele n\u00e3o vai se tornar pr\u00e1tico para aquele momento\u201d, compartilha a acad\u00eamica. \u201cAl\u00e9m dessas quest\u00f5es mais abrangentes, tem a quest\u00e3o individual de cada um\u201d, complementou a aluna.<\/p>\n\n\n\n<p>Para a acad\u00eamica de Pedagogia, Rutil\u00e9ia Campos, a adapta\u00e7\u00e3o ao ensino remoto foi mais complicada. Devido \u00e0 defici\u00eancia visual, Rutil\u00e9ia deixou de estudar na adolesc\u00eancia. Voltou a estudar depois de 20 anos, atrav\u00e9s do EJA, modalidade de Educa\u00e7\u00e3o de Jovens e Adultos. Prestou a prova do Enem e ingressou no curso de Pedagogia em 2020, na UFSM.<\/p>\n\n\n\n<p>\u201cFoi bastante complicado, entrei junto com a pandemia. O desafio foi maior para mim, pois tive que utilizar a tecnologia. N\u00e3o entendia nada de computador. A mudan\u00e7a foi muito grande. Cheguei a pensar em desistir\u201d, desabafou Rutil\u00e9ia. O apoio do CAEd foi um fator decisivo na sua perman\u00eancia. \u201cO atendimento \u00e9 incr\u00edvel, me auxiliou bastante, junto com minhas monitoras\u201d, contou a aluna.<\/p>\n\n\n\n<p>Rutil\u00e9ia n\u00e3o esconde a felicidade: \u201cHoje j\u00e1 consigo dominar o Moodle. Aprendi a utilizar o e-mail. \u00c0s vezes n\u00e3o acredito que consegui. Me sinto uma vencedora ao alcan\u00e7ar esses objetivos que eu sonhava. Quero trabalhar na \u00e1rea da Educa\u00e7\u00e3o Especial, da acessibilidade. Estou cheia de sonhos e de projetos. Ningu\u00e9m \u00e9 incapaz\u201d, declara a acad\u00eamica de Pedagogia.<\/p>\n\n\n\n<p>As expectativas de um retorno ao presencial s\u00e3o altas para as duas discentes. A comunidade acad\u00eamica quer o retorno. Independente da data, o importante \u00e9 que a Universidade inclua cada vez mais esses alunos, e ofere\u00e7a condi\u00e7\u00f5es para um aprendizado efetivo em todos os setores.<\/p>\n\n\n\n<p><strong>Acessibilidade em todos os setores<\/strong><\/p>\n\n\n\n<p>Primeira servidora cega a chegar na UFSM, a t\u00e9cnica-administrativa Fernanda Taschetto, iniciou suas atividades na institui\u00e7\u00e3o em 2005. Desde l\u00e1, acompanha o crescimento da institui\u00e7\u00e3o nas quest\u00f5es de acessibilidade e inclus\u00e3o: \u201cAvan\u00e7amos na remo\u00e7\u00e3o das barreiras arquitet\u00f4nicas, comunicacionais e metodol\u00f3gicas, e aprendemos com a necessidade espec\u00edfica de cada pessoa que ingressa na UFSM\u201d, conta Taschetto.<\/p>\n\n\n\n<div class=\"wp-block-image\"><figure class=\"aligncenter size-large\"><img decoding=\"async\" width=\"1024\" height=\"519\" src=\"https:\/\/www.ufsm.br\/app\/uploads\/sites\/714\/2021\/08\/Fernanda-Taschetto-1024x519.jpg\" alt=\"Foto horizontal e colorida, centralizada e enquadrada do peito para cima, de uma mulher branca, deficiente visual, com cabelo castanho, liso e comprimento na altura do ombro. Ela est\u00e1 sentada no corredor de uma biblioteca, entre duas estantes de livros. Ela veste uma blusa estilo regata, branca, com estampas na cor dourada e rosa. A mulher usa acess\u00f3rios como brincos e uma corrente dourada no pesco\u00e7o.  Ela est\u00e1 com o olhar voltado para a c\u00e2mera com express\u00e3o neutra. Nas estantes, h\u00e1 diversos livros organizados por categorias.\" class=\"wp-image-3585\" srcset=\"https:\/\/www.ufsm.br\/app\/uploads\/sites\/714\/2021\/08\/Fernanda-Taschetto-1024x519.jpg 1024w, https:\/\/www.ufsm.br\/app\/uploads\/sites\/714\/2021\/08\/Fernanda-Taschetto-300x152.jpg 300w, https:\/\/www.ufsm.br\/app\/uploads\/sites\/714\/2021\/08\/Fernanda-Taschetto-768x389.jpg 768w, https:\/\/www.ufsm.br\/app\/uploads\/sites\/714\/2021\/08\/Fernanda-Taschetto.jpg 1260w\" sizes=\"(max-width: 1024px) 100vw, 1024px\" \/><figcaption>Fernanda Taschetto na biblioteca do Centro de Educa\u00e7\u00e3o. Foto: TV Campus<\/figcaption><\/figure><\/div>\n\n\n\n<p>A servidora tem uma doen\u00e7a degenerativa na retina que come\u00e7ou a se manifestar a partir de seus 12 anos. Com a evolu\u00e7\u00e3o da doen\u00e7a, Fernanda perdeu a vis\u00e3o. \u201cHoje sou cega, mas tenho sentimentos bem diferentes do que naquele tempo [da adolesc\u00eancia], justamente pelo meu amadurecimento. Minha depend\u00eancia na locomo\u00e7\u00e3o \u00e9 a maior dificuldade que enfrento\u201d, conta a t\u00e9cnica-administrativa.<\/p>\n\n\n\n<p>Os colegas da biblioteca do Centro de Educa\u00e7\u00e3o nunca tinham convivido com uma pessoa com defici\u00eancia visual antes de conhecerem a servidora. A primeira medida adotada foi a adapta\u00e7\u00e3o do computador com um leitor de tela, o que \u00e9 fundamental para proporcionar a autonomia de deficientes visuais. Em um primeiro momento, houve estranheza e d\u00favida quanto \u00e0s atividades que a t\u00e9cnica-administrativa poderia realizar, mas com a conviv\u00eancia essas barreiras foram vencidas.<\/p>\n\n\n\n<p><\/p>\n\n\n\n<div class=\"wp-block-image\"><figure class=\"aligncenter size-large\"><img loading=\"lazy\" decoding=\"async\" width=\"1024\" height=\"582\" src=\"https:\/\/www.ufsm.br\/app\/uploads\/sites\/714\/2021\/08\/Fernanda-Trabalhando-1024x582.jpg\" alt=\"Foto horizontal e colorida de uma mulher, deficiente visual, branca com cabelo castanho, liso e comprimento na altura do ombro, sentada atr\u00e1s de uma mesa e digitando no teclado de um computador. Apoiada em um monitor de cor preta, uma placa branca com a informa\u00e7\u00e3o \u201cN\u00e3o posso v\u00ea-lo, mas posso atend\u00ea-lo. Chame-me! Fernanda\u201d. \u00c0 esquerda, uma parede com janelas amplas. \u00c0 direita, ao fundo, um globo terrestre apoiado sobre uma bancada. A mulher veste uma blusa estilo regata, branca, com estampas na cor dourada e rosa, e usa uma corrente dourada no pesco\u00e7o.  Ela est\u00e1 com o olhar voltado para a o teclado do computador. Ao lado do monitor, alguns fios e aparelhos como mouse e um leitor de c\u00f3digo de barras.\" class=\"wp-image-3586\" srcset=\"https:\/\/www.ufsm.br\/app\/uploads\/sites\/714\/2021\/08\/Fernanda-Trabalhando-1024x582.jpg 1024w, https:\/\/www.ufsm.br\/app\/uploads\/sites\/714\/2021\/08\/Fernanda-Trabalhando-300x170.jpg 300w, https:\/\/www.ufsm.br\/app\/uploads\/sites\/714\/2021\/08\/Fernanda-Trabalhando-768x436.jpg 768w, https:\/\/www.ufsm.br\/app\/uploads\/sites\/714\/2021\/08\/Fernanda-Trabalhando.jpg 1253w\" sizes=\"(max-width: 1024px) 100vw, 1024px\" \/><figcaption>Fernanda em sua mesa de trabalho com um aviso sobre a defici\u00eancia visual. Foto: TV Campus<\/figcaption><\/figure><\/div>\n\n\n\n<p>A t\u00e9cnica-administrativa destaca a atua\u00e7\u00e3o da Subdivis\u00e3o de Acessibilidade junto \u00e0s necessidades da comunidade acad\u00eamica como fator importante no acolhimento de pessoas com defici\u00eancia: \u201cVejo o interesse crescente no desenvolvimento de projetos e na procura por palestras, capacita\u00e7\u00f5es e cursos nestas \u00e1reas. Avan\u00e7aremos cada vez mais\u201d.<\/p>\n\n\n\n<p>Com o retorno \u00e0s atividades presenciais mais hist\u00f3rias de inclus\u00e3o como a de Taschetto, podem acontecer. Ser diferente n\u00e3o \u00e9 ser incapaz. Hist\u00f3rias assim nos motivam a buscar, todos os dias, uma constante evolu\u00e7\u00e3o e aprendizado para conviver com as diferen\u00e7as.<\/p>\n\n\n\n<p><strong>CAEd possui diversos setores de apoio:<\/strong><\/p>\n\n\n\n<figure class=\"wp-block-image size-large\"><img loading=\"lazy\" decoding=\"async\" width=\"1024\" height=\"600\" src=\"https:\/\/www.ufsm.br\/app\/uploads\/sites\/714\/2021\/09\/image2-1024x600.png\" alt=\"Imagem do fluxograma da Coordenadoria de A\u00e7\u00f5es Educacionais (CAED). Na parte superior da imagem, centralizado, est\u00e1 uma caixa (ret\u00e2ngulo) na cor azul, com a escrita CAED. Abaixo, ligadas a ela, est\u00e3o cinco caixas \u2013 tr\u00eas na cor laranja e duas na cor verde. Na cor laranja est\u00e3o, da esquerda para a direita: a caixa com a escrita Acessibilidade, a caixa com a escrita Apoio \u00e0 Aprendizagem e a caixa com a escrita A\u00e7\u00f5es Afirmativas. Na mesma linha, as caixas verdes s\u00e3o, respectivamente, a caixa com a escrita Sa\u00fade Mental e a caixa com a escrita Observat\u00f3rio de Inclus\u00e3o. Abaixo da caixa com a escrita Acessibilidade est\u00e3o, uma abaixo da outra, 11 caixas na cor laranja claro, representando as a\u00e7\u00f5es desenvolvidas: Adapta\u00e7\u00e3o de textos; Atendimento Educacional Especializado; Atendimento Fonoaudiol\u00f3gico; Atendimento com Terapeuta Ocupacional; Audiodescri\u00e7\u00e3o (AD) e Descri\u00e7\u00e3o de imagem; Grava\u00e7\u00e3o em Libras; Tradu\u00e7\u00e3o e Interpreta\u00e7\u00e3o L\u00edngua Brasileira de Sinais; Orienta\u00e7\u00f5es \u00e0 comunidade acad\u00eamica; Palestras; Produ\u00e7\u00e3o de materiais; e Projetos, sendo as 4 \u00faltimas caixas em tom de laranja ainda mais claro. Abaixo da caixa com a escrita Apoio \u00e0 Aprendizagem est\u00e3o, uma abaixo da outra, 12 caixas na cor laranja claro, representando as a\u00e7\u00f5es desenvolvidas: Acompanhamento Resolu\u00e7\u00e3o 33\/2015; Atendimento Pedag\u00f3gico; Avalia\u00e7\u00e3o Psicopedag\u00f3gica; Monitoria de F\u00edsica; Monitoria de L\u00edngua Portuguesa e Produ\u00e7\u00e3o textual; Monitoria de Matem\u00e1tica; Monitoria de Qu\u00edmica; Orienta\u00e7\u00f5es Resolu\u00e7\u00e3o 33\/2015 aos servidores; Orienta\u00e7\u00f5es \u00e0 comunidade acad\u00eamica; Palestras e Minicursos; Produ\u00e7\u00e3o de materiais; e Projetos, sendo as 4 \u00faltimas caixas em tom de laranja ainda mais claro. Abaixo da caixa com a escrita A\u00e7\u00f5es Afirmativas est\u00e3o, uma abaixo da outra, 10 caixas na cor laranja claro, representando as a\u00e7\u00f5es desenvolvidas: Monitoria de Apoio \u00e0 Leitura de textos Acad\u00eamicos; Monitoria de Apoio \u00e0s Tecnologias digitais; Monitoria Ind\u00edgena; Monitoria Portugu\u00eas como L\u00edngua de Acolhimento; Participa\u00e7\u00e3o em A\u00e7\u00f5es de Ingresso Acad\u00eamico; Rotas de Intera\u00e7\u00e3o; Orienta\u00e7\u00f5es \u00e0 comunidade acad\u00eamica; Palestras, Rodas de conversa e Cursos; Produ\u00e7\u00e3o de materiais; e Projetos, sendo as 4 \u00faltimas caixas em tom de laranja ainda mais claro. Abaixo da caixa com a escrita Sa\u00fade Mental est\u00e3o, uma abaixo da outra, 6 caixas na cor verde claro, representando as a\u00e7\u00f5es desenvolvidas nesta \u00e1rea: Atendimento Psicol\u00f3gico; Atendimento Psiqui\u00e1trico; Est\u00e1gios; Palestras; Produ\u00e7\u00e3o de materiais; e Projetos, sendo as 3 \u00faltimas caixas em tom de verde ainda mais claro. Abaixo da caixa com a escrita Observat\u00f3rio de Inclus\u00e3o est\u00e1 uma caixa na cor verde com a descri\u00e7\u00e3o: Avalia\u00e7\u00e3o das a\u00e7\u00f5es de Inclus\u00e3o na Universidade.\" class=\"wp-image-3594\" srcset=\"https:\/\/www.ufsm.br\/app\/uploads\/sites\/714\/2021\/09\/image2-1024x600.png 1024w, https:\/\/www.ufsm.br\/app\/uploads\/sites\/714\/2021\/09\/image2-300x176.png 300w, https:\/\/www.ufsm.br\/app\/uploads\/sites\/714\/2021\/09\/image2-768x450.png 768w, https:\/\/www.ufsm.br\/app\/uploads\/sites\/714\/2021\/09\/image2.png 1536w\" sizes=\"(max-width: 1024px) 100vw, 1024px\" \/><\/figure>\n\n\n\n<p><strong>Voc\u00ea pode solicitar os servi\u00e7os atrav\u00e9s dos links:<\/strong><\/p>\n\n\n\n<p><a href=\"https:\/\/docs.google.com\/forms\/d\/e\/1FAIpQLSeG2TlUv8Sc-idmP5NIt7-LZ_fz8WG0GZzxRexdNAer8Zfx8g\/viewform\">Solicita\u00e7\u00e3o de adapta\u00e7\u00e3o de textos<\/a><\/p>\n\n\n\n<p><a href=\"https:\/\/docs.google.com\/forms\/d\/e\/1FAIpQLSdy2r_7lMFxyePQvRQ-aDUkeAicO914kUGqY7sjVdhY4prCGw\/viewform\">Solicita\u00e7\u00e3o de apoio a trabalhos, pesquisas e eventos acad\u00eamicos<\/a><\/p>\n\n\n\n<p><strong>Contatos para o suporte<\/strong><\/p>\n\n\n\n<p>CAED\/Acessibilidade UFSM<\/p>\n\n\n\n<p>Telefone: (55) 3220 8730<\/p>\n\n\n\n<p>E-mail: caed.acessibilidade@ufsm.br<\/p>\n\n\n\n<p class=\"has-text-align-right\"><em>Reportagem: Camila Souto<\/em><\/p>\n","protected":false},"excerpt":{"rendered":"<p>Mesmo com o avan\u00e7o da vacina\u00e7\u00e3o contra o coronav\u00edrus, a UFSM segue com suas aulas presenciais suspensas desde o dia 16 de mar\u00e7o de 2020. Um longo per\u00edodo que exigiu a adapta\u00e7\u00e3o de toda a comunidade acad\u00eamica, para que fosse poss\u00edvel dar continuidade \u00e0s atividades de forma remota. Durante o ensino remoto, alunos e servidores [&hellip;]<\/p>\n","protected":false},"author":2432,"featured_media":3587,"comment_status":"closed","ping_status":"closed","sticky":false,"template":"","format":"standard","meta":{"footnotes":""},"categories":[251,275,287],"tags":[290,291,259,292,286],"class_list":["post-3582","post","type-post","status-publish","format-standard","has-post-thumbnail","hentry","category-26a-edicao","category-pagina-inicial","category-saude-26a-edicao","tag-caed","tag-deficiencia-visual","tag-ed26","tag-ensino-remoto","tag-rede"],"acf":[],"_links":{"self":[{"href":"https:\/\/www.ufsm.br\/midias\/experimental\/revistatxt\/wp-json\/wp\/v2\/posts\/3582","targetHints":{"allow":["GET"]}}],"collection":[{"href":"https:\/\/www.ufsm.br\/midias\/experimental\/revistatxt\/wp-json\/wp\/v2\/posts"}],"about":[{"href":"https:\/\/www.ufsm.br\/midias\/experimental\/revistatxt\/wp-json\/wp\/v2\/types\/post"}],"author":[{"embeddable":true,"href":"https:\/\/www.ufsm.br\/midias\/experimental\/revistatxt\/wp-json\/wp\/v2\/users\/2432"}],"replies":[{"embeddable":true,"href":"https:\/\/www.ufsm.br\/midias\/experimental\/revistatxt\/wp-json\/wp\/v2\/comments?post=3582"}],"version-history":[{"count":0,"href":"https:\/\/www.ufsm.br\/midias\/experimental\/revistatxt\/wp-json\/wp\/v2\/posts\/3582\/revisions"}],"wp:featuredmedia":[{"embeddable":true,"href":"https:\/\/www.ufsm.br\/midias\/experimental\/revistatxt\/wp-json\/wp\/v2\/media\/3587"}],"wp:attachment":[{"href":"https:\/\/www.ufsm.br\/midias\/experimental\/revistatxt\/wp-json\/wp\/v2\/media?parent=3582"}],"wp:term":[{"taxonomy":"category","embeddable":true,"href":"https:\/\/www.ufsm.br\/midias\/experimental\/revistatxt\/wp-json\/wp\/v2\/categories?post=3582"},{"taxonomy":"post_tag","embeddable":true,"href":"https:\/\/www.ufsm.br\/midias\/experimental\/revistatxt\/wp-json\/wp\/v2\/tags?post=3582"}],"curies":[{"name":"wp","href":"https:\/\/api.w.org\/{rel}","templated":true}]}}