{"id":3654,"date":"2022-08-31T19:18:07","date_gmt":"2022-08-31T22:18:07","guid":{"rendered":"https:\/\/www.ufsm.br\/midias\/experimental\/revistatxt\/?p=3654"},"modified":"2022-08-31T19:18:10","modified_gmt":"2022-08-31T22:18:10","slug":"caminhos-do-dtg-noel-guarany-frente-a-pandemia","status":"publish","type":"post","link":"https:\/\/www.ufsm.br\/midias\/experimental\/revistatxt\/2022\/08\/31\/caminhos-do-dtg-noel-guarany-frente-a-pandemia","title":{"rendered":"Caminhos do DTG Noel Guarany frente \u00e0 pandemia"},"content":{"rendered":"\n<p><em>Como funcionou o Departamento de Tradi\u00e7\u00f5es Ga\u00fachas da UFSM durante o isolamento e como se encontra atualmente<\/em><\/p>\n\n\n\n<p>O Departamento de Tradi\u00e7\u00f5es Ga\u00fachas (DTG) Noel Guarany \u00e9 vinculado \u00e0 UFSM como um Programa de Extens\u00e3o. Fundado em 22 de outubro de 2005, foi criado com o objetivo de integrar acad\u00eamicos que j\u00e1 possu\u00edam o costume de frequentar o ambiente tradicionalista em suas cidades de origem. O que come\u00e7ou voltado aos estudantes do Centro de Ci\u00eancias Rurais (CCR), logo tomou propor\u00e7\u00f5es maiores, reunindo alunos de diferentes centros. Em 2008, o DTG filiou-se efetivamente ao Movimento Tradicionalista Ga\u00facho (MTG) como Entidade Plena Estudantil.&nbsp;<\/p>\n\n\n\n<p><strong><em>\u201c<\/em><\/strong><strong><em>O MTG \u00e9 um organismo social de natureza nativista, c\u00edvica, cultural, liter\u00e1ria, art\u00edstica e folcl\u00f3rica\u201d &#8211; <\/em><\/strong><a href=\"https:\/\/www.mtg.org.br\/o-que-e-mtg\/\"><strong><em>https:\/\/www.mtg.org.br\/o-que-e-mtg\/<\/em><\/strong><\/a><\/p>\n\n\n\n<p><strong>QUADRO COM AS FORMA\u00c7\u00d5ES:<\/strong><\/p>\n\n\n\n<p><em>Vinculada \u00e0 Universidade e tendo filia\u00e7\u00e3o ao MTG, sua organiza\u00e7\u00e3o interna se diferencia dos demais Centros de Tradi\u00e7\u00f5es Ga\u00fachas (CTG). O DTG Noel Guarany, se estrutura da seguinte forma&nbsp; na atual gest\u00e3o:<\/em><\/p>\n\n\n\n<p><em>Coordenador do programa: Luciano Zucuni Pes<\/em><\/p>\n\n\n\n<p><em>Patr\u00e3o: Eduardo Barasuol<\/em><\/p>\n\n\n\n<p><em>Conselho Diretor: Ver\u00f4nica&nbsp; Lorenset Padoin, Junior de Souza e Eduardo Barasoul<\/em><\/p>\n\n\n\n<p><em>Conselho Adjunto: Gabriela Sarturi Rig\u00e3o e Mauri Arenhardt<\/em><\/p>\n\n\n\n<p><em>Departamentos: Art\u00edstico, Campeiro, Esportes, Jovem, Cultural e Comunica\u00e7\u00e3o.<\/em><\/p>\n\n\n\n<p><em>Prendas: J\u00falia S. Coletto e <\/em><em>Maria Cec\u00edlia Gabbi&nbsp;<\/em><\/p>\n\n\n\n<p><em>Pe\u00e3o: <\/em><em>Anderson Petry&nbsp;<\/em><\/p>\n\n\n\n<p><em>volta para o texto&nbsp;<\/em><\/p>\n\n\n\n<p><strong>A chama tradicionalista \u00e9 abalada:<\/strong><\/p>\n\n\n\n<p>No per\u00edodo entre 2019 e 2020, anterior \u00e0 pandemia, o Departamento de Tradi\u00e7\u00f5es Ga\u00fachas (DTG) Noel Guarany contava com um quadro de mais de 60 membros ativos, composto por acad\u00eamicos da Universidade e cidad\u00e3os da comunidade externa, controle realizado atrav\u00e9s da Ficha de S\u00f3cios. Esse per\u00edodo contou com um dos maiores n\u00fameros de participantes na sua hist\u00f3ria.&nbsp;<\/p>\n\n\n\n<p>Segundo o Patr\u00e3o Eduardo Barasuol, pelo fato do Noel Guarany ser formado, em maioria, por estudantes, o fluxo interno \u00e9 bem elevado. Alguns participam por poucos meses, outros permanecem durante todo o per\u00edodo de forma\u00e7\u00e3o, o que gera uma grande movimenta\u00e7\u00e3o dos membros ativos.&nbsp;<\/p>\n\n\n\n<p>No dia 16 de Mar\u00e7o de 2020, o DTG Noel Guarany publicou oficialmente uma nota informando que as atividades presenciais seriam suspensas devido \u00e0 pandemia do COVID-19. Por ser vinculado \u00e0 Universidade, o DTG seguiu todas as recomenda\u00e7\u00f5es da institui\u00e7\u00e3o, incluindo o calend\u00e1rio de pausa e retorno em decorr\u00eancia do cen\u00e1rio mundial rec\u00e9m vivenciado. O Movimento Tradicionalista Ga\u00facho, em n\u00edvel nacional, tamb\u00e9m lan\u00e7ou orienta\u00e7\u00f5es, as quais foram seguidas e, durante o per\u00edodo de isolamento, os membros retornaram, majoritariamente, para suas cidades de origem.&nbsp;<\/p>\n\n\n\n<p><strong>Mantendo a chama do movimento acesa<\/strong>:&nbsp;&nbsp;<\/p>\n\n\n\n<p>As m\u00eddias sociais que j\u00e1 eram de certa forma utilizadas, ganharam maior aten\u00e7\u00e3o, e passaram a ser o principal meio para manter os integrantes ativos no meio tradicionalista ga\u00facho.&nbsp;<\/p>\n\n\n\n<p>Encontros e eventos remotos foram organizados, a fim de preservar o m\u00ednimo de v\u00ednculo poss\u00edvel entre os participantes do DTG e tamb\u00e9m para que o Noel Guarany chegasse ao seu p\u00fablico externo. O DTG precisou se reestruturar e recorrer \u00e0 criatividade. Uma das ideias foi readaptar as trendings que circulavam nas m\u00eddias sociais, como Instagram e Tik Tok, trazendo para o meio tradicionalista. Em 2021 ocorreu uma gincana virtual, na qual as atividades eram enviadas e os participantes encaminhavam v\u00eddeos realizando as tarefas.&nbsp;<\/p>\n\n\n\n<p>Outra atividade que marcou o per\u00edodo foi o 1\u00ba VirtuArtch\u00ca, um rodeio art\u00edstico cultural online, idealizado pelo DTG Noel Guarany em Maio de 2021. O sucesso do evento foi tanto que, em outubro do mesmo ano, foi lan\u00e7ada a sua segunda edi\u00e7\u00e3o, que contou com o apoio da Prefeitura de Santa Maria, por interm\u00e9dio da Secretaria da Cultura, com premia\u00e7\u00f5es em dinheiro, que totalizaram mais de 15 mil reais por meio da Lei de Incentivo \u00e0 Cultura de Santa Maria.&nbsp;<\/p>\n\n\n\n<p>O Evento contou com categorias individuais e duplas, e respeitou todos os protocolos de seguran\u00e7a contra a COVID-19. Os competidores enviaram v\u00eddeos dentro da categoria selecionada durante a inscri\u00e7\u00e3o, e a avalia\u00e7\u00e3o ocorria remotamente. O resultado era publicado atrav\u00e9s de uma Live na conta do DTG Noel Guarany no Instagram.<\/p>\n\n\n\n<p><em>1\u00aa Edi\u00e7\u00e3o:<\/em><\/p>\n\n\n\n<p><em>Dan\u00e7a de Par<\/em><\/p>\n\n\n\n<p><em>Declama\u00e7\u00e3o<\/em><\/p>\n\n\n\n<p><em>Solista Vocal<\/em><\/p>\n\n\n\n<p><em>Dan\u00e7as Ga\u00fachas de Sal\u00e3o<\/em><\/p>\n\n\n\n<p><em>Chula<\/em><\/p>\n\n\n\n<p><em>2\u00ba Edi\u00e7\u00e3o:&nbsp;<\/em><\/p>\n\n\n\n<p><em>Dan\u00e7as Tradicionais Estilo ENART<\/em><\/p>\n\n\n\n<p><em>Dan\u00e7as Tradicionais Estilo FEGADAN<\/em><\/p>\n\n\n\n<p><em>Dan\u00e7as Ga\u00fachas de Sal\u00e3o<\/em><\/p>\n\n\n\n<p><em>Chula<\/em><\/p>\n\n\n\n<p><em>Declama\u00e7\u00e3o<\/em><\/p>\n\n\n\n<p><em>Solista Vocal<\/em><\/p>\n\n\n\n<p><em>Ambas edi\u00e7\u00f5es contam com as categorias Mirim, Juvenil, Adulta e Veterana. Organizadas de acordo com a idade.<\/em><\/p>\n\n\n<div class=\"wp-block-image\">\n<figure class=\"aligncenter size-large is-resized\"><img fetchpriority=\"high\" decoding=\"async\" src=\"https:\/\/www.ufsm.br\/app\/uploads\/sites\/714\/2022\/08\/Foto-2-2-1024x1024.jpg\" alt=\"Uma ilustra\u00e7\u00e3o de um celular e em sua tela est\u00e1 escrito 1\u00ba VirtuaArtch\u00ea, com a logo do youtube em amarelo acima do texto. Na parte inferior uma barra amarela enfeitada com um ramo de folhas e a logo do DTG Noel Gurany. \" class=\"wp-image-3700\" width=\"512\" height=\"512\" srcset=\"https:\/\/www.ufsm.br\/app\/uploads\/sites\/714\/2022\/08\/Foto-2-2-1024x1024.jpg 1024w, https:\/\/www.ufsm.br\/app\/uploads\/sites\/714\/2022\/08\/Foto-2-2-300x300.jpg 300w, https:\/\/www.ufsm.br\/app\/uploads\/sites\/714\/2022\/08\/Foto-2-2-150x150.jpg 150w, https:\/\/www.ufsm.br\/app\/uploads\/sites\/714\/2022\/08\/Foto-2-2-768x768.jpg 768w, https:\/\/www.ufsm.br\/app\/uploads\/sites\/714\/2022\/08\/Foto-2-2.jpg 1080w\" sizes=\"(max-width: 512px) 100vw, 512px\" \/><\/figure>\n<\/div>\n\n\n<p>As diferen\u00e7as de um rodeio presencial para o virtual foram sentidas tanto pelos organizadores quanto pelos participantes. As preocupa\u00e7\u00f5es da organiza\u00e7\u00e3o do evento em como manter o isolamento e fazer todo o processo de inscri\u00e7\u00e3o, participa\u00e7\u00e3o e avalia\u00e7\u00e3o de forma totalmente remota marcaram o VirtuArTch\u00ea. J\u00e1 para os competidores, a estranheza em gravar v\u00eddeos de si, a falta do p\u00fablico na torcida e no acompanhamento da sua performance foram alguns dos pontos sentidos. Apesar do sucesso do evento, n\u00e3o h\u00e1 interesse em continuar com os rodeios art\u00edsticos virtuais, pois no meio tradicionalista ga\u00facho, a m\u00e1gica do presencial n\u00e3o pode ser substitu\u00edda por nenhum outro meio.<\/p>\n\n\n\n<p><strong>Os dan\u00e7arinos retornam ao tablado:<\/strong><\/p>\n\n\n\n<p>A \u00e1gua fervendo para o mate, o som da m\u00fasica tradicionalista tocando pelo sal\u00e3o e sapateado enfim retornaram \u00e0 sede.<\/p>\n\n\n\n<p>O primeiro encontro presencial do DTG Noel Guarany, p\u00f3s-pandemia, ocorreu em 20 de abril de 2022. O n\u00famero de participantes foi reduzido, muitos dos membros que retornaram para suas cidades de origem ou terminaram sua forma\u00e7\u00e3o ou ent\u00e3o decidiram permanecer em seus locais devido \u00e0s oportunidades de trabalho. Mesmo assim, novos integrantes est\u00e3o chegando ao DTG Noel Guarany e as expectativas s\u00e3o positivas quanto ao crescimento da entidade.&nbsp;<\/p>\n\n\n\n<p>Para Ver\u00f4nica L. Padoin a palavra-chave desse momento \u00e9 \u201cvida\u201d. Poder ver o retorno do movimento ao campus da Universidade, ver os membros dan\u00e7ando novamente, trouxe a esperan\u00e7a de que ainda h\u00e1 vida ap\u00f3s o caos passado durante a pandemia. A vida retornou ao meio tradicionalista ga\u00facho.<\/p>\n\n\n\n<figure class=\"wp-block-image\"><img decoding=\"async\" src=\"https:\/\/www.ufsm.br\/b7fede8f-ff7f-4f41-bf0c-3c8d22153533\" alt=\"Foto em um gin\u00e1sio, no centro os dan\u00e7arinos est\u00e3o aos pares em fila formando um semic\u00edrculo. O ch\u00e3o \u00e9 de tablado de madeira marrom, e ao fundo a plateia. \n\" \/><\/figure>\n\n\n\n<p>Ainda h\u00e1 um caminho a ser percorrido para se reestruturar e organizar as atividades presenciais. Com os novos participantes, \u00e9 necess\u00e1rio um per\u00edodo de adapta\u00e7\u00e3o, para criar la\u00e7os entre o grupo, principalmente no departamento art\u00edstico, respons\u00e1vel por participar das competi\u00e7\u00f5es em rodeios art\u00edsticos com as dan\u00e7as de sal\u00e3o ga\u00fachas, declama\u00e7\u00e3o, canto, entre outras modalidades.<\/p>\n\n\n\n<p>Se voc\u00ea tem interesse em participar do DTG Noel Guarany basta comparecer aos ensaios e solicitar aos respons\u00e1veis o seu ingresso no grupo. Lembrando que as porteiras do Noel est\u00e3o abertas \u00e0 toda comunidade de Santa Maria, sejam os interessados ligados \u00e0 Universidade ou n\u00e3o. Para mais informa\u00e7\u00f5es acesse https:\/\/www.instagram.com\/dtgnoelguaranyufsm\/.<\/p>\n\n\n\n<p class=\"has-text-align-right\"><em>Texto: Chrisiele Nunes K.<\/em><\/p>\n\n\n\n<p class=\"has-text-align-right\"><em>Fotos: Chrisiele Nunes K<strong>.<\/strong><\/em><\/p>\n","protected":false},"excerpt":{"rendered":"<p>Como funcionou o Departamento de Tradi\u00e7\u00f5es Ga\u00fachas da UFSM durante o isolamento e como se encontra atualmente O Departamento de Tradi\u00e7\u00f5es Ga\u00fachas (DTG) Noel Guarany \u00e9 vinculado \u00e0 UFSM como um Programa de Extens\u00e3o. Fundado em 22 de outubro de 2005, foi criado com o objetivo de integrar acad\u00eamicos que j\u00e1 possu\u00edam o costume de [&hellip;]<\/p>\n","protected":false},"author":5773,"featured_media":3707,"comment_status":"closed","ping_status":"closed","sticky":false,"template":"","format":"standard","meta":{"footnotes":""},"categories":[312,317],"tags":[262,333,334,318,336,263,335,257],"class_list":["post-3654","post","type-post","status-publish","format-standard","has-post-thumbnail","hentry","category-27a-edicao","category-geral-27a-edicao","tag-txt","tag-ctg","tag-dtg","tag-ed27","tag-gaucho","tag-jornalismo","tag-tradicionalismo","tag-ufsm"],"acf":[],"_links":{"self":[{"href":"https:\/\/www.ufsm.br\/midias\/experimental\/revistatxt\/wp-json\/wp\/v2\/posts\/3654","targetHints":{"allow":["GET"]}}],"collection":[{"href":"https:\/\/www.ufsm.br\/midias\/experimental\/revistatxt\/wp-json\/wp\/v2\/posts"}],"about":[{"href":"https:\/\/www.ufsm.br\/midias\/experimental\/revistatxt\/wp-json\/wp\/v2\/types\/post"}],"author":[{"embeddable":true,"href":"https:\/\/www.ufsm.br\/midias\/experimental\/revistatxt\/wp-json\/wp\/v2\/users\/5773"}],"replies":[{"embeddable":true,"href":"https:\/\/www.ufsm.br\/midias\/experimental\/revistatxt\/wp-json\/wp\/v2\/comments?post=3654"}],"version-history":[{"count":0,"href":"https:\/\/www.ufsm.br\/midias\/experimental\/revistatxt\/wp-json\/wp\/v2\/posts\/3654\/revisions"}],"wp:featuredmedia":[{"embeddable":true,"href":"https:\/\/www.ufsm.br\/midias\/experimental\/revistatxt\/wp-json\/wp\/v2\/media\/3707"}],"wp:attachment":[{"href":"https:\/\/www.ufsm.br\/midias\/experimental\/revistatxt\/wp-json\/wp\/v2\/media?parent=3654"}],"wp:term":[{"taxonomy":"category","embeddable":true,"href":"https:\/\/www.ufsm.br\/midias\/experimental\/revistatxt\/wp-json\/wp\/v2\/categories?post=3654"},{"taxonomy":"post_tag","embeddable":true,"href":"https:\/\/www.ufsm.br\/midias\/experimental\/revistatxt\/wp-json\/wp\/v2\/tags?post=3654"}],"curies":[{"name":"wp","href":"https:\/\/api.w.org\/{rel}","templated":true}]}}