{"id":3671,"date":"2022-08-17T16:56:42","date_gmt":"2022-08-17T19:56:42","guid":{"rendered":"https:\/\/www.ufsm.br\/midias\/experimental\/revistatxt\/?p=3671"},"modified":"2022-08-17T17:36:26","modified_gmt":"2022-08-17T20:36:26","slug":"tdah-e-desempenho-academico","status":"publish","type":"post","link":"https:\/\/www.ufsm.br\/midias\/experimental\/revistatxt\/2022\/08\/17\/tdah-e-desempenho-academico","title":{"rendered":"TDAH E DESEMPENHO ACAD\u00caMICO"},"content":{"rendered":"\t\t<div data-elementor-type=\"wp-post\" data-elementor-id=\"3671\" class=\"elementor elementor-3671\">\n\t\t\t\t\t\t<section class=\"elementor-section elementor-top-section elementor-element elementor-element-3219d55 elementor-section-boxed elementor-section-height-default elementor-section-height-default\" data-id=\"3219d55\" data-element_type=\"section\">\n\t\t\t\t\t\t<div class=\"elementor-container elementor-column-gap-default\">\n\t\t\t\t\t<div class=\"elementor-column elementor-col-100 elementor-top-column elementor-element elementor-element-31d58711\" data-id=\"31d58711\" data-element_type=\"column\">\n\t\t\t<div class=\"elementor-widget-wrap elementor-element-populated\">\n\t\t\t\t\t\t<div class=\"elementor-element elementor-element-2100a5ef elementor-widget elementor-widget-text-editor\" data-id=\"2100a5ef\" data-element_type=\"widget\" data-widget_type=\"text-editor.default\">\n\t\t\t\t<div class=\"elementor-widget-container\">\n\t\t\t\t\t\t\t<p><!-- wp:image {\"align\":\"center\",\"id\":3672,\"width\":768,\"height\":543,\"sizeSlug\":\"large\",\"linkDestination\":\"none\"} --><\/p>\n<div class=\"wp-block-image\">\n<figure class=\"aligncenter size-large is-resized\"><img fetchpriority=\"high\" decoding=\"async\" class=\"wp-image-3672\" src=\"https:\/\/www.ufsm.br\/app\/uploads\/sites\/714\/2022\/08\/Ilustracao_Sem_Titulo-1-1024x724.jpg\" alt=\"Ilustra\u00e7\u00e3o na horizontal, colorida, com predomin\u00e2ncia de tons em laranja e vermelho, no centro temos um homem, de cabelos e olhos escuros, com o cotovelo apoiado na mesa e a cabe\u00e7a apoiada na m\u00e3o. Ele veste camiseta amarela, e cal\u00e7a marrom escuro. Ele est\u00e1 sentado em uma cadeira com uma classe de sala de aula a sua frente, na cor marrom escuro. De sua cabe\u00e7a, sa\u00ed um bal\u00e3o de pensamentos, com s\u00edmbolos desenhados. Ao fundo e \u00e0 direita tem a silhueta de outros personagens, tamb\u00e9m sentados em classes, com seus bra\u00e7os levantados.\" width=\"768\" height=\"543\" srcset=\"https:\/\/www.ufsm.br\/app\/uploads\/sites\/714\/2022\/08\/Ilustracao_Sem_Titulo-1-1024x724.jpg 1024w, https:\/\/www.ufsm.br\/app\/uploads\/sites\/714\/2022\/08\/Ilustracao_Sem_Titulo-1-300x212.jpg 300w, https:\/\/www.ufsm.br\/app\/uploads\/sites\/714\/2022\/08\/Ilustracao_Sem_Titulo-1-768x543.jpg 768w, https:\/\/www.ufsm.br\/app\/uploads\/sites\/714\/2022\/08\/Ilustracao_Sem_Titulo-1-1536x1086.jpg 1536w, https:\/\/www.ufsm.br\/app\/uploads\/sites\/714\/2022\/08\/Ilustracao_Sem_Titulo-1-2048x1448.jpg 2048w\" sizes=\"(max-width: 768px) 100vw, 768px\" \/><\/figure>\n<\/div>\n<p><!-- \/wp:image --><\/p>\n<p><!-- wp:paragraph --><\/p>\n<p>O Transtorno de D\u00e9ficit de Aten\u00e7\u00e3o e Hiperatividade (TDAH) afeta cerca de 2 milh\u00f5es de brasileiros com mais de 18 anos, segundo a Organiza\u00e7\u00e3o Mundial da Sa\u00fade (OMS). O TDAH \u00e9 um transtorno do neurodesenvolvimento, ou seja, que d\u00e1 seus primeiros sinais na inf\u00e2ncia. Ele possui tr\u00eas grupos de sintomas: a desaten\u00e7\u00e3o, hiperatividade e impulsividade causados por uma falha no sistema inibit\u00f3rio. Entretanto, passam despercebidos dentro da comunidade acad\u00eamica, o que pode dificultar a perman\u00eancia desse aluno no ensino superior.<\/p>\n<p><!-- \/wp:paragraph --><\/p>\n<p><!-- wp:paragraph --><\/p>\n<p>Por vezes, taxados de \u201cavoados\u201d ou \u201cdesinteressados\u201d, os estudantes que s\u00e3o diagnosticados com o transtorno lidam com muitas adversidades e podem ter um desempenho acad\u00eamico inferior. A doutora e coordenadora do curso de Psicologia da UFSM, Clarissa Tochetto de Oliveira, explica que: \u201cDe fato, eles possuem um desempenho acad\u00eamico menor, mas isso n\u00e3o significa que s\u00e3o menos inteligentes, por\u00e9m, a pessoa diagnosticada vai lutar muito mais para fazer as mesmas coisas em fun\u00e7\u00e3o dessas distra\u00e7\u00f5es\u201d.<\/p>\n<p><!-- \/wp:paragraph --><\/p>\n<p><!-- wp:paragraph --><\/p>\n<p>A estudante de Artes C\u00eanicas da UFSM, Renata Diefembach Gassen (22), que possui sintomas de TDAH, diz j\u00e1 ter ouvido coment\u00e1rios de colegas e professores que acreditavam que mentia sobre seu transtorno para n\u00e3o ser t\u00e3o \u201ccobrada\u201d, ou ent\u00e3o, \u201cse voc\u00ea n\u00e3o faz tratamento com medica\u00e7\u00e3o, voc\u00ea n\u00e3o tem problema\u201d. Situa\u00e7\u00f5es como essa deixam claro o despreparo da sociedade e ainda refor\u00e7am a teoria de que o TDAH n\u00e3o existe. De acordo com Clarissa, \u201cNegar esse transtorno \u00e9 negar a assist\u00eancia que essas pessoas precisam, porque elas s\u00f3 v\u00e3o receber assist\u00eancia e tratamento se a gente souber que existe uma condi\u00e7\u00e3o a ser tratada\u201d.\u00a0\u00a0<\/p>\n<p><!-- \/wp:paragraph --><\/p>\n<p><!-- wp:paragraph --><\/p>\n<p>A UFSM oferece, por meio da Coordenadoria de A\u00e7\u00f5es Educacionais (CAED), uma assist\u00eancia multiprofissional com uma equipe formada por Fonoaudi\u00f3logas, Psicopedagogas, Educadoras Especiais, Pedagogos, Psic\u00f3logos, Psiquiatras e, mais recentemente, contam com uma especialidade em cl\u00ednica geral. A inten\u00e7\u00e3o \u00e9 oferecer um atendimento voltado ao processo do aprender, como ele ocorre e quando se pode ser potencializado. A coordenadora do CAED, professora Silvia Pav\u00e3o, problematiza que nesses casos o aprendizado n\u00e3o acontece em sua plenitude: &#8220;Muitas vezes os estudantes chegam na Universidade e conseguem aprender o que est\u00e1 sendo exposto, mas e a descoberta? Aquilo que o aluno pode vir a ser dentro do mundo acad\u00eamico?\u201d.<\/p>\n<p><!-- \/wp:paragraph --><\/p>\n<p><!-- wp:paragraph --><\/p>\n<p><strong>Perigos do autodiagn\u00f3stico<\/strong><\/p>\n<p><!-- \/wp:paragraph --><\/p>\n<p><!-- wp:paragraph --><\/p>\n<p>A Chefe da Subdivis\u00e3o da Acessibilidade da CAED, Fabiane Breitenbach, refor\u00e7a a import\u00e2ncia de um diagn\u00f3stico cl\u00ednico e pontua como a quest\u00e3o do autodiagn\u00f3stico baseado em informa\u00e7\u00f5es lidas e pressupostas da internet vem se alastrando. Atualmente, cada vez mais as pessoas t\u00eam buscado explica\u00e7\u00f5es r\u00e1pidas para padr\u00f5es comportamentais, inclusive, existe um termo coloquial utilizado para definir essa pr\u00e1tica, <em>cyberchondriac. <\/em>De acordo com o dicion\u00e1rio Oxford, o termo significa<em> \u201c<\/em>pessoa que busca compulsivamente informa\u00e7\u00e3o na internet sobre sintomas reais ou imagin\u00e1rios de determinada doen\u00e7a.\u00a0<\/p>\n<p><!-- \/wp:paragraph --><\/p>\n<p><!-- wp:paragraph --><\/p>\n<p>Os efeitos da desinforma\u00e7\u00e3o afetam e contribuem para que o transtorno seja banalizado. V\u00eddeos que circulam pelas redes sociais citam alguns sintomas e fazem com que se efetue um autodiagn\u00f3stico que, muitas vezes, n\u00e3o coincide com a realidade. O autodiagn\u00f3stico \u00e9 preocupante, pois muitos estudantes entram em contato com a CAED afirmando ter o transtorno.,\u00a0 Eles buscam pela confirma\u00e7\u00e3o de suas hip\u00f3teses para se sentirem amparados, em alguns casos, passam por outras dificuldades que t\u00eam os mesmos sintomas de TDAH. \u201cOs acad\u00eamicos buscam motiva\u00e7\u00e3o para estudar e esquecem que o fundamento disso est\u00e1 em ter disciplina&#8221;, explica a chefe da subdivis\u00e3o de Acessibilidade, Fabiane Breitenbach.<\/p>\n<p><!-- \/wp:paragraph --><\/p>\n<p><!-- wp:paragraph --><\/p>\n<p>A desinforma\u00e7\u00e3o quanto ao TDAH sempre existiu e n\u00e3o ocorre somente no mundo virtual. Existem profissionais que negam a exist\u00eancia do transtorno ou que n\u00e3o est\u00e3o preparados para fazer o diagn\u00f3stico. Quando isso ocorre, gera um desservi\u00e7o que contribui para a banaliza\u00e7\u00e3o. Contudo, h\u00e1 informa\u00e7\u00f5es cient\u00edficas de qualidade, que ajudam a entender o transtorno e a trat\u00e1-lo, e, para isso, \u00e9 preciso que haja a informa\u00e7\u00e3o.<\/p>\n<p><!-- \/wp:paragraph --><\/p>\t\t\t\t\t\t<\/div>\n\t\t\t\t<\/div>\n\t\t\t\t\t<\/div>\n\t\t<\/div>\n\t\t\t\t\t<\/div>\n\t\t<\/section>\n\t\t\t\t<section class=\"elementor-section elementor-top-section elementor-element elementor-element-de65fa1 elementor-section-boxed elementor-section-height-default elementor-section-height-default\" data-id=\"de65fa1\" data-element_type=\"section\">\n\t\t\t\t\t\t<div class=\"elementor-container elementor-column-gap-default\">\n\t\t\t\t\t<div class=\"elementor-column elementor-col-100 elementor-top-column elementor-element elementor-element-f3c2dc6\" data-id=\"f3c2dc6\" data-element_type=\"column\">\n\t\t\t<div class=\"elementor-widget-wrap elementor-element-populated\">\n\t\t\t\t\t\t<div class=\"elementor-element elementor-element-4bad50c elementor-widget elementor-widget-text-editor\" data-id=\"4bad50c\" data-element_type=\"widget\" data-widget_type=\"text-editor.default\">\n\t\t\t\t<div class=\"elementor-widget-container\">\n\t\t\t\t\t\t\t<ul style=\"margin-top: 0;margin-bottom: 0\">\n<li style=\"list-style-type: disc;font-size: 12pt;font-family: 'Times New Roman';color: #212529;background-color: transparent;font-weight: bold;font-style: normal;font-variant: normal;text-decoration: none;vertical-align: baseline\"><p dir=\"ltr\" style=\"line-height: 1.7999999999999998;text-align: justify;margin-top: 12pt;margin-bottom: 12pt\" role=\"presentation\"><span style=\"font-size: 12pt;font-family: 'Times New Roman';color: #212529;background-color: #ffffff;font-weight: bold;font-style: normal;font-variant: normal;text-decoration: none;vertical-align: baseline\">COMO CONSEGUIR ASSIST\u00caNCIA DA CAED?<\/span><\/p><\/li>\n<\/ul>\n<p><span style=\"font-size: 12pt;font-family: 'Times New Roman';color: #212529;vertical-align: baseline\">Para solicitar um atendimento psicol\u00f3gico ou pedag\u00f3gico, trabalha-se com o seguinte processo: C<\/span><span style=\"font-size: 10pt;font-family: 'Times New Roman';color: #212529;vertical-align: baseline\">a<\/span><span style=\"font-size: 12pt;font-family: 'Times New Roman';color: #212529;vertical-align: baseline\">da centro de ensino tem sua unidade de apoio pedag\u00f3gico, e h\u00e1 um di\u00e1logo com a Caed. Desse modo, deve-se&nbsp; procurar&nbsp; as unidades para que possa ser feito o encaminhamento para o atendimento. Existe a possibilidade de efetu\u00e1-lo atrav\u00e9s do site <\/span><span style=\"font-size: 12pt;font-family: 'Times New Roman';color: #212529;font-weight: bold;font-style: italic;vertical-align: baseline\">https:\/\/www.ufsm.br\/pro-reitorias\/prograd\/caed\/<\/span><span style=\"font-size: 12pt;font-family: 'Times New Roman';color: #212529;font-style: italic;vertical-align: baseline\">, <\/span><span style=\"font-size: 12pt;font-family: 'Times New Roman';color: #212529;vertical-align: baseline\">l\u00e1 ter\u00e1 um formul\u00e1rio a ser preenchido, para em seguida, o estudante seja dirigido ao atendimento. Entretanto, o mais correto \u00e9 identificar a demanda, para ver o que o acad\u00eamico de fato necessita.<\/span><\/p>\t\t\t\t\t\t<\/div>\n\t\t\t\t<\/div>\n\t\t\t\t\t<\/div>\n\t\t<\/div>\n\t\t\t\t\t<\/div>\n\t\t<\/section>\n\t\t\t\t<section class=\"elementor-section elementor-top-section elementor-element elementor-element-e5c772c elementor-section-boxed elementor-section-height-default elementor-section-height-default\" data-id=\"e5c772c\" data-element_type=\"section\">\n\t\t\t\t\t\t<div class=\"elementor-container elementor-column-gap-default\">\n\t\t\t\t\t<div class=\"elementor-column elementor-col-100 elementor-top-column elementor-element elementor-element-ead1af5\" data-id=\"ead1af5\" data-element_type=\"column\">\n\t\t\t<div class=\"elementor-widget-wrap elementor-element-populated\">\n\t\t\t\t\t\t<div class=\"elementor-element elementor-element-2ce7be4 elementor-widget elementor-widget-text-editor\" data-id=\"2ce7be4\" data-element_type=\"widget\" data-widget_type=\"text-editor.default\">\n\t\t\t\t<div class=\"elementor-widget-container\">\n\t\t\t\t\t\t\t<p style=\"text-align: right\"><em><span id=\"docs-internal-guid-4f1e4de4-7fff-4cb6-7b9e-849a31858215\"><span style=\"font-size: 12pt;font-family: 'Times New Roman';color: #212529;vertical-align: baseline\">Rep\u00f3rteres: Bruna Piedras e Nicole Vargas Zanotto<\/span><\/span><\/em><\/p>\n<p style=\"text-align: right\"><em style=\"background-color: var(--bs-body-bg)\"><span style=\"font-size: 12pt;font-family: 'Times New Roman';color: #212529;vertical-align: baseline\">Ilustra\u00e7\u00e3o:   Ana Caroline Alves Crema <\/span><\/em><\/p>\t\t\t\t\t\t<\/div>\n\t\t\t\t<\/div>\n\t\t\t\t\t<\/div>\n\t\t<\/div>\n\t\t\t\t\t<\/div>\n\t\t<\/section>\n\t\t\t\t<\/div>\n\t\t","protected":false},"excerpt":{"rendered":"<p>O Transtorno de D\u00e9ficit de Aten\u00e7\u00e3o e Hiperatividade (TDAH) afeta cerca de 2 milh\u00f5es de brasileiros com mais de 18 anos, segundo a Organiza\u00e7\u00e3o Mundial da Sa\u00fade (OMS). O TDAH \u00e9 um transtorno do neurodesenvolvimento, ou seja, que d\u00e1 seus primeiros sinais na inf\u00e2ncia. Ele possui tr\u00eas grupos de sintomas: a desaten\u00e7\u00e3o, hiperatividade e impulsividade [&hellip;]<\/p>\n","protected":false},"author":5733,"featured_media":3672,"comment_status":"closed","ping_status":"closed","sticky":false,"template":"","format":"standard","meta":{"footnotes":""},"categories":[312,314],"tags":[262,346,318,263,339,345,257],"class_list":["post-3671","post","type-post","status-publish","format-standard","has-post-thumbnail","hentry","category-27a-edicao","category-saude-27a-edicao-2","tag-txt","tag-desempenho-academico","tag-ed27","tag-jornalismo","tag-saude-mental","tag-tdah","tag-ufsm"],"acf":[],"_links":{"self":[{"href":"https:\/\/www.ufsm.br\/midias\/experimental\/revistatxt\/wp-json\/wp\/v2\/posts\/3671","targetHints":{"allow":["GET"]}}],"collection":[{"href":"https:\/\/www.ufsm.br\/midias\/experimental\/revistatxt\/wp-json\/wp\/v2\/posts"}],"about":[{"href":"https:\/\/www.ufsm.br\/midias\/experimental\/revistatxt\/wp-json\/wp\/v2\/types\/post"}],"author":[{"embeddable":true,"href":"https:\/\/www.ufsm.br\/midias\/experimental\/revistatxt\/wp-json\/wp\/v2\/users\/5733"}],"replies":[{"embeddable":true,"href":"https:\/\/www.ufsm.br\/midias\/experimental\/revistatxt\/wp-json\/wp\/v2\/comments?post=3671"}],"version-history":[{"count":0,"href":"https:\/\/www.ufsm.br\/midias\/experimental\/revistatxt\/wp-json\/wp\/v2\/posts\/3671\/revisions"}],"wp:featuredmedia":[{"embeddable":true,"href":"https:\/\/www.ufsm.br\/midias\/experimental\/revistatxt\/wp-json\/wp\/v2\/media\/3672"}],"wp:attachment":[{"href":"https:\/\/www.ufsm.br\/midias\/experimental\/revistatxt\/wp-json\/wp\/v2\/media?parent=3671"}],"wp:term":[{"taxonomy":"category","embeddable":true,"href":"https:\/\/www.ufsm.br\/midias\/experimental\/revistatxt\/wp-json\/wp\/v2\/categories?post=3671"},{"taxonomy":"post_tag","embeddable":true,"href":"https:\/\/www.ufsm.br\/midias\/experimental\/revistatxt\/wp-json\/wp\/v2\/tags?post=3671"}],"curies":[{"name":"wp","href":"https:\/\/api.w.org\/{rel}","templated":true}]}}