{"id":3795,"date":"2023-07-30T11:55:24","date_gmt":"2023-07-30T14:55:24","guid":{"rendered":"https:\/\/www.ufsm.br\/midias\/experimental\/revistatxt\/?p=3795"},"modified":"2023-07-30T11:55:26","modified_gmt":"2023-07-30T14:55:26","slug":"cultura-nas-telas","status":"publish","type":"post","link":"https:\/\/www.ufsm.br\/midias\/experimental\/revistatxt\/2023\/07\/30\/cultura-nas-telas","title":{"rendered":"CULTURA NAS TELAS"},"content":{"rendered":"<div class=\"wp-block-image\">\n<figure class=\"aligncenter size-large\"><img fetchpriority=\"high\" decoding=\"async\" width=\"1024\" height=\"683\" src=\"https:\/\/www.ufsm.br\/app\/uploads\/sites\/714\/2023\/07\/1-4-1024x683.jpg\" alt=\"Fotografia horizontal e colorida de um audit\u00f3rio com cerca de 20 pessoas sentadas em cadeiras estofadas na cor verde escuro e parte traseira em preto. A fotografia est\u00e1 em um \u00e2ngulo fechado, e todas as pessoas est\u00e3o de costas. A maioria delas tem pele branca. A partir da terceira fileira de cadeiras, do fundo para a frente, a imagem est\u00e1 desfocada. At\u00e9 onde \u00e9 poss\u00edvel identificar, cerca de sete pessoas t\u00eam cabelo comprido, em tons de ruivo, castanho, preto e loiro. O restante tem cabelo curto, a maioria em tons de castanho escuro e preto. A maioria das pessoas veste casaco. Ao fundo, em desfoque, um homem em p\u00e9 na frente de uma tela de proje\u00e7\u00e3o. Na tela, que tem fundo branco, um trip\u00e9 com c\u00e2mera e informa\u00e7\u00f5es textuais desfocadas. Ao lado da tela e na esquerda da foto, duas bandeiras hasteadas, uma do Brasil e uma da UFSM, al\u00e9m de uma caixa de som. O fundo e a lateral esquerda da foto s\u00e3o uma parede na cor verde claro. Na extremidade superior, teto branco com v\u00e1rias l\u00e2mpadas embutidas.\" class=\"wp-image-3803\" srcset=\"https:\/\/www.ufsm.br\/app\/uploads\/sites\/714\/2023\/07\/1-4-1024x683.jpg 1024w, https:\/\/www.ufsm.br\/app\/uploads\/sites\/714\/2023\/07\/1-4-300x200.jpg 300w, https:\/\/www.ufsm.br\/app\/uploads\/sites\/714\/2023\/07\/1-4-768x512.jpg 768w, https:\/\/www.ufsm.br\/app\/uploads\/sites\/714\/2023\/07\/1-4-1536x1024.jpg 1536w, https:\/\/www.ufsm.br\/app\/uploads\/sites\/714\/2023\/07\/1-4-272x182.jpg 272w, https:\/\/www.ufsm.br\/app\/uploads\/sites\/714\/2023\/07\/1-4.jpg 1920w\" sizes=\"(max-width: 1024px) 100vw, 1024px\" \/><figcaption class=\"wp-element-caption\">Segunda reuni\u00e3o da Oficina de Forma\u00e7\u00e3o Cineclubista de 2023 | Foto: Rafael Rintzel<\/figcaption><\/figure>\n<\/div>\n\n\n<p>Toda quarta-feira, pr\u00f3ximo \u00e0s 19h, cin\u00e9filos, estudantes e apreciadores se re\u00fanem no audit\u00f3rio do pr\u00e9dio 67 da UFSM em busca de uma imers\u00e3o na cultura cinematogr\u00e1fica. O espa\u00e7o, com pouco mais de 100 poltronas em frente a uma grande tela, acolhe semanalmente cerca de 40 pessoas dispostas a apreciar a s\u00e9tima arte e discutir cinema, cultura e sociedade. Desde 2016, no <a href=\"https:\/\/www.instagram.com\/cineclubedaboca\/\">Cineclube da Boca<\/a>, filmes nacionais, regionais e independentes integram mais de 90% das obras transmitidas.<\/p>\n\n\n\n<p>A pr\u00e1tica iniciou no Brasil em 1928&nbsp; com a cria\u00e7\u00e3o do Chaplin Club no Rio de Janeiro e logo cresceu e ganhou destaque durante os anos 40. No Rio Grande do Sul, Santa Maria \u00e9 considerado um polo cineclubista da regi\u00e3o, com um clube ativo desde 1978, Lanterninha Aur\u00e9lio, al\u00e9m do Clube de Cinema Edmundo Cardoso e diversos outros que n\u00e3o est\u00e3o mais em funcionamento.<\/p>\n\n\n\n<p>As sess\u00f5es do Cineclube da Boca iniciaram em 15 de dezembro de 2016, com o filme \u201cManh\u00e3 Transfigurada&#8221;, de S\u00e9rgio Assis Brasil, o primeiro longa de fic\u00e7\u00e3o feito em Santa Maria. A partir deste, foram exibidos filmes de variados g\u00eaneros e at\u00e9 lan\u00e7amentos, como \u2018\u2019A Inten\u00e7\u00e3o da Noite\u2019\u2019, de Fabr\u00edcio Koltermann, que contou com 130 espectadores.&nbsp;<\/p>\n\n\n\n<p>O professor do departamento de Turismo e do Programa de P\u00f3s-Gradua\u00e7\u00e3o em Patrim\u00f4nio Cultural, Gilvan Dockhorn, foi o idealizador do cineclube e ainda coordena o projeto. Segundo Dockhorn, o plano inicial era criar um curso de Cinema na universidade, mas n\u00e3o foi poss\u00edvel por quest\u00f5es or\u00e7ament\u00e1rias, o que levou \u00e0 cria\u00e7\u00e3o do Cineclube da Boca. No projeto, o ano inicia com uma oficina cineclubista, onde os interessados podem aprender mais sobre a pr\u00e1tica e, no futuro, organizar as sess\u00f5es. No encerramento do ano h\u00e1 uma homenagem a uma figura importante na hist\u00f3ria do cinema. Todas as sess\u00f5es iniciam com apresenta\u00e7\u00e3o e discuss\u00e3o da obra a ser transmitida e finalizam com um debate sobre o filme e sobre assuntos relacionados. A prioridade \u00e9 que os cineastas dos filmes transmitidos estejam presentes para que o debate seja ainda mais rico.<\/p>\n\n\n\n<p>Conforme o coordenador do projeto, o cinema tradicional n\u00e3o d\u00e1 conta de garantir o acesso \u00e0 cultura e o cineclube se torna o espa\u00e7o de acesso \u00e0s produ\u00e7\u00f5es n\u00e3o vistas na grande m\u00eddia: curta e m\u00e9dia metragens, filmes experimentais e outras produ\u00e7\u00f5es alternativas. Em meio \u00e0 ascens\u00e3o dos filmes de Hollywood no s\u00e9culo 20 e a popularidade dos streamings nos \u00faltimos anos, a pr\u00e1tica cineclubista permanece como uma forma de promover a cultura regional e local e democratizar o acesso a produtos culturais com sess\u00f5es gratuitas ou de baixo custo.&nbsp;<\/p>\n\n\n\n<hr class=\"wp-block-separator has-alpha-channel-opacity is-style-dots\" \/>\n\n\n\n<blockquote class=\"wp-block-quote has-text-align-center is-layout-flow wp-block-quote-is-layout-flow\">\n<p><\/p>\n<cite><strong>\u201cN\u00e3o conhecer a cinematografia local, regional e brasileira, \u00e9 desconhecer uma parte da cultura\u201d <\/strong><br>Gilvan Dockhorn <\/cite><\/blockquote>\n\n\n\n<hr class=\"wp-block-separator has-alpha-channel-opacity is-style-dots\" \/>\n\n\n\n<p>Segundo o coordenador do projeto, o cineclube \u00e9 aberto para todas as pessoas interessadas em assistir aos filmes. N\u00e3o h\u00e1 tipos de produ\u00e7\u00f5es que n\u00e3o sejam exibidas, nem restri\u00e7\u00f5es de p\u00fablico.&nbsp;<\/p>\n\n\n\n<p>A estudante do quinto semestre de Produ\u00e7\u00e3o Editorial, Taiane Wendland, realizou a oficina no \u00faltimo ano e hoje cuida da parte t\u00e9cnica das sess\u00f5es. Segundo ela, a ind\u00fastria cinematogr\u00e1fica <em>hollywoodiana<\/em> reprime produ\u00e7\u00f5es que saem do seu padr\u00e3o, como as obras regionais e independentes: \u201ca escolha de exibir produ\u00e7\u00f5es locais \u00e9 um respiro para todos os produtores que nunca v\u00e3o ter um espa\u00e7o no mercado\u201d.&nbsp;<\/p>\n\n\n\n<p>A atual presidente do Conselho Nacional de Cineclubes (CNC), Tet\u00ea Avelar, refor\u00e7a que sem o cineclubismo, grande parte das produ\u00e7\u00f5es independentes nunca chegariam ao p\u00fablico. Segundo ela, esses filmes precisam de um lugar para serem exibidos, vistos e analisados, as sess\u00f5es fazem isso e d\u00e3o uma devolutiva do p\u00fablico para o produtor.&nbsp;<\/p>\n\n\n\n<p>A caloura de Produ\u00e7\u00e3o Editorial, Laisa Binato, conta que gostaria de cursar a gradua\u00e7\u00e3o em Cinema, mas, sem um curso na regi\u00e3o, v\u00ea no cineclube uma oportunidade de aprender mais sobre o assunto. Laisa afirma que, antes do Cineclube da Boca, n\u00e3o sabia que existiam tantas produ\u00e7\u00f5es cinematogr\u00e1ficas na regi\u00e3o, e que os encontros abriram seu olhar para o cinema local. Segundo ela: \u201cpara algu\u00e9m que quer se aproximar do audiovisual, vai ser muito importante para ter um olhar diferente n\u00e3o s\u00f3 de produ\u00e7\u00f5es grandes, mas do audiovisual brasileiro, das pessoas que a gente conhece e das pessoas da UFSM fazendo audiovisual\u201d.&nbsp;<\/p>\n\n\n\n<p>O Conselho fez um mapeamento em 2023 e encontrou aproximadamente 250 cineclubes em diferentes regi\u00f5es do pa\u00eds. Conforme a presidente, durante a pandemia foram iniciadas sess\u00f5es online que facilitam a transmiss\u00e3o dos filmes e permitem que eles alcancem um n\u00famero maior de espectadores. Segundo Tet\u00ea Avelar, o Brasil tem um n\u00famero grande de cineclubes em funcionamento, mas n\u00e3o h\u00e1 conhecimento da quantidade exata.<\/p>\n\n\n<div class=\"wp-block-image\">\n<figure class=\"aligncenter size-large\"><img decoding=\"async\" width=\"1024\" height=\"683\" src=\"https:\/\/www.ufsm.br\/app\/uploads\/sites\/714\/2023\/07\/2-5-1024x683.jpg\" alt=\"Fotografia horizontal e colorida de um homem em p\u00e9 em frente a uma tela de proje\u00e7\u00e3o. Ele est\u00e1 no centro de um corredor formado por cadeiras estofadas na cor verde escuro. O homem tem pele branca, olhos escuros, cabelos lisos, escuros e na altura do pesco\u00e7o. Ele veste camiseta preta sobre camisa de manga comprida na cor branca, cal\u00e7a jeans e cal\u00e7ados escuros. As m\u00e3os dele est\u00e3o entrela\u00e7adas em frente ao abd\u00f4men. Ele olha para o lado direito da fotografia, na dire\u00e7\u00e3o das cadeiras. Atr\u00e1s dele, a tela de proje\u00e7\u00e3o com o fundo branco, em que h\u00e1 o desenho de uma c\u00e2mera de cinema sobre um trip\u00e9, ambos em preto. Ao lado, as informa\u00e7\u00f5es textuais em destaque: \u201cDe 26 de abril a 24 de maio\u201d e \u201cOficina de forma\u00e7\u00e3o cineclubista\u201d. Abaixo, em letra menor: \u201cTodas as quartas-feiras, das 19 horas \u00e0s 21 horas\u201d. As demais informa\u00e7\u00f5es textuais est\u00e3o atr\u00e1s do homem. Ao fundo, a parede do audit\u00f3rio, na cor verde claro.\" class=\"wp-image-3804\" srcset=\"https:\/\/www.ufsm.br\/app\/uploads\/sites\/714\/2023\/07\/2-5-1024x683.jpg 1024w, https:\/\/www.ufsm.br\/app\/uploads\/sites\/714\/2023\/07\/2-5-300x200.jpg 300w, https:\/\/www.ufsm.br\/app\/uploads\/sites\/714\/2023\/07\/2-5-768x512.jpg 768w, https:\/\/www.ufsm.br\/app\/uploads\/sites\/714\/2023\/07\/2-5-1536x1024.jpg 1536w, https:\/\/www.ufsm.br\/app\/uploads\/sites\/714\/2023\/07\/2-5-272x182.jpg 272w, https:\/\/www.ufsm.br\/app\/uploads\/sites\/714\/2023\/07\/2-5.jpg 1920w\" sizes=\"(max-width: 1024px) 100vw, 1024px\" \/><figcaption class=\"wp-element-caption\"><br>Coordenador do Cineclube da Boca, Gilvan Dockhorn | Foto: Rafael Rintzel<\/figcaption><\/figure>\n<\/div>\n\n\n<hr class=\"wp-block-separator has-alpha-channel-opacity is-style-dots\" \/>\n\n\n\n<p class=\"has-text-align-right\"><strong>Reportagem:<\/strong> <em>Amanda Teixeira<\/em><br><strong>Contato:<\/strong> <em><a href=\"mailto:%61%6da%6edap%74%65%69%78%65%69%72a%30%34@%67%6d%61i%6c.c%6fm\">amandapteixeira04@gmail.com<\/a><\/em><\/p>\n","protected":false},"excerpt":{"rendered":"<p>Cineclube da Boca da UFSM divulga a cultura cinematogr\u00e1fica local e nacional<\/p>\n","protected":false},"author":6330,"featured_media":3803,"comment_status":"closed","ping_status":"closed","sticky":false,"template":"","format":"standard","meta":{"footnotes":""},"categories":[358,361],"tags":[262,391,392,281,370,263],"class_list":["post-3795","post","type-post","status-publish","format-standard","has-post-thumbnail","hentry","category-28a-edicao","category-cultura-28a-edicao","tag-txt","tag-cineclube-da-boca","tag-cinema","tag-cultura-2","tag-ed28","tag-jornalismo"],"acf":[],"_links":{"self":[{"href":"https:\/\/www.ufsm.br\/midias\/experimental\/revistatxt\/wp-json\/wp\/v2\/posts\/3795","targetHints":{"allow":["GET"]}}],"collection":[{"href":"https:\/\/www.ufsm.br\/midias\/experimental\/revistatxt\/wp-json\/wp\/v2\/posts"}],"about":[{"href":"https:\/\/www.ufsm.br\/midias\/experimental\/revistatxt\/wp-json\/wp\/v2\/types\/post"}],"author":[{"embeddable":true,"href":"https:\/\/www.ufsm.br\/midias\/experimental\/revistatxt\/wp-json\/wp\/v2\/users\/6330"}],"replies":[{"embeddable":true,"href":"https:\/\/www.ufsm.br\/midias\/experimental\/revistatxt\/wp-json\/wp\/v2\/comments?post=3795"}],"version-history":[{"count":0,"href":"https:\/\/www.ufsm.br\/midias\/experimental\/revistatxt\/wp-json\/wp\/v2\/posts\/3795\/revisions"}],"wp:featuredmedia":[{"embeddable":true,"href":"https:\/\/www.ufsm.br\/midias\/experimental\/revistatxt\/wp-json\/wp\/v2\/media\/3803"}],"wp:attachment":[{"href":"https:\/\/www.ufsm.br\/midias\/experimental\/revistatxt\/wp-json\/wp\/v2\/media?parent=3795"}],"wp:term":[{"taxonomy":"category","embeddable":true,"href":"https:\/\/www.ufsm.br\/midias\/experimental\/revistatxt\/wp-json\/wp\/v2\/categories?post=3795"},{"taxonomy":"post_tag","embeddable":true,"href":"https:\/\/www.ufsm.br\/midias\/experimental\/revistatxt\/wp-json\/wp\/v2\/tags?post=3795"}],"curies":[{"name":"wp","href":"https:\/\/api.w.org\/{rel}","templated":true}]}}