{"id":3819,"date":"2023-07-24T09:00:15","date_gmt":"2023-07-24T12:00:15","guid":{"rendered":"https:\/\/www.ufsm.br\/midias\/experimental\/revistatxt\/?p=3819"},"modified":"2023-07-10T11:23:10","modified_gmt":"2023-07-10T14:23:10","slug":"santa-maria-em-movimento","status":"publish","type":"post","link":"https:\/\/www.ufsm.br\/midias\/experimental\/revistatxt\/2023\/07\/24\/santa-maria-em-movimento","title":{"rendered":"SANTA MARIA EM MOVIMENTO"},"content":{"rendered":"<div class=\"wp-block-image\">\n<figure class=\"aligncenter size-large is-resized\"><img decoding=\"async\" src=\"https:\/\/www.ufsm.br\/app\/uploads\/sites\/714\/2023\/07\/Revista-UFSM-edited.png\" alt=\"Colagem de oito fotografias coloridas e em tons de azul e cinza de pessoas que praticam atividade f\u00edsica. A colagem tem o formato de diamante, e, juntas, as fotografias formam o desenho de uma seta que aponta para baixo. Quatro fotos est\u00e3o posicionadas do centro para a esquerda em posi\u00e7\u00e3o horizontal. Elas se referem a atividades relacionadas a pilates de solo. Outras quatro fotos est\u00e3o do centro para a direita da foto, e se referem a atividades da fibromialgia. No centro esquerdo, na primeira foto, um grupo de mulheres com faixa et\u00e1ria a partir de 40 anos, de pele branca e cabelos castanhos e uma com o cabelo avermelhado; elas vestem leggings e camisetas e est\u00e3o sobre um tatame amarelo e azul, com um joelho no solo e a outra perna esticada \u00e0 frente do corpo. os bra\u00e7os est\u00e3o esticados e inclinados em dire\u00e7\u00e3o \u00e0 perna alongada. Abaixo, mais uma foto desse grupo, em que est\u00e3o as mesmas seis mulheres; elas est\u00e3o com as pernas cruzadas e as m\u00e3os sobre os joelhos e a coluna reta; as express\u00f5es faciais s\u00e3o de concentra\u00e7\u00e3o. Ao lado, fotografia em que, no primeiro plano, est\u00e3o bra\u00e7os e m\u00e3os esticados; no segundo plano, uma senhora com a cabe\u00e7a virada para a esquerda e olhar para a frente da fotografia; ela veste manga longa rosa, tem pele branca e  seu cabelo \u00e9 curto, na altura da orelha; ela tamb\u00e9m est\u00e1 de bra\u00e7os esticados \u00e0 frente do corpo. A \u00faltima foto dessa sequ\u00eancia do lado esquerdo est\u00e1 na parte inferior da imagem. Nela, uma mulher na faixa et\u00e1ria dos 40 anos e express\u00e3o facial concentrada est\u00e1 sentada com as pernas dobradas \u00e0 esquerda de seu corpo; ela est\u00e1 de perfil, tem pele branca, cabelos pretos com alguns fios grisalhos, lisos e presos em um coque; ela veste roupas pretas e est\u00e1 descal\u00e7a; a imagem est\u00e1 recortada em volta da personagem, e a cabe\u00e7a se sobrep\u00f5e sobre as imagens de cima, al\u00e9m das m\u00e3os, apoiadas no joelho, que ultrapassam a borda inferior da fotografia. J\u00e1 a parte direita da colagem \u00e9 formada por quatro fotos com tons de azul piscina. S\u00e3o fotografias de pessoas com roupas de nata\u00e7\u00e3o em tons de preto e azul marinho, e que est\u00e3o dentro de uma piscina grande. Esta  A primeira fotografia, no canto superior, tem um grupo de mulheres brancas com faixa et\u00e1ria de 40 anos; elas vestem mai\u00f4 e touca de silicone; est\u00e3o espalhadas na piscina , de frente, em fileiras bagun\u00e7adas. Abaixo, foto do mesmo grupo de mulheres em um semic\u00edrculo, cada uma com esponjas espaguetes nas cores amarelo, salm\u00e3o e azul; elas est\u00e3o de perfil; uma delas, em primeiro plano, olha para o lado esquerdo da fotografia e sorri. Ao lado, fotografia em primeiro plano da mulher que sorri na foto anterior; ela est\u00e1 de frente e com o rosto virado para a direita da imagem; ela segura uma pequena bola de pl\u00e1stico vermelho. Abaixo, a \u00faltima foto, em que h\u00e1 outra mulher na piscina, em primeiro plano; ela est\u00e1 de frente e sorri amplamente; tem pele branca, olhos e sobrancelhas escuras, e est\u00e1 com os bra\u00e7os esticados para frente, embaixo d\u2019\u00e1gua. A cabe\u00e7a dela ultrapassa as bordas superiores da imagem e se sobrep\u00f5e sobre a foto acima. O fundo \u00e9 transparente.\" class=\"wp-image-3821\" width=\"545\" srcset=\"https:\/\/www.ufsm.br\/app\/uploads\/sites\/714\/2023\/07\/Revista-UFSM-edited.png 1920w, https:\/\/www.ufsm.br\/app\/uploads\/sites\/714\/2023\/07\/Revista-UFSM-edited-300x300.png 300w, https:\/\/www.ufsm.br\/app\/uploads\/sites\/714\/2023\/07\/Revista-UFSM-edited-1024x1024.png 1024w, https:\/\/www.ufsm.br\/app\/uploads\/sites\/714\/2023\/07\/Revista-UFSM-edited-150x150.png 150w, https:\/\/www.ufsm.br\/app\/uploads\/sites\/714\/2023\/07\/Revista-UFSM-edited-768x768.png 768w, https:\/\/www.ufsm.br\/app\/uploads\/sites\/714\/2023\/07\/Revista-UFSM-edited-1536x1536.png 1536w, https:\/\/www.ufsm.br\/app\/uploads\/sites\/714\/2023\/07\/Revista-UFSM-edited-2048x2048.png 2048w\" sizes=\"(max-width: 1920px) 100vw, 1920px\" \/><figcaption class=\"wp-element-caption\">Pessoas realizando duas das atividades oferecidas pelo Projeto Pr\u00f3 Sa\u00fade, Pilates e Fibromialgia | Foto: Gabriel Barros e Vit\u00f3ria Sarturi<\/figcaption><\/figure>\n<\/div>\n\n\n<p>Em um ambiente acolhedor, de troca de ideias, m\u00fasica e risos, o projeto Pr\u00f3-Sa\u00fade oferece atividades f\u00edsicas para toda a comunidade santa-mariense. Acompanhadas por acad\u00eamicos e profissionais das \u00e1reas da sa\u00fade, os encontros v\u00e3o al\u00e9m de simples visitas peri\u00f3dicas ao proporcionar momentos de amizade, descontra\u00e7\u00e3o e aux\u00edlio em tratamentos de dores musculares.<\/p>\n\n\n\n<p>Localizado no Centro Desportivo Municipal (CDM) &#8211; conhecido como Farrez\u00e3o -, o Pr\u00f3-Sa\u00fade tem como objetivo principal promover sa\u00fade e qualidade de vida de forma gratuita. Ap\u00f3s firmar parceria com a Prefeitura Municipal,&nbsp; deu in\u00edcio \u00e0s suas atividades, em 2018. Idealizado pela professora de Educa\u00e7\u00e3o F\u00edsica da UFSM, Luciane Sanchotene, o projeto de ensino, pesquisa e extens\u00e3o do N\u00facleo de Estudos em Medidas e Avalia\u00e7\u00e3o dos Exerc\u00edcios F\u00edsicos e Sa\u00fade (Nemaefs) da UFSM conecta a vida universit\u00e1ria e a comunidade. A estudante de Fisioterapia, Djenifer Rodrigues, respons\u00e1vel por quatro turmas de pilates do projeto, afirma que levar o conhecimento aprendido em sala de aula para a comunidade \u00e9 uma das qualidades mais interessantes. Para quem est\u00e1 em forma\u00e7\u00e3o a iniciativa serve como laborat\u00f3rio de ensino. A acad\u00eamica do 5\u00ba semestre de Educa\u00e7\u00e3o F\u00edsica, Camile Baldoni, \u00e9 volunt\u00e1ria e se sente beneficiada pelo projeto: \u201cEu cresci muito al\u00e9m de profissionalmente, cresci humanamente\u201d.<\/p>\n\n\n\n<p>O Pr\u00f3-Sa\u00fade tem uma equipe interdisciplinar e multiprofissional formada por acad\u00eamicos das \u00e1reas de Educa\u00e7\u00e3o F\u00edsica, Fisioterapia, Terapia Ocupacional, Nutri\u00e7\u00e3o, Medicina e Psicologia, e beneficia cerca de 2400 pessoas. O projeto oferece 13 modalidades e tem como particularidade atividades espec\u00edficas para pessoas com doen\u00e7as cr\u00f4nicas n\u00e3o transmiss\u00edveis. Dessa forma, desempenha um papel importante na promo\u00e7\u00e3o da sa\u00fade. A pr\u00e1tica regular de atividades f\u00edsicas, recomendada pela Organiza\u00e7\u00e3o Mundial de Sa\u00fade (OMS), oferece benef\u00edcios significativos na preven\u00e7\u00e3o e tratamento dessas doen\u00e7as. No entanto, de acordo com a OMS, 23% dos adultos n\u00e3o atingem as recomenda\u00e7\u00f5es m\u00ednimas durante a semana.&nbsp;<\/p>\n\n\n\n<p>Antes de iniciar as aulas, os participantes passam por uma avalia\u00e7\u00e3o f\u00edsica, antropom\u00e9trica, neuromuscular e comportamental. S\u00e3o analisados fatores como n\u00edvel de estresse, percep\u00e7\u00e3o subjetiva da dor, resist\u00eancia muscular e flexibilidade. Essas informa\u00e7\u00f5es servem para prescrever os melhores exerc\u00edcios e antecipar poss\u00edveis riscos e doen\u00e7as cr\u00f4nicas.&nbsp;<\/p>\n\n\n\n<h4 class=\"wp-block-heading\"><strong>Fibromialgia e gestantes<\/strong><\/h4>\n\n\n\n<p>Um diferencial do projeto s\u00e3o as atividades voltadas para pessoas com fibromialgia, s\u00edndrome que afeta a musculatura e causa dor intensa,&nbsp; rigidez muscular e depress\u00e3o. Ap\u00f3s a abertura de turmas para pessoas com doen\u00e7as reum\u00e1ticas (condi\u00e7\u00f5es que acometem o sistema locomotor), houve grande procura por atividades espec\u00edficas para fibromi\u00e1lgicos. Com o intuito de oferecer um tratamento adequado, o projeto implementou atividades terap\u00eauticas aqu\u00e1ticas, especialmente desenvolvidas para atender \u00e0s necessidades desses alunos. As aulas s\u00e3o orientadas pela professora e fisioterapeuta \u00c2ngela Zanella e t\u00eam como prop\u00f3sito o al\u00edvio dos sintomas, o fortalecimento da musculatura e a melhora do humor e do conv\u00edvio social.&nbsp;<\/p>\n\n\n\n<p>Essa teia de benef\u00edcios n\u00e3o para por a\u00ed. A professora comenta: \u201cO paciente vai se sentir mais disposto, vai ter um melhor conv\u00edvio familiar e isso vai impactar diretamente na rotina das fam\u00edlias. A pessoa tende a ser mais produtiva\u201d.&nbsp; \u00c2ngela ainda inclui a melhora dos sintomas depressivos, a redu\u00e7\u00e3o do uso de medicamentos e, consequentemente, a menor depend\u00eancia do SUS.<\/p>\n\n\n\n<p>Outra particularidade do projeto \u00e9 uma turma para gestantes de risco habitual &#8211; que n\u00e3o apresentam complica\u00e7\u00f5es que afetam a gravidez. As mulheres recebem informa\u00e7\u00f5es sobre mudan\u00e7as corporais, vias de parto, cuidados com o beb\u00ea, amamenta\u00e7\u00e3o e sexualidade por meio de rodas de conversa. Nelas, acontecem trocas de experi\u00eancias entre gestantes e profissionais da sa\u00fade, que constroem um ambiente acolhedor. \u201c\u00c9 muito gratificante saber que a gente participa desse momento t\u00e3o especial da vida das mulheres\u201d, comenta a fisioterapeuta e professora da turma, Melissa Braz. A pr\u00e1tica regular de exerc\u00edcios f\u00edsicos durante a gravidez traz benef\u00edcios tanto para a m\u00e3e quanto para a crian\u00e7a. S\u00e3o realizadas atividades espec\u00edficas para diminuir dores na regi\u00e3o lombar,&nbsp; incha\u00e7o das pernas e bra\u00e7os, edemas e di\u00e1stase. Tamb\u00e9m evitam o risco de desenvolvimento de press\u00e3o alta e diabetes gestacional.&nbsp;&nbsp;<\/p>\n\n\n\n<h4 class=\"wp-block-heading\"><strong>Expans\u00e3o<\/strong><\/h4>\n\n\n\n<p>As atividades n\u00e3o ocorrem apenas no Farrez\u00e3o. Com o objetivo de atender o maior n\u00famero de pessoas,&nbsp; o Pr\u00f3-Sa\u00fade tamb\u00e9m acontece no Gin\u00e1sio Oreco, na Tancredo Neves, o Clube 21 de Abril, no Itarar\u00e9 e o Centro de Educa\u00e7\u00e3o F\u00edsica e Desporto (CEFD) da UFSM.<\/p>\n\n\n\n<p>Com sete turmas, o pilates \u00e9 o mais procurado. A cada aula, as atividades s\u00e3o direcionadas para uma \u00e1rea espec\u00edfica do corpo, sem deixar de trabalhar alongamento, mobilidade, for\u00e7a e respira\u00e7\u00e3o. Eneida Posser participa do grupo de pilates h\u00e1 um ano e meio e comenta como as aulas impactam diretamente na sua vida. \u201cMudou bastante minha postura, equil\u00edbrio e flexibilidade\u201d.&nbsp;<\/p>\n\n\n\n<p>Diante da procura pela gin\u00e1stica r\u00edtmica, ofertada apenas para crian\u00e7as a partir de quatro anos, foram abertas tr\u00eas turmas. A modalidade faz parte do Pr\u00f3-Sa\u00fade Kids, criado para oferecer momentos de divers\u00e3o e lazer para os pequenos ao mesmo tempo em que promove uma s\u00e9rie de benef\u00edcios para a sa\u00fade. Durante as aulas, s\u00e3o trabalhados o desenvolvimento motor e flexibilidade das crian\u00e7as, al\u00e9m de estimular o aspecto social e psicol\u00f3gico que proporcionam confian\u00e7a e troca de viv\u00eancias.&nbsp;<\/p>\n\n\n\n<hr class=\"wp-block-separator has-alpha-channel-opacity is-style-dots\" \/>\n\n\n\n<p class=\"has-text-align-right\"><strong>Reportagem:<\/strong> <em>Maria Francisca de Mello, Mariana Rodrigues e Samara Debiasi<\/em><br><strong>Contato:<\/strong> <em><a href=\"mailto:m%61%72%69%61f%72%61nc%69%73%63a%6dello%32%34@%67ma%69l%2e%63%6fm\">mariafranciscamello24@gmail.com<\/a> \/  <a href=\"mailto:mariana.rodrigues@acad.ufsm.br\">mariana.rodrigues@acad.ufsm.br<\/a> \/ <a href=\"mailto:%73a%6d%61ra%2e%64%65%62%69%61%73%69@%61cad.u%66%73%6d%2e%62%72\">samara.debiasi@acad.ufsm.br<\/a><\/em><\/p>\n","protected":false},"excerpt":{"rendered":"<p>Projeto da UFSM incentiva sa\u00fade e bem-estar<\/p>\n","protected":false},"author":6330,"featured_media":3821,"comment_status":"closed","ping_status":"closed","sticky":false,"template":"","format":"standard","meta":{"footnotes":""},"categories":[358,367],"tags":[262,370,378,263,288],"class_list":["post-3819","post","type-post","status-publish","format-standard","has-post-thumbnail","hentry","category-28a-edicao","category-saude-28a-edicao","tag-txt","tag-ed28","tag-esportes","tag-jornalismo","tag-saude"],"acf":[],"_links":{"self":[{"href":"https:\/\/www.ufsm.br\/midias\/experimental\/revistatxt\/wp-json\/wp\/v2\/posts\/3819","targetHints":{"allow":["GET"]}}],"collection":[{"href":"https:\/\/www.ufsm.br\/midias\/experimental\/revistatxt\/wp-json\/wp\/v2\/posts"}],"about":[{"href":"https:\/\/www.ufsm.br\/midias\/experimental\/revistatxt\/wp-json\/wp\/v2\/types\/post"}],"author":[{"embeddable":true,"href":"https:\/\/www.ufsm.br\/midias\/experimental\/revistatxt\/wp-json\/wp\/v2\/users\/6330"}],"replies":[{"embeddable":true,"href":"https:\/\/www.ufsm.br\/midias\/experimental\/revistatxt\/wp-json\/wp\/v2\/comments?post=3819"}],"version-history":[{"count":0,"href":"https:\/\/www.ufsm.br\/midias\/experimental\/revistatxt\/wp-json\/wp\/v2\/posts\/3819\/revisions"}],"wp:featuredmedia":[{"embeddable":true,"href":"https:\/\/www.ufsm.br\/midias\/experimental\/revistatxt\/wp-json\/wp\/v2\/media\/3821"}],"wp:attachment":[{"href":"https:\/\/www.ufsm.br\/midias\/experimental\/revistatxt\/wp-json\/wp\/v2\/media?parent=3819"}],"wp:term":[{"taxonomy":"category","embeddable":true,"href":"https:\/\/www.ufsm.br\/midias\/experimental\/revistatxt\/wp-json\/wp\/v2\/categories?post=3819"},{"taxonomy":"post_tag","embeddable":true,"href":"https:\/\/www.ufsm.br\/midias\/experimental\/revistatxt\/wp-json\/wp\/v2\/tags?post=3819"}],"curies":[{"name":"wp","href":"https:\/\/api.w.org\/{rel}","templated":true}]}}