{"id":704,"date":"2012-09-12T23:59:30","date_gmt":"2012-09-13T02:59:30","guid":{"rendered":"http:\/\/w3.ufsm.br\/revistatxt\/?p=359"},"modified":"2019-08-16T15:47:08","modified_gmt":"2019-08-16T18:47:08","slug":"reitoria-ocupada-unidos-pela-educacao","status":"publish","type":"post","link":"https:\/\/www.ufsm.br\/midias\/experimental\/revistatxt\/2012\/09\/12\/reitoria-ocupada-unidos-pela-educacao","title":{"rendered":"Reitoria ocupada: unidos pela educa\u00e7\u00e3o"},"content":{"rendered":"<p style=\"text-align: right\">Andr\u00e9 Alves \u2013 anddralves@hotmail.com<br \/>Daniela Pin \u2013 dani.menegazzo@gmail.com<\/p>\n<p style=\"text-align: left\">Longas conversas para compreender o movimento da ocupa\u00e7\u00e3o e suas implica\u00e7\u00f5es. Diversas tentativas de marcar entrevista com o reitor Felipe M\u00fcller. Caminhadas por todo o campus, busca por fontes espec\u00edficas e a dificuldade de colocar em quatro p\u00e1ginas todo o material apurado. Esses foram alguns dos entraves encontrados na produ\u00e7\u00e3o da reportagem.<\/p>\n<p style=\"text-align: left\">As reivindica\u00e7\u00f5es eram muitas, cada uma com pontos espec\u00edficos. Desenvolver o tema exigiu saber filtrar o conte\u00fado e hierarquizar o que era mais importante. A maneira encontrada para tornar o texto mais did\u00e1tico e de f\u00e1cil compreens\u00e3o foi utilizar tabelas, que, por outro lado, complicaram na diagrama\u00e7\u00e3o.<\/p>\n<p style=\"text-align: left\">Ao elaborar a mat\u00e9ria percebemos a import\u00e2ncia de manifesta\u00e7\u00f5es como essa para o processo democr\u00e1tico e melhora do ensino. Estudantes de diferentes cursos e coletivos uniram-se por um mesmo objetivo. Talvez nem tudo tenha sido atendido ou dependesse da ocupa\u00e7\u00e3o para acontecer, mas ali, juntos, os alunos puderam discutir a educa\u00e7\u00e3o e fazer parte do seu processo de constru\u00e7\u00e3o.<\/p>\n<p style=\"text-align: center\">Abaixo, trechos da entrevista concedida pelo reitor Felipe M\u00fcller:<\/p>\n<p style=\"text-align: left\"><a href=\"http:\/\/www.revistatxt.dev\/wp-content\/uploads\/2012\/09\/sonora-reitor-1.mp3\">Entrevista com o reitor &#8211; parte 1<\/a><br \/><a href=\"http:\/\/www.revistatxt.dev\/wp-content\/uploads\/2012\/09\/sonora-reitor-2.mp3\">Entrevista com o reitor &#8211; parte 2<\/a><\/p>\n<p style=\"text-align: center\">\u00a0<\/p>\n<p style=\"text-align: center\">\u00a0<\/p>\n<p style=\"text-align: left\">\u00a0<\/p>\n\n\n<ul class=\"wp-block-gallery columns-3 is-cropped wp-block-gallery-1 is-layout-flex wp-block-gallery-is-layout-flex\"><li class=\"blocks-gallery-item\"><figure><img fetchpriority=\"high\" decoding=\"async\" width=\"1024\" height=\"768\" src=\"https:\/\/www.ufsm.br\/midias\/experimental\/revistatxt\/wp-content\/uploads\/sites\/714\/2019\/08\/Impressoesemitica005-1024x768.jpg\" alt=\"\" data-id=\"3090\" data-link=\"https:\/\/www.ufsm.br\/midias\/experimental\/revistatxt\/impressoesemitica005\/\" class=\"wp-image-3090\" srcset=\"https:\/\/www.ufsm.br\/app\/uploads\/sites\/714\/2019\/08\/Impressoesemitica005-1024x768.jpg 1024w, https:\/\/www.ufsm.br\/app\/uploads\/sites\/714\/2019\/08\/Impressoesemitica005-300x225.jpg 300w, https:\/\/www.ufsm.br\/app\/uploads\/sites\/714\/2019\/08\/Impressoesemitica005-768x576.jpg 768w, https:\/\/www.ufsm.br\/app\/uploads\/sites\/714\/2019\/08\/Impressoesemitica005.jpg 1200w\" sizes=\"(max-width: 1024px) 100vw, 1024px\" \/><\/figure><\/li><li class=\"blocks-gallery-item\"><figure><img decoding=\"async\" width=\"1024\" height=\"768\" src=\"https:\/\/www.ufsm.br\/midias\/experimental\/revistatxt\/wp-content\/uploads\/sites\/714\/2019\/08\/Impressoesemitica009-1024x768.jpg\" alt=\"\" data-id=\"3091\" data-link=\"https:\/\/www.ufsm.br\/midias\/experimental\/revistatxt\/impressoesemitica009\/\" class=\"wp-image-3091\" srcset=\"https:\/\/www.ufsm.br\/app\/uploads\/sites\/714\/2019\/08\/Impressoesemitica009-1024x768.jpg 1024w, https:\/\/www.ufsm.br\/app\/uploads\/sites\/714\/2019\/08\/Impressoesemitica009-300x225.jpg 300w, https:\/\/www.ufsm.br\/app\/uploads\/sites\/714\/2019\/08\/Impressoesemitica009-768x576.jpg 768w, https:\/\/www.ufsm.br\/app\/uploads\/sites\/714\/2019\/08\/Impressoesemitica009.jpg 1200w\" sizes=\"(max-width: 1024px) 100vw, 1024px\" \/><\/figure><\/li><li class=\"blocks-gallery-item\"><figure><img decoding=\"async\" width=\"608\" height=\"900\" src=\"https:\/\/www.ufsm.br\/midias\/experimental\/revistatxt\/wp-content\/uploads\/sites\/714\/2019\/08\/060.jpg\" alt=\"\" data-id=\"3092\" data-link=\"https:\/\/www.ufsm.br\/midias\/experimental\/revistatxt\/060\/\" class=\"wp-image-3092\" srcset=\"https:\/\/www.ufsm.br\/app\/uploads\/sites\/714\/2019\/08\/060.jpg 608w, https:\/\/www.ufsm.br\/app\/uploads\/sites\/714\/2019\/08\/060-203x300.jpg 203w\" sizes=\"(max-width: 608px) 100vw, 608px\" \/><\/figure><\/li><\/ul>\n","protected":false},"excerpt":{"rendered":"<p>Andr\u00e9 Alves \u2013 anddralves@hotmail.comDaniela Pin \u2013 dani.menegazzo@gmail.com Longas conversas para compreender o movimento da ocupa\u00e7\u00e3o e suas implica\u00e7\u00f5es. Diversas tentativas de marcar entrevista com o reitor Felipe M\u00fcller. Caminhadas por todo o campus, busca por fontes espec\u00edficas e a dificuldade de colocar em quatro p\u00e1ginas todo o material apurado. Esses foram alguns dos entraves encontrados [&hellip;]<\/p>\n","protected":false},"author":25,"featured_media":3091,"comment_status":"closed","ping_status":"closed","sticky":false,"template":"","format":"standard","meta":{"footnotes":""},"categories":[21,185],"tags":[40],"class_list":["post-704","post","type-post","status-publish","format-standard","has-post-thumbnail","hentry","category-15aedicao","category-com-imagem-destacada-pt-15aedicao","tag-ed15"],"acf":[],"_links":{"self":[{"href":"https:\/\/www.ufsm.br\/midias\/experimental\/revistatxt\/wp-json\/wp\/v2\/posts\/704","targetHints":{"allow":["GET"]}}],"collection":[{"href":"https:\/\/www.ufsm.br\/midias\/experimental\/revistatxt\/wp-json\/wp\/v2\/posts"}],"about":[{"href":"https:\/\/www.ufsm.br\/midias\/experimental\/revistatxt\/wp-json\/wp\/v2\/types\/post"}],"author":[{"embeddable":true,"href":"https:\/\/www.ufsm.br\/midias\/experimental\/revistatxt\/wp-json\/wp\/v2\/users\/25"}],"replies":[{"embeddable":true,"href":"https:\/\/www.ufsm.br\/midias\/experimental\/revistatxt\/wp-json\/wp\/v2\/comments?post=704"}],"version-history":[{"count":0,"href":"https:\/\/www.ufsm.br\/midias\/experimental\/revistatxt\/wp-json\/wp\/v2\/posts\/704\/revisions"}],"wp:featuredmedia":[{"embeddable":true,"href":"https:\/\/www.ufsm.br\/midias\/experimental\/revistatxt\/wp-json\/wp\/v2\/media\/3091"}],"wp:attachment":[{"href":"https:\/\/www.ufsm.br\/midias\/experimental\/revistatxt\/wp-json\/wp\/v2\/media?parent=704"}],"wp:term":[{"taxonomy":"category","embeddable":true,"href":"https:\/\/www.ufsm.br\/midias\/experimental\/revistatxt\/wp-json\/wp\/v2\/categories?post=704"},{"taxonomy":"post_tag","embeddable":true,"href":"https:\/\/www.ufsm.br\/midias\/experimental\/revistatxt\/wp-json\/wp\/v2\/tags?post=704"}],"curies":[{"name":"wp","href":"https:\/\/api.w.org\/{rel}","templated":true}]}}