{"id":178,"date":"2025-11-18T09:48:24","date_gmt":"2025-11-18T12:48:24","guid":{"rendered":"https:\/\/www.ufsm.br\/museus\/museu-do-conhecimento\/?p=178"},"modified":"2025-11-24T17:08:46","modified_gmt":"2025-11-24T20:08:46","slug":"museu-do-conhecimento-se-prepara-para-receber-4a-jai-mirim","status":"publish","type":"post","link":"https:\/\/www.ufsm.br\/museus\/museu-do-conhecimento\/2025\/11\/18\/museu-do-conhecimento-se-prepara-para-receber-4a-jai-mirim","title":{"rendered":"Museu do Conhecimento se prepara para receber 4\u00aa JAI Mirim"},"content":{"rendered":"\t\t<div data-elementor-type=\"wp-post\" data-elementor-id=\"178\" class=\"elementor elementor-178\">\n\t\t\t\t\t\t<section class=\"elementor-section elementor-top-section elementor-element elementor-element-311ba8ac elementor-section-boxed elementor-section-height-default elementor-section-height-default\" data-id=\"311ba8ac\" data-element_type=\"section\">\n\t\t\t\t\t\t<div class=\"elementor-container elementor-column-gap-default\">\n\t\t\t\t\t<div class=\"elementor-column elementor-col-100 elementor-top-column elementor-element elementor-element-5706d739\" data-id=\"5706d739\" data-element_type=\"column\">\n\t\t\t<div class=\"elementor-widget-wrap elementor-element-populated\">\n\t\t\t\t\t\t<div class=\"elementor-element elementor-element-776d3a1f elementor-widget elementor-widget-text-editor\" data-id=\"776d3a1f\" data-element_type=\"widget\" data-widget_type=\"text-editor.default\">\n\t\t\t\t<div class=\"elementor-widget-container\">\n\t\t\t\t\t\t\t<!-- wp:heading -->\n<h3 class=\"wp-block-heading\"><span style=\"color: #808080\">Novo espa\u00e7o museal do campus sede foi inaugurado em outubro<\/span><\/h3>\n<p>\u00a0<\/p>\n<p>\u00a0<\/p>\n<!-- \/wp:heading -->\t\t\t\t\t\t<\/div>\n\t\t\t\t<\/div>\n\t\t\t\t<div class=\"elementor-element elementor-element-99fc6a0 elementor-arrows-position-inside elementor-pagination-position-outside elementor-widget elementor-widget-image-carousel\" data-id=\"99fc6a0\" data-element_type=\"widget\" data-settings=\"{&quot;slides_to_show&quot;:&quot;2&quot;,&quot;slides_to_scroll&quot;:&quot;1&quot;,&quot;speed&quot;:&quot;460&quot;,&quot;image_spacing_custom&quot;:{&quot;unit&quot;:&quot;px&quot;,&quot;size&quot;:&quot;10&quot;,&quot;sizes&quot;:[]},&quot;navigation&quot;:&quot;both&quot;,&quot;image_spacing_custom_tablet&quot;:{&quot;unit&quot;:&quot;px&quot;,&quot;size&quot;:&quot;&quot;,&quot;sizes&quot;:[]},&quot;image_spacing_custom_mobile&quot;:{&quot;unit&quot;:&quot;px&quot;,&quot;size&quot;:&quot;&quot;,&quot;sizes&quot;:[]}}\" data-widget_type=\"image-carousel.default\">\n\t\t\t\t<div class=\"elementor-widget-container\">\n\t\t\t\t\t<div class=\"elementor-image-carousel-wrapper swiper\" dir=\"ltr\">\n\t\t\t<div class=\"elementor-image-carousel swiper-wrapper\" aria-live=\"polite\">\n\t\t\t\t\t\t\t\t<div class=\"swiper-slide\" role=\"group\" aria-roledescription=\"slide\" aria-label=\"1 of 2\"><figure class=\"swiper-slide-inner\"><img decoding=\"async\" class=\"swiper-slide-image\" src=\"https:\/\/www.ufsm.br\/app\/uploads\/sites\/917\/2025\/11\/Museu-do-Conhecimento-Entrega-de-Chaves-Foto-Bianca-11-3-768x432.jpg\" alt=\"Totem digital \u00e9 usado como suporte para exposi\u00e7\u00f5es\" \/><figcaption class=\"elementor-image-carousel-caption\">Totem digital \u00e9 usado como suporte para exposi\u00e7\u00f5es<\/figcaption><\/figure><\/div><div class=\"swiper-slide\" role=\"group\" aria-roledescription=\"slide\" aria-label=\"2 of 2\"><figure class=\"swiper-slide-inner\"><img decoding=\"async\" class=\"swiper-slide-image\" src=\"https:\/\/www.ufsm.br\/app\/uploads\/sites\/917\/2025\/11\/Museu-do-Conhecimento-Entrega-de-Chaves-Foto-Bianca-22-1-768x432.jpg\" alt=\"Proje\u00e7\u00f5es digitais no Museu do Conhecimento no campus sede\" \/><figcaption class=\"elementor-image-carousel-caption\">Proje\u00e7\u00f5es digitais no Museu do Conhecimento no campus sede<\/figcaption><\/figure><\/div>\t\t\t<\/div>\n\t\t\t\t\t\t\t\t\t\t\t\t<div class=\"elementor-swiper-button elementor-swiper-button-prev\" role=\"button\" tabindex=\"0\">\n\t\t\t\t\t\t<i aria-hidden=\"true\" class=\"eicon-chevron-left\"><\/i>\t\t\t\t\t<\/div>\n\t\t\t\t\t<div class=\"elementor-swiper-button elementor-swiper-button-next\" role=\"button\" tabindex=\"0\">\n\t\t\t\t\t\t<i aria-hidden=\"true\" class=\"eicon-chevron-right\"><\/i>\t\t\t\t\t<\/div>\n\t\t\t\t\n\t\t\t\t\t\t\t\t\t<div class=\"swiper-pagination\"><\/div>\n\t\t\t\t\t\t\t\t\t<\/div>\n\t\t\t\t<\/div>\n\t\t\t\t<\/div>\n\t\t\t\t\t<\/div>\n\t\t<\/div>\n\t\t\t\t\t<\/div>\n\t\t<\/section>\n\t\t\t\t<section class=\"elementor-section elementor-top-section elementor-element elementor-element-0ab9b09 elementor-section-boxed elementor-section-height-default elementor-section-height-default\" data-id=\"0ab9b09\" data-element_type=\"section\">\n\t\t\t\t\t\t<div class=\"elementor-container elementor-column-gap-default\">\n\t\t\t\t\t<div class=\"elementor-column elementor-col-100 elementor-top-column elementor-element elementor-element-abe2718\" data-id=\"abe2718\" data-element_type=\"column\">\n\t\t\t<div class=\"elementor-widget-wrap elementor-element-populated\">\n\t\t\t\t\t\t<div class=\"elementor-element elementor-element-b23aa6a elementor-widget elementor-widget-text-editor\" data-id=\"b23aa6a\" data-element_type=\"widget\" data-widget_type=\"text-editor.default\">\n\t\t\t\t<div class=\"elementor-widget-container\">\n\t\t\t\t\t\t\t<p style=\"text-align: left\">Ap\u00f3s a cerim\u00f4nia de entrega de chaves, realizada na tarde de 24 de outubro, que reuniu diversas lideran\u00e7as acad\u00eamicas e equipes de pesquisa, o Museu do Conhecimento se prepara para sediar a 4\u00aa edi\u00e7\u00e3o da Jornada Acad\u00eamica Integrada Mirim (JAI Mirim).\u00a0<\/p>\n<p>A solenidade da semana passada marcou um novo e importante espa\u00e7o para a educa\u00e7\u00e3o museol\u00f3gica e a ci\u00eancia na regi\u00e3o. O ato contou com&#8230;\u00a0<\/p>\n<p>\u00a0<\/p>\n<p><\/p><\/div><\/div><\/div><\/div><\/div><\/section><\/div> <a href=\"https:\/\/www.ufsm.br\/museus\/museu-do-conhecimento\/2025\/11\/18\/museu-do-conhecimento-se-prepara-para-receber-4a-jai-mirim#more-178\" class=\"more-link elementor-more-link\"><span aria-label=\"Continue lendo Museu do Conhecimento se prepara para receber 4\u00aa JAI Mirim\">(mais&hellip;)<\/span><\/a>","protected":false},"excerpt":{"rendered":"<p>Novo espa\u00e7o museal do campus sede foi inaugurado em outubro \u00a0 \u00a0 Totem digital \u00e9 usado como suporte para exposi\u00e7\u00f5es Proje\u00e7\u00f5es digitais no Museu do Conhecimento no campus sede Ap\u00f3s a cerim\u00f4nia de entrega de chaves, realizada na tarde de 24 de outubro, que reuniu diversas lideran\u00e7as acad\u00eamicas e equipes de pesquisa, o Museu do [&hellip;]<\/p>\n","protected":false},"author":9022,"featured_media":0,"comment_status":"closed","ping_status":"closed","sticky":false,"template":"","format":"standard","meta":{"footnotes":""},"categories":[1],"tags":[],"class_list":["post-178","post","type-post","status-publish","format-standard","hentry","category-categoria"],"acf":[],"_links":{"self":[{"href":"https:\/\/www.ufsm.br\/museus\/museu-do-conhecimento\/wp-json\/wp\/v2\/posts\/178","targetHints":{"allow":["GET"]}}],"collection":[{"href":"https:\/\/www.ufsm.br\/museus\/museu-do-conhecimento\/wp-json\/wp\/v2\/posts"}],"about":[{"href":"https:\/\/www.ufsm.br\/museus\/museu-do-conhecimento\/wp-json\/wp\/v2\/types\/post"}],"author":[{"embeddable":true,"href":"https:\/\/www.ufsm.br\/museus\/museu-do-conhecimento\/wp-json\/wp\/v2\/users\/9022"}],"replies":[{"embeddable":true,"href":"https:\/\/www.ufsm.br\/museus\/museu-do-conhecimento\/wp-json\/wp\/v2\/comments?post=178"}],"version-history":[{"count":0,"href":"https:\/\/www.ufsm.br\/museus\/museu-do-conhecimento\/wp-json\/wp\/v2\/posts\/178\/revisions"}],"wp:attachment":[{"href":"https:\/\/www.ufsm.br\/museus\/museu-do-conhecimento\/wp-json\/wp\/v2\/media?parent=178"}],"wp:term":[{"taxonomy":"category","embeddable":true,"href":"https:\/\/www.ufsm.br\/museus\/museu-do-conhecimento\/wp-json\/wp\/v2\/categories?post=178"},{"taxonomy":"post_tag","embeddable":true,"href":"https:\/\/www.ufsm.br\/museus\/museu-do-conhecimento\/wp-json\/wp\/v2\/tags?post=178"}],"curies":[{"name":"wp","href":"https:\/\/api.w.org\/{rel}","templated":true}]}}