{"id":1118,"date":"2023-02-16T09:32:35","date_gmt":"2023-02-16T12:32:35","guid":{"rendered":"https:\/\/www.ufsm.br\/orgaos-executivos\/dcf\/?p=1118"},"modified":"2023-02-16T09:39:42","modified_gmt":"2023-02-16T12:39:42","slug":"memorando-circular-009-2023-dcf-pra-pagamento-de-despesa-de-exercicio-anterior","status":"publish","type":"post","link":"https:\/\/www.ufsm.br\/orgaos-executivos\/dcf\/2023\/02\/16\/memorando-circular-009-2023-dcf-pra-pagamento-de-despesa-de-exercicio-anterior","title":{"rendered":"Memorando Circular 009\/2023 \u2013 DCF\/PRA &#8211; Pagamento de Despesa de Exerc\u00edcio Anterior"},"content":{"rendered":"\n<p class=\"wp-block-paragraph\">A Pr\u00f3-Reitoria de Administra\u00e7\u00e3o (PRA) juntamente com o Departamento de Contabilidade e Finan\u00e7as (DCF) divulgam o <a href=\"https:\/\/www.ufsm.br\/app\/uploads\/sites\/407\/2023\/02\/Memorando-Circular-N.-009.2023-Despesas-de-Exerccios-Anteriores.pdf\" data-type=\"URL\" data-id=\"https:\/\/www.ufsm.br\/app\/uploads\/sites\/407\/2023\/02\/Memorando-Circular-N.-009.2023-Despesas-de-Exerccios-Anteriores.pdf\" target=\"_blank\" rel=\"noreferrer noopener\">Memorando Circular 009\/2023 \u2013 DCF\/PRA relativo ao pagamento de Despesa de Exerc\u00edcio Anterior<\/a>.<\/p>\n","protected":false},"excerpt":{"rendered":"<p>A Pr\u00f3-Reitoria de Administra\u00e7\u00e3o (PRA) juntamente com o Departamento de Contabilidade e Finan\u00e7as (DCF) divulgam o Memorando Circular 009\/2023 \u2013 DCF\/PRA relativo ao pagamento de Despesa de Exerc\u00edcio Anterior.<\/p>\n","protected":false},"author":36,"featured_media":0,"comment_status":"closed","ping_status":"closed","sticky":false,"template":"","format":"standard","meta":{"footnotes":""},"categories":[21],"tags":[],"class_list":["post-1118","post","type-post","status-publish","format-standard","hentry","category-noticias"],"acf":[],"_links":{"self":[{"href":"https:\/\/www.ufsm.br\/orgaos-executivos\/dcf\/wp-json\/wp\/v2\/posts\/1118","targetHints":{"allow":["GET"]}}],"collection":[{"href":"https:\/\/www.ufsm.br\/orgaos-executivos\/dcf\/wp-json\/wp\/v2\/posts"}],"about":[{"href":"https:\/\/www.ufsm.br\/orgaos-executivos\/dcf\/wp-json\/wp\/v2\/types\/post"}],"author":[{"embeddable":true,"href":"https:\/\/www.ufsm.br\/orgaos-executivos\/dcf\/wp-json\/wp\/v2\/users\/36"}],"replies":[{"embeddable":true,"href":"https:\/\/www.ufsm.br\/orgaos-executivos\/dcf\/wp-json\/wp\/v2\/comments?post=1118"}],"version-history":[{"count":0,"href":"https:\/\/www.ufsm.br\/orgaos-executivos\/dcf\/wp-json\/wp\/v2\/posts\/1118\/revisions"}],"wp:attachment":[{"href":"https:\/\/www.ufsm.br\/orgaos-executivos\/dcf\/wp-json\/wp\/v2\/media?parent=1118"}],"wp:term":[{"taxonomy":"category","embeddable":true,"href":"https:\/\/www.ufsm.br\/orgaos-executivos\/dcf\/wp-json\/wp\/v2\/categories?post=1118"},{"taxonomy":"post_tag","embeddable":true,"href":"https:\/\/www.ufsm.br\/orgaos-executivos\/dcf\/wp-json\/wp\/v2\/tags?post=1118"}],"curies":[{"name":"wp","href":"https:\/\/api.w.org\/{rel}","templated":true}]}}