{"id":2726,"date":"2025-10-31T08:45:18","date_gmt":"2025-10-31T11:45:18","guid":{"rendered":"https:\/\/www.ufsm.br\/orgaos-executivos\/dcf\/?p=2726"},"modified":"2025-11-07T10:06:37","modified_gmt":"2025-11-07T13:06:37","slug":"processo-seletivo-de-bolsista-bolsa-codigo-2-bae-prae","status":"publish","type":"post","link":"https:\/\/www.ufsm.br\/orgaos-executivos\/dcf\/2025\/10\/31\/processo-seletivo-de-bolsista-bolsa-codigo-2-bae-prae","title":{"rendered":"Processo Seletivo de Bolsista \u2013 Bolsa C\u00f3digo 2 \u2013 BAE-PRAE"},"content":{"rendered":"\t\t<div data-elementor-type=\"wp-post\" data-elementor-id=\"2726\" class=\"elementor elementor-2726\">\n\t\t\t\t\t\t<section class=\"elementor-section elementor-top-section elementor-element elementor-element-f7ef5e5 elementor-section-boxed elementor-section-height-default elementor-section-height-default\" data-id=\"f7ef5e5\" data-element_type=\"section\">\n\t\t\t\t\t\t<div class=\"elementor-container elementor-column-gap-default\">\n\t\t\t\t\t<div class=\"elementor-column elementor-col-100 elementor-top-column elementor-element elementor-element-5199e144\" data-id=\"5199e144\" data-element_type=\"column\">\n\t\t\t<div class=\"elementor-widget-wrap elementor-element-populated\">\n\t\t\t\t\t\t<div class=\"elementor-element elementor-element-666f4e1 elementor-widget elementor-widget-text-editor\" data-id=\"666f4e1\" data-element_type=\"widget\" data-widget_type=\"text-editor.default\">\n\t\t\t\t<div class=\"elementor-widget-container\">\n\t\t\t\t\t\t\t<!-- wp:paragraph -->\n<p>\u00a0<\/p>\n<p>A Universidade Federal de Santa Maria (UFSM), por meio do Departamento de Contabilidade e Finan\u00e7as da Pr\u00f3-Reitoria de Administra\u00e7\u00e3o, torna p\u00fablica a abertura do Processo Seletivo de Bolsista para atua\u00e7\u00e3o no projeto \u201cApoio \u00e0s Atividades Administrativas do Departamento de Contabilidade e Finan\u00e7as (DCF\/PRA\/UFSM)\u201d, conforme as condi\u00e7\u00f5es estabelecidas neste <strong><a href=\"https:\/\/www.ufsm.br\/app\/uploads\/sites\/407\/2025\/10\/Edital_006.2025_-_vagas_bolsas_2-BAE_assinado.pdf\">edital<\/a><\/strong>.<\/p>\n<p>\u00a0<\/p>\n<p>Confira o <strong><a href=\"https:\/\/www.ufsm.br\/orgaos-executivos\/dcf\/2025\/10\/31\/processo-seletivo-de-bolsista-bolsa-codigo-2-bae-prae\">Resultado<\/a><\/strong> do <span class=\"link-title\">Edital 006\/2025 pelo Edital 007\/2025 &#8211; Resultado Sele\u00e7\u00e3o de Bolsista &#8211; Bolsa C\u00f3digo 2 &#8211; BAE-PRAE<\/span>\u00a0<\/p>\n<!-- \/wp:paragraph -->\t\t\t\t\t\t<\/div>\n\t\t\t\t<\/div>\n\t\t\t\t\t<\/div>\n\t\t<\/div>\n\t\t\t\t\t<\/div>\n\t\t<\/section>\n\t\t\t\t<\/div>\n\t\t","protected":false},"excerpt":{"rendered":"<p>\u00a0 A Universidade Federal de Santa Maria (UFSM), por meio do Departamento de Contabilidade e Finan\u00e7as da Pr\u00f3-Reitoria de Administra\u00e7\u00e3o, torna p\u00fablica a abertura do Processo Seletivo de Bolsista para atua\u00e7\u00e3o no projeto \u201cApoio \u00e0s Atividades Administrativas do Departamento de Contabilidade e Finan\u00e7as (DCF\/PRA\/UFSM)\u201d, conforme as condi\u00e7\u00f5es estabelecidas neste edital. \u00a0 Confira o Resultado do [&hellip;]<\/p>\n","protected":false},"author":244,"featured_media":0,"comment_status":"closed","ping_status":"closed","sticky":true,"template":"","format":"standard","meta":{"footnotes":""},"categories":[21],"tags":[],"class_list":["post-2726","post","type-post","status-publish","format-standard","hentry","category-noticias"],"acf":[],"_links":{"self":[{"href":"https:\/\/www.ufsm.br\/orgaos-executivos\/dcf\/wp-json\/wp\/v2\/posts\/2726","targetHints":{"allow":["GET"]}}],"collection":[{"href":"https:\/\/www.ufsm.br\/orgaos-executivos\/dcf\/wp-json\/wp\/v2\/posts"}],"about":[{"href":"https:\/\/www.ufsm.br\/orgaos-executivos\/dcf\/wp-json\/wp\/v2\/types\/post"}],"author":[{"embeddable":true,"href":"https:\/\/www.ufsm.br\/orgaos-executivos\/dcf\/wp-json\/wp\/v2\/users\/244"}],"replies":[{"embeddable":true,"href":"https:\/\/www.ufsm.br\/orgaos-executivos\/dcf\/wp-json\/wp\/v2\/comments?post=2726"}],"version-history":[{"count":0,"href":"https:\/\/www.ufsm.br\/orgaos-executivos\/dcf\/wp-json\/wp\/v2\/posts\/2726\/revisions"}],"wp:attachment":[{"href":"https:\/\/www.ufsm.br\/orgaos-executivos\/dcf\/wp-json\/wp\/v2\/media?parent=2726"}],"wp:term":[{"taxonomy":"category","embeddable":true,"href":"https:\/\/www.ufsm.br\/orgaos-executivos\/dcf\/wp-json\/wp\/v2\/categories?post=2726"},{"taxonomy":"post_tag","embeddable":true,"href":"https:\/\/www.ufsm.br\/orgaos-executivos\/dcf\/wp-json\/wp\/v2\/tags?post=2726"}],"curies":[{"name":"wp","href":"https:\/\/api.w.org\/{rel}","templated":true}]}}