{"id":3220,"date":"2026-08-31T15:20:18","date_gmt":"2026-08-31T18:20:18","guid":{"rendered":"https:\/\/www.ufsm.br\/orgaos-executivos\/dcf\/?p=3220"},"modified":"2026-08-31T15:28:28","modified_gmt":"2026-08-31T18:28:28","slug":"resultado-da-1a-etapa-edital-004-2026-bolsas-dcf-pra-ufsm-classificados-e-convocacao-para-entrevistas","status":"publish","type":"post","link":"https:\/\/www.ufsm.br\/orgaos-executivos\/dcf\/2026\/08\/31\/resultado-da-1a-etapa-edital-004-2026-bolsas-dcf-pra-ufsm-classificados-e-convocacao-para-entrevistas","title":{"rendered":"Resultado da 1\u00aa etapa &#8211; Edital 004\/2026  bolsas DCF\/PRA\/UFSM &#8211; Classificados e convoca\u00e7\u00e3o para entrevistas"},"content":{"rendered":"\t\t<div data-elementor-type=\"wp-post\" data-elementor-id=\"3220\" class=\"elementor elementor-3220\">\n\t\t\t\t\t\t<section class=\"elementor-section elementor-top-section elementor-element elementor-element-83dd8bd elementor-section-boxed elementor-section-height-default elementor-section-height-default\" data-id=\"83dd8bd\" data-element_type=\"section\">\n\t\t\t\t\t\t<div class=\"elementor-container elementor-column-gap-default\">\n\t\t\t\t\t<div class=\"elementor-column elementor-col-100 elementor-top-column elementor-element elementor-element-27577b5\" data-id=\"27577b5\" data-element_type=\"column\">\n\t\t\t<div class=\"elementor-widget-wrap elementor-element-populated\">\n\t\t\t\t\t\t<div class=\"elementor-element elementor-element-c2e187b elementor-widget elementor-widget-text-editor\" data-id=\"c2e187b\" data-element_type=\"widget\" data-widget_type=\"text-editor.default\">\n\t\t\t\t<div class=\"elementor-widget-container\">\n\t\t\t\t\t\t\t<p>O Departamento de Contabilidade e Finan\u00e7as da Pr\u00f3-Reitoria de Administra\u00e7\u00e3o da Universidade Federal de Santa Maria torna p\u00fablico o <strong><a href=\"https:\/\/www.ufsm.br\/orgaos-executivos\/dcf\/editais\/004-2026\/1-_resultado_1aa_etapa_e_conv_entrevistas_-_edital_004-2026_dcf_31-08_assinado_1_assinado\">resultado da primeira etapa e a rela\u00e7\u00e3o dos(as) candidatos(as) classificados(as) para a entrevista (segunda etapa)<\/a>,<\/strong>&nbsp;referentes ao Processo Seletivo regido pelo Edital n\u00ba 004\/2026. Fique atento aos dias e hor\u00e1rios.<\/p>\t\t\t\t\t\t<\/div>\n\t\t\t\t<\/div>\n\t\t\t\t\t<\/div>\n\t\t<\/div>\n\t\t\t\t\t<\/div>\n\t\t<\/section>\n\t\t\t\t<\/div>\n\t\t","protected":false},"excerpt":{"rendered":"<p>O Departamento de Contabilidade e Finan\u00e7as da Pr\u00f3-Reitoria de Administra\u00e7\u00e3o da Universidade Federal de Santa Maria torna p\u00fablico o resultado da primeira etapa e a rela\u00e7\u00e3o dos(as) candidatos(as) classificados(as) para a entrevista (segunda etapa),&nbsp;referentes ao Processo Seletivo regido pelo Edital n\u00ba 004\/2026. Fique atento aos dias e hor\u00e1rios.<\/p>\n","protected":false},"author":214,"featured_media":0,"comment_status":"closed","ping_status":"closed","sticky":false,"template":"","format":"standard","meta":{"footnotes":""},"categories":[21],"tags":[],"class_list":["post-3220","post","type-post","status-publish","format-standard","hentry","category-noticias"],"acf":[],"_links":{"self":[{"href":"https:\/\/www.ufsm.br\/orgaos-executivos\/dcf\/wp-json\/wp\/v2\/posts\/3220","targetHints":{"allow":["GET"]}}],"collection":[{"href":"https:\/\/www.ufsm.br\/orgaos-executivos\/dcf\/wp-json\/wp\/v2\/posts"}],"about":[{"href":"https:\/\/www.ufsm.br\/orgaos-executivos\/dcf\/wp-json\/wp\/v2\/types\/post"}],"author":[{"embeddable":true,"href":"https:\/\/www.ufsm.br\/orgaos-executivos\/dcf\/wp-json\/wp\/v2\/users\/214"}],"replies":[{"embeddable":true,"href":"https:\/\/www.ufsm.br\/orgaos-executivos\/dcf\/wp-json\/wp\/v2\/comments?post=3220"}],"version-history":[{"count":0,"href":"https:\/\/www.ufsm.br\/orgaos-executivos\/dcf\/wp-json\/wp\/v2\/posts\/3220\/revisions"}],"wp:attachment":[{"href":"https:\/\/www.ufsm.br\/orgaos-executivos\/dcf\/wp-json\/wp\/v2\/media?parent=3220"}],"wp:term":[{"taxonomy":"category","embeddable":true,"href":"https:\/\/www.ufsm.br\/orgaos-executivos\/dcf\/wp-json\/wp\/v2\/categories?post=3220"},{"taxonomy":"post_tag","embeddable":true,"href":"https:\/\/www.ufsm.br\/orgaos-executivos\/dcf\/wp-json\/wp\/v2\/tags?post=3220"}],"curies":[{"name":"wp","href":"https:\/\/api.w.org\/{rel}","templated":true}]}}