{"id":3226,"date":"2026-09-04T16:08:40","date_gmt":"2026-09-04T19:08:40","guid":{"rendered":"https:\/\/www.ufsm.br\/orgaos-executivos\/dcf\/?p=3226"},"modified":"2026-09-04T16:18:54","modified_gmt":"2026-09-04T19:18:54","slug":"resultado-final-lista-de-classificacao-convocacao-edital-no-004-2026-dcf-pra-ufsm-processo-seletivo-de-bolsista","status":"publish","type":"post","link":"https:\/\/www.ufsm.br\/orgaos-executivos\/dcf\/2026\/09\/04\/resultado-final-lista-de-classificacao-convocacao-edital-no-004-2026-dcf-pra-ufsm-processo-seletivo-de-bolsista","title":{"rendered":"Resultado Final &#8211; Lista de Classifica\u00e7\u00e3o &#8211; Convoca\u00e7\u00e3o &#8211; Edital  N\u00ba 004\/2026 &#8211; DCF\/PRA\/UFSM Processo Seletivo de Bolsista"},"content":{"rendered":"\t\t<div data-elementor-type=\"wp-post\" data-elementor-id=\"3226\" class=\"elementor elementor-3226\">\n\t\t\t\t\t\t<section class=\"elementor-section elementor-top-section elementor-element elementor-element-dde8365 elementor-section-boxed elementor-section-height-default elementor-section-height-default\" data-id=\"dde8365\" data-element_type=\"section\">\n\t\t\t\t\t\t<div class=\"elementor-container elementor-column-gap-default\">\n\t\t\t\t\t<div class=\"elementor-column elementor-col-100 elementor-top-column elementor-element elementor-element-baac15f\" data-id=\"baac15f\" data-element_type=\"column\">\n\t\t\t<div class=\"elementor-widget-wrap elementor-element-populated\">\n\t\t\t\t\t\t<div class=\"elementor-element elementor-element-967bd56 elementor-widget elementor-widget-text-editor\" data-id=\"967bd56\" data-element_type=\"widget\" data-widget_type=\"text-editor.default\">\n\t\t\t\t<div class=\"elementor-widget-container\">\n\t\t\t\t\t\t\t<p>O DCF\/PRA\/UFSM\u00a0torna p\u00fablico o <strong><a href=\"https:\/\/www.ufsm.br\/app\/uploads\/sites\/407\/2026\/08\/1._Resultado_2Aa_Etapa_e_convocacao_-_Edital_004-2026_DCF_04.09_assinado_assinado.pdf\">Resultado Final do Processo Seletivo de Bolsista<\/a><\/strong>, regido pelo <strong><a href=\"https:\/\/www.ufsm.br\/busca?q=&amp;area=editais&amp;orderby=modified&amp;order=DESC\">Edital n\u00ba 004\/2026 \u2013 DCF\/PRA\/UFSM<\/a><\/strong>, acompanhado da lista de classifica\u00e7\u00e3o final de acordo com a avalia\u00e7\u00e3o obtida pelos(as) candidatos(as) nas etapas previstas no Edital e <strong>convoca o primeiro colocado para manifesta\u00e7\u00e3o de interesse na vaga e apresenta\u00e7\u00e3o de documenta\u00e7\u00e3o<\/strong> complementar solicitada, <strong>no prazo de 5 dias \u00fateis<\/strong>.<\/p>\t\t\t\t\t\t<\/div>\n\t\t\t\t<\/div>\n\t\t\t\t\t<\/div>\n\t\t<\/div>\n\t\t\t\t\t<\/div>\n\t\t<\/section>\n\t\t\t\t<\/div>\n\t\t","protected":false},"excerpt":{"rendered":"<p>O DCF\/PRA\/UFSM\u00a0torna p\u00fablico o Resultado Final do Processo Seletivo de Bolsista, regido pelo Edital n\u00ba 004\/2026 \u2013 DCF\/PRA\/UFSM, acompanhado da lista de classifica\u00e7\u00e3o final de acordo com a avalia\u00e7\u00e3o obtida pelos(as) candidatos(as) nas etapas previstas no Edital e convoca o primeiro colocado para manifesta\u00e7\u00e3o de interesse na vaga e apresenta\u00e7\u00e3o de documenta\u00e7\u00e3o complementar solicitada, no [&hellip;]<\/p>\n","protected":false},"author":214,"featured_media":0,"comment_status":"closed","ping_status":"closed","sticky":false,"template":"","format":"standard","meta":{"footnotes":""},"categories":[1],"tags":[],"class_list":["post-3226","post","type-post","status-publish","format-standard","hentry","category-sem-categoria"],"acf":[],"_links":{"self":[{"href":"https:\/\/www.ufsm.br\/orgaos-executivos\/dcf\/wp-json\/wp\/v2\/posts\/3226","targetHints":{"allow":["GET"]}}],"collection":[{"href":"https:\/\/www.ufsm.br\/orgaos-executivos\/dcf\/wp-json\/wp\/v2\/posts"}],"about":[{"href":"https:\/\/www.ufsm.br\/orgaos-executivos\/dcf\/wp-json\/wp\/v2\/types\/post"}],"author":[{"embeddable":true,"href":"https:\/\/www.ufsm.br\/orgaos-executivos\/dcf\/wp-json\/wp\/v2\/users\/214"}],"replies":[{"embeddable":true,"href":"https:\/\/www.ufsm.br\/orgaos-executivos\/dcf\/wp-json\/wp\/v2\/comments?post=3226"}],"version-history":[{"count":0,"href":"https:\/\/www.ufsm.br\/orgaos-executivos\/dcf\/wp-json\/wp\/v2\/posts\/3226\/revisions"}],"wp:attachment":[{"href":"https:\/\/www.ufsm.br\/orgaos-executivos\/dcf\/wp-json\/wp\/v2\/media?parent=3226"}],"wp:term":[{"taxonomy":"category","embeddable":true,"href":"https:\/\/www.ufsm.br\/orgaos-executivos\/dcf\/wp-json\/wp\/v2\/categories?post=3226"},{"taxonomy":"post_tag","embeddable":true,"href":"https:\/\/www.ufsm.br\/orgaos-executivos\/dcf\/wp-json\/wp\/v2\/tags?post=3226"}],"curies":[{"name":"wp","href":"https:\/\/api.w.org\/{rel}","templated":true}]}}