{"id":396,"date":"2020-03-17T10:47:04","date_gmt":"2020-03-17T13:47:04","guid":{"rendered":"https:\/\/www.ufsm.br\/orgaos-executivos\/dcf\/?p=396"},"modified":"2020-06-18T11:09:41","modified_gmt":"2020-06-18T14:09:41","slug":"horario-de-atendimento-externo-protocolo-dcf-a-partir-de-17-03-2020","status":"publish","type":"post","link":"https:\/\/www.ufsm.br\/orgaos-executivos\/dcf\/2020\/03\/17\/horario-de-atendimento-externo-protocolo-dcf-a-partir-de-17-03-2020","title":{"rendered":"Hor\u00e1rio de Atendimento Externo DCF a partir de 17 de mar\u00e7o de 2020"},"content":{"rendered":"\t\t<div data-elementor-type=\"wp-post\" data-elementor-id=\"396\" class=\"elementor elementor-396\">\n\t\t\t\t\t\t<section class=\"elementor-section elementor-top-section elementor-element elementor-element-7fed5555 elementor-section-boxed elementor-section-height-default elementor-section-height-default\" data-id=\"7fed5555\" data-element_type=\"section\">\n\t\t\t\t\t\t<div class=\"elementor-container elementor-column-gap-default\">\n\t\t\t\t\t<div class=\"elementor-column elementor-col-100 elementor-top-column elementor-element elementor-element-3050c8f7\" data-id=\"3050c8f7\" data-element_type=\"column\">\n\t\t\t<div class=\"elementor-widget-wrap elementor-element-populated\">\n\t\t\t\t\t\t<div class=\"elementor-element elementor-element-15df2d2b elementor-widget elementor-widget-text-editor\" data-id=\"15df2d2b\" data-element_type=\"widget\" data-widget_type=\"text-editor.default\">\n\t\t\t\t<div class=\"elementor-widget-container\">\n\t\t\t\t\t\t\t<p><!-- wp:paragraph --><\/p>\n<p>De acordo com a <a href=\"https:\/\/www.ufsm.br\/wp-content\/uploads\/2020\/03\/PORTARIA-97.935-1.pdf\">Portaria 97.935 de 16 de mar\u00e7o de 2020<\/a>&nbsp;com a <a href=\"https:\/\/www.ufsm.br\/pro-reitorias\/pra\/2020\/03\/17\/nota-publica-pra\/\">Nota P\u00fablica PRA, de 17 de mar\u00e7o de 2020<\/a>,&nbsp;<span style=\"color: black;font-size: 1rem\">o DCF informa que a partir do dia 17 de mar\u00e7o de 2020 atender\u00e1<\/span><span style=\"color: #000000;font-size: 16px\">&nbsp;apenas necessidades essenciais, priorizando pagamento de bolsistas, aux\u00edlio funeral, \u00e1gua, luz, telefone, terceirizados, pessoal e demais despesas consideradas \u201curgentes\u201d, sem atendimentos externos fora destes casos.&nbsp;<\/span><span style=\"color: #000000;font-size: 16px\">Informamos, tamb\u00e9m, que o DCF somente emitir\u00e1 empenhos considerados essenciais e urgentes, previamente comunicados \u00e0 Dire\u00e7\u00e3o.<\/span><\/p>\n<p><span style=\"color: #000000;font-size: 16px\"><b>Entregas de documentos devem ser realizadas exclusivamente no Protocolo do DCF (sala 636) de segunda a sexta-feira das 8:00 \u00e0s 12:00.<\/b><\/span><\/p>\n<p><span style=\"color: #000000;font-size: 16px\">Caso necess\u00e1rio entrar em contato, utilizar os canais listados abaixo:<\/span><\/p>\n<p><span style=\"color: #000000;font-size: 16px\">&nbsp;<\/span><\/p>\n<p><span style=\"color: #000000;font-size: 16px\"><b>Protocolo do DCF<\/b><\/span><\/p>\n<p><span style=\"color: #000000;font-size: 16px\">Telefone: (55) 3220-8318<\/span><\/p>\n<p><span style=\"color: #000000;font-size: 16px\">E-mail:&nbsp;<\/span><span style=\"color: #000000;font-size: 16px\">contab.ufsm@gmail.com<\/span><\/p>\n<p><span style=\"color: #000000;font-size: 16px\">&nbsp;<\/span><\/p>\n<p><span style=\"color: #000000;font-size: 16px\"><b>Dire\u00e7\u00e3o do DCF<\/b><\/span><\/p>\n<p style=\"color: #000000;font-size: 16px\"><span style=\"color: #000000;font-size: 16px\">Telefone: (55) 3220-8203<\/span><\/p>\n<p style=\"color: #000000;font-size: 16px\"><span style=\"color: #000000;font-size: 16px\">E-mail:&nbsp;<\/span><span style=\"color: #000000;font-size: 16px\">dcf@ufsm.br<\/span><\/p>\n<p><!-- \/wp:paragraph --><\/p>\t\t\t\t\t\t<\/div>\n\t\t\t\t<\/div>\n\t\t\t\t\t<\/div>\n\t\t<\/div>\n\t\t\t\t\t<\/div>\n\t\t<\/section>\n\t\t\t\t<\/div>\n\t\t","protected":false},"excerpt":{"rendered":"<p>De acordo com a Portaria 97.935 de 16 de mar\u00e7o de 2020&nbsp;com a Nota P\u00fablica PRA, de 17 de mar\u00e7o de 2020,&nbsp;o DCF informa que a partir do dia 17 de mar\u00e7o de 2020 atender\u00e1&nbsp;apenas necessidades essenciais, priorizando pagamento de bolsistas, aux\u00edlio funeral, \u00e1gua, luz, telefone, terceirizados, pessoal e demais despesas consideradas \u201curgentes\u201d, sem atendimentos [&hellip;]<\/p>\n","protected":false},"author":36,"featured_media":0,"comment_status":"closed","ping_status":"closed","sticky":false,"template":"","format":"standard","meta":{"footnotes":""},"categories":[21],"tags":[],"class_list":["post-396","post","type-post","status-publish","format-standard","hentry","category-noticias"],"acf":[],"_links":{"self":[{"href":"https:\/\/www.ufsm.br\/orgaos-executivos\/dcf\/wp-json\/wp\/v2\/posts\/396","targetHints":{"allow":["GET"]}}],"collection":[{"href":"https:\/\/www.ufsm.br\/orgaos-executivos\/dcf\/wp-json\/wp\/v2\/posts"}],"about":[{"href":"https:\/\/www.ufsm.br\/orgaos-executivos\/dcf\/wp-json\/wp\/v2\/types\/post"}],"author":[{"embeddable":true,"href":"https:\/\/www.ufsm.br\/orgaos-executivos\/dcf\/wp-json\/wp\/v2\/users\/36"}],"replies":[{"embeddable":true,"href":"https:\/\/www.ufsm.br\/orgaos-executivos\/dcf\/wp-json\/wp\/v2\/comments?post=396"}],"version-history":[{"count":0,"href":"https:\/\/www.ufsm.br\/orgaos-executivos\/dcf\/wp-json\/wp\/v2\/posts\/396\/revisions"}],"wp:attachment":[{"href":"https:\/\/www.ufsm.br\/orgaos-executivos\/dcf\/wp-json\/wp\/v2\/media?parent=396"}],"wp:term":[{"taxonomy":"category","embeddable":true,"href":"https:\/\/www.ufsm.br\/orgaos-executivos\/dcf\/wp-json\/wp\/v2\/categories?post=396"},{"taxonomy":"post_tag","embeddable":true,"href":"https:\/\/www.ufsm.br\/orgaos-executivos\/dcf\/wp-json\/wp\/v2\/tags?post=396"}],"curies":[{"name":"wp","href":"https:\/\/api.w.org\/{rel}","templated":true}]}}