{"id":21032,"date":"2018-07-26T13:43:54","date_gmt":"2018-07-26T16:43:54","guid":{"rendered":"https:\/\/www.ufsm.br\/orgaos-executivos\/demapa\/2018\/07\/26\/26-07-2018-apresentacao-do-modulo-contratos-sie\/"},"modified":"2018-07-26T13:43:54","modified_gmt":"2018-07-26T16:43:54","slug":"26-07-2018-apresentacao-do-modulo-contratos-sie","status":"publish","type":"post","link":"https:\/\/www.ufsm.br\/orgaos-executivos\/demapa\/2018\/07\/26\/26-07-2018-apresentacao-do-modulo-contratos-sie","title":{"rendered":"26\/07\/2018 &#8211; Apresenta\u00e7\u00e3o do m\u00f3dulo contratos  &#8211; SIE"},"content":{"rendered":"<p>O DEMAPA em conjunto com o DCF e com o apoio do CPD apresentou no dia 19\/07\/2018 o m\u00f3dulo contratos no SIE.  O v\u00eddeo da capacita\u00e7\u00e3o poder\u00e1 ser visualizada logo abaixo e est\u00e1 dispon\u00edvel tamb\u00e9m no<a href=\"http:\/\/farol.ufsm.br\/transmissao\/apresentacao-do-modulo-de-contratos-sie-19072018-830h\" onclick=\"window.open(this.href,'','scrollbars=yes,resizable=yes,location=yes,menubar=yes,status=yes,toolbar=yes,left=0,top=0');return false;\"> Farol da UFSM.<\/a><\/p>\n<p>&nbsp; <\/p>\n<p><iframe width=\"640\" height=\"360\" src=\"http:\/\/farol.ufsm.br\/transmissao\/embed\/apresentacao-do-modulo-de-contratos-sie-19072018-830h\/\" frameborder=\"0\" allowfullscreen><\/iframe><\/p>\n","protected":false},"excerpt":{"rendered":"<p>O DEMAPA em conjunto com o DCF e com o apoio do CPD apresentou no dia 19\/07\/2018 o m\u00f3dulo contratos no SIE. O v\u00eddeo da capacita\u00e7\u00e3o poder\u00e1 ser visualizada logo abaixo e est\u00e1 dispon\u00edvel tamb\u00e9m no Farol da UFSM. &nbsp;<\/p>\n","protected":false},"author":26,"featured_media":0,"comment_status":"closed","ping_status":"closed","sticky":false,"template":"","format":"standard","meta":{"footnotes":""},"categories":[1],"tags":[],"class_list":["post-21032","post","type-post","status-publish","format-standard","hentry","category-sem-categoria"],"acf":[],"_links":{"self":[{"href":"https:\/\/www.ufsm.br\/orgaos-executivos\/demapa\/wp-json\/wp\/v2\/posts\/21032","targetHints":{"allow":["GET"]}}],"collection":[{"href":"https:\/\/www.ufsm.br\/orgaos-executivos\/demapa\/wp-json\/wp\/v2\/posts"}],"about":[{"href":"https:\/\/www.ufsm.br\/orgaos-executivos\/demapa\/wp-json\/wp\/v2\/types\/post"}],"author":[{"embeddable":true,"href":"https:\/\/www.ufsm.br\/orgaos-executivos\/demapa\/wp-json\/wp\/v2\/users\/26"}],"replies":[{"embeddable":true,"href":"https:\/\/www.ufsm.br\/orgaos-executivos\/demapa\/wp-json\/wp\/v2\/comments?post=21032"}],"version-history":[{"count":0,"href":"https:\/\/www.ufsm.br\/orgaos-executivos\/demapa\/wp-json\/wp\/v2\/posts\/21032\/revisions"}],"wp:attachment":[{"href":"https:\/\/www.ufsm.br\/orgaos-executivos\/demapa\/wp-json\/wp\/v2\/media?parent=21032"}],"wp:term":[{"taxonomy":"category","embeddable":true,"href":"https:\/\/www.ufsm.br\/orgaos-executivos\/demapa\/wp-json\/wp\/v2\/categories?post=21032"},{"taxonomy":"post_tag","embeddable":true,"href":"https:\/\/www.ufsm.br\/orgaos-executivos\/demapa\/wp-json\/wp\/v2\/tags?post=21032"}],"curies":[{"name":"wp","href":"https:\/\/api.w.org\/{rel}","templated":true}]}}