{"id":296,"date":"2017-08-03T16:37:01","date_gmt":"2017-08-03T19:37:01","guid":{"rendered":"https:\/\/www.ufsm.br\/orgaos-executivos\/demapa\/2017\/08\/03\/noticia91\/"},"modified":"2017-08-03T16:37:01","modified_gmt":"2017-08-03T19:37:01","slug":"noticia91","status":"publish","type":"post","link":"https:\/\/www.ufsm.br\/orgaos-executivos\/demapa\/2017\/08\/03\/noticia91","title":{"rendered":"03\/08\/2017 &#8211; Central de Aquisi\u00e7\u00f5es e Contrata\u00e7\u00f5es disponibiliza Registro de Pre\u00e7os para loca\u00e7\u00e3o de materiais para Eventos (sonoriza\u00e7\u00e3o, palco, lon\u00f5es, cadeiras pl\u00e1sticas e climatizadores)."},"content":{"rendered":"<p>A Central de Aquisi\u00e7\u00f5es e Contrata\u00e7\u00f5es do Demapa disponibilizou os Registros de Pre\u00e7os 000452\/2017, 000453\/2017, 000454\/2017 e 000457\/2017 para loca\u00e7\u00e3o de materiais para eventos, do Preg\u00e3o 141\/2017.<\/p>\n<p><a href=\"https:\/\/www.ufsm.br\/orgaos-executivos\/demapa\/wp-content\/uploads\/sites\/352\/2017\/08\/Ext_516_517_519_522_Pre_141.pdf\" onclick=\"window.open(this.href,'','scrollbars=yes,resizable=yes,location=yes,menubar=yes,status=yes,toolbar=yes,left=0,top=0');return false;\">Os extratos poder\u00e3o ser visualizados aqui.<\/a><\/p>\n","protected":false},"excerpt":{"rendered":"<p>A Central de Aquisi\u00e7\u00f5es e Contrata\u00e7\u00f5es do Demapa disponibilizou os Registros de Pre\u00e7os 000452\/2017, 000453\/2017, 000454\/2017 e 000457\/2017 para loca\u00e7\u00e3o de materiais para eventos, do Preg\u00e3o 141\/2017. Os extratos poder\u00e3o ser visualizados aqui.<\/p>\n","protected":false},"author":8,"featured_media":0,"comment_status":"closed","ping_status":"closed","sticky":false,"template":"","format":"standard","meta":{"footnotes":""},"categories":[1],"tags":[],"class_list":["post-296","post","type-post","status-publish","format-standard","hentry","category-sem-categoria"],"acf":[],"_links":{"self":[{"href":"https:\/\/www.ufsm.br\/orgaos-executivos\/demapa\/wp-json\/wp\/v2\/posts\/296","targetHints":{"allow":["GET"]}}],"collection":[{"href":"https:\/\/www.ufsm.br\/orgaos-executivos\/demapa\/wp-json\/wp\/v2\/posts"}],"about":[{"href":"https:\/\/www.ufsm.br\/orgaos-executivos\/demapa\/wp-json\/wp\/v2\/types\/post"}],"author":[{"embeddable":true,"href":"https:\/\/www.ufsm.br\/orgaos-executivos\/demapa\/wp-json\/wp\/v2\/users\/8"}],"replies":[{"embeddable":true,"href":"https:\/\/www.ufsm.br\/orgaos-executivos\/demapa\/wp-json\/wp\/v2\/comments?post=296"}],"version-history":[{"count":0,"href":"https:\/\/www.ufsm.br\/orgaos-executivos\/demapa\/wp-json\/wp\/v2\/posts\/296\/revisions"}],"wp:attachment":[{"href":"https:\/\/www.ufsm.br\/orgaos-executivos\/demapa\/wp-json\/wp\/v2\/media?parent=296"}],"wp:term":[{"taxonomy":"category","embeddable":true,"href":"https:\/\/www.ufsm.br\/orgaos-executivos\/demapa\/wp-json\/wp\/v2\/categories?post=296"},{"taxonomy":"post_tag","embeddable":true,"href":"https:\/\/www.ufsm.br\/orgaos-executivos\/demapa\/wp-json\/wp\/v2\/tags?post=296"}],"curies":[{"name":"wp","href":"https:\/\/api.w.org\/{rel}","templated":true}]}}