{"id":308,"date":"2017-08-16T18:51:40","date_gmt":"2017-08-16T21:51:40","guid":{"rendered":"https:\/\/www.ufsm.br\/orgaos-executivos\/demapa\/2017\/08\/16\/noticia96\/"},"modified":"2017-08-16T18:51:40","modified_gmt":"2017-08-16T21:51:40","slug":"noticia96","status":"publish","type":"post","link":"https:\/\/www.ufsm.br\/orgaos-executivos\/demapa\/2017\/08\/16\/noticia96","title":{"rendered":"16\/08\/2017 &#8211; Iniciou o curso de gest\u00e3o e Fiscaliza\u00e7\u00e3o de contratos"},"content":{"rendered":"<p style=\"text-align: justify;\">Est\u00e1 em andamento o curso sobre o ciclo da Contrata\u00e7\u00e3o P\u00fablica, realizado pelo DEMAPA e&nbsp; Pr\u00f3-Reitoria de Administra\u00e7\u00e3o, em parceria com o NED\/PROGEP, tem como instrutores as servidoras Alessandra Bavaresco e Carmem L\u00facia Andrade.<\/p>\n<p style=\"text-align: justify;\">O curso tem como objetivo capacitar, mediante uma abordagem te\u00f3rico-pr\u00e1tica, visando melhor atender as demandas da UFSM em rela\u00e7\u00e3o a contrata\u00e7\u00e3o p\u00fablica.<\/p>\n<p style=\"text-align: justify;\">Com carga hor\u00e1ria de 20 horas, o curso teve in\u00edcio na manh\u00e3 desta quarta-feira, dia 16\/08\/2017 e est\u00e1 sendo transmitido via Farol para os campi de Cachoeira do Sul, Frederico Westphalen e Palmeira das Miss\u00f5es.<\/p>\n<p>&nbsp;<\/p>\n<p><img fetchpriority=\"high\" decoding=\"async\" class=\" size-full wp-image-305\" src=\"https:\/\/www.ufsm.br\/orgaos-executivos\/demapa\/wp-content\/uploads\/sites\/352\/2017\/08\/foto1.jpeg\" alt=\"\" style=\"display: block; margin-left: auto; margin-right: auto;\" width=\"624\" height=\"351\" srcset=\"https:\/\/www.ufsm.br\/app\/uploads\/sites\/352\/2017\/08\/foto1.jpeg 624w, https:\/\/www.ufsm.br\/app\/uploads\/sites\/352\/2017\/08\/foto1-300x169.jpeg 300w\" sizes=\"(max-width: 624px) 100vw, 624px\" \/><\/p>\n<p><img decoding=\"async\" class=\" size-full wp-image-306\" src=\"https:\/\/www.ufsm.br\/orgaos-executivos\/demapa\/wp-content\/uploads\/sites\/352\/2017\/08\/foto2.jpeg\" alt=\"\" style=\"display: block; margin-left: auto; margin-right: auto;\" width=\"624\" height=\"351\" srcset=\"https:\/\/www.ufsm.br\/app\/uploads\/sites\/352\/2017\/08\/foto2.jpeg 624w, https:\/\/www.ufsm.br\/app\/uploads\/sites\/352\/2017\/08\/foto2-300x169.jpeg 300w\" sizes=\"(max-width: 624px) 100vw, 624px\" \/><\/p>\n<p><img decoding=\"async\" class=\" size-full wp-image-307\" src=\"https:\/\/www.ufsm.br\/orgaos-executivos\/demapa\/wp-content\/uploads\/sites\/352\/2017\/08\/foto3.jpg\" alt=\"\" style=\"display: block; margin-left: auto; margin-right: auto;\" width=\"622\" height=\"415\" srcset=\"https:\/\/www.ufsm.br\/app\/uploads\/sites\/352\/2017\/08\/foto3.jpg 614w, https:\/\/www.ufsm.br\/app\/uploads\/sites\/352\/2017\/08\/foto3-300x200.jpg 300w, https:\/\/www.ufsm.br\/app\/uploads\/sites\/352\/2017\/08\/foto3-272x182.jpg 272w\" sizes=\"(max-width: 622px) 100vw, 622px\" \/><\/p>\n<p>&nbsp;<\/p>\n<p>&nbsp;<\/p>\n","protected":false},"excerpt":{"rendered":"<p>Est\u00e1 em andamento o curso sobre o ciclo da Contrata\u00e7\u00e3o P\u00fablica, realizado pelo DEMAPA e&nbsp; Pr\u00f3-Reitoria de Administra\u00e7\u00e3o, em parceria com o NED\/PROGEP, tem como instrutores as servidoras Alessandra Bavaresco e Carmem L\u00facia Andrade. O curso tem como objetivo capacitar, mediante uma abordagem te\u00f3rico-pr\u00e1tica, visando melhor atender as demandas da UFSM em rela\u00e7\u00e3o a contrata\u00e7\u00e3o [&hellip;]<\/p>\n","protected":false},"author":8,"featured_media":304,"comment_status":"closed","ping_status":"closed","sticky":false,"template":"","format":"standard","meta":{"footnotes":""},"categories":[1],"tags":[],"class_list":["post-308","post","type-post","status-publish","format-standard","has-post-thumbnail","hentry","category-sem-categoria"],"acf":[],"_links":{"self":[{"href":"https:\/\/www.ufsm.br\/orgaos-executivos\/demapa\/wp-json\/wp\/v2\/posts\/308","targetHints":{"allow":["GET"]}}],"collection":[{"href":"https:\/\/www.ufsm.br\/orgaos-executivos\/demapa\/wp-json\/wp\/v2\/posts"}],"about":[{"href":"https:\/\/www.ufsm.br\/orgaos-executivos\/demapa\/wp-json\/wp\/v2\/types\/post"}],"author":[{"embeddable":true,"href":"https:\/\/www.ufsm.br\/orgaos-executivos\/demapa\/wp-json\/wp\/v2\/users\/8"}],"replies":[{"embeddable":true,"href":"https:\/\/www.ufsm.br\/orgaos-executivos\/demapa\/wp-json\/wp\/v2\/comments?post=308"}],"version-history":[{"count":0,"href":"https:\/\/www.ufsm.br\/orgaos-executivos\/demapa\/wp-json\/wp\/v2\/posts\/308\/revisions"}],"wp:featuredmedia":[{"embeddable":true,"href":"https:\/\/www.ufsm.br\/orgaos-executivos\/demapa\/wp-json\/wp\/v2\/media\/304"}],"wp:attachment":[{"href":"https:\/\/www.ufsm.br\/orgaos-executivos\/demapa\/wp-json\/wp\/v2\/media?parent=308"}],"wp:term":[{"taxonomy":"category","embeddable":true,"href":"https:\/\/www.ufsm.br\/orgaos-executivos\/demapa\/wp-json\/wp\/v2\/categories?post=308"},{"taxonomy":"post_tag","embeddable":true,"href":"https:\/\/www.ufsm.br\/orgaos-executivos\/demapa\/wp-json\/wp\/v2\/tags?post=308"}],"curies":[{"name":"wp","href":"https:\/\/api.w.org\/{rel}","templated":true}]}}