{"id":32913,"date":"2017-12-06T20:01:39","date_gmt":"2017-12-06T22:01:39","guid":{"rendered":"https:\/\/www.ufsm.br\/orgaos-executivos\/demapa\/2017\/12\/06\/06-12-2017-nova-sistematica-no-recebimento-de-bens-patrimoniais-adquiridos-por-projetos-fatec\/"},"modified":"2019-05-02T15:06:06","modified_gmt":"2019-05-02T18:06:06","slug":"06-12-2017-nova-sistematica-no-recebimento-de-bens-patrimoniais-adquiridos-por-projetos-fatec","status":"publish","type":"post","link":"https:\/\/www.ufsm.br\/orgaos-executivos\/demapa\/2017\/12\/06\/06-12-2017-nova-sistematica-no-recebimento-de-bens-patrimoniais-adquiridos-por-projetos-fatec","title":{"rendered":"06\/12\/2017 &#8211; Nova sistem\u00e1tica no recebimento de bens patrimoniais adquiridos por projetos- FATEC"},"content":{"rendered":"<p>De acordo com o <a href=\"https:\/\/www.ufsm.br\/orgaos-executivos\/demapa\/wp-content\/uploads\/sites\/352\/2019\/05\/Mem_Circ_05.2017_Fatec_ACM.pdf\">Memorando Circular 05\/2017-FATEC<\/a>, a partir do dia 02 de janeiro de 2018 os equipamentos (materiais permanentes) adquiridos pelos coordenadores de projetos FATEC ser\u00e3o entregues na Divis\u00e3o de Patrim\u00f4nio &#8211; DIPAT\/UFSM.<\/p>\n","protected":false},"excerpt":{"rendered":"<p>De acordo com o Memorando Circular 05\/2017-FATEC, a partir do dia 02 de janeiro de 2018 os equipamentos (materiais permanentes) adquiridos pelos coordenadores de projetos FATEC ser\u00e3o entregues na Divis\u00e3o de Patrim\u00f4nio &#8211; DIPAT\/UFSM.<\/p>\n","protected":false},"author":25,"featured_media":0,"comment_status":"closed","ping_status":"closed","sticky":false,"template":"","format":"standard","meta":{"footnotes":""},"categories":[162],"tags":[],"class_list":["post-32913","post","type-post","status-publish","format-standard","hentry","category-noticias-dipat"],"acf":[],"_links":{"self":[{"href":"https:\/\/www.ufsm.br\/orgaos-executivos\/demapa\/wp-json\/wp\/v2\/posts\/32913","targetHints":{"allow":["GET"]}}],"collection":[{"href":"https:\/\/www.ufsm.br\/orgaos-executivos\/demapa\/wp-json\/wp\/v2\/posts"}],"about":[{"href":"https:\/\/www.ufsm.br\/orgaos-executivos\/demapa\/wp-json\/wp\/v2\/types\/post"}],"author":[{"embeddable":true,"href":"https:\/\/www.ufsm.br\/orgaos-executivos\/demapa\/wp-json\/wp\/v2\/users\/25"}],"replies":[{"embeddable":true,"href":"https:\/\/www.ufsm.br\/orgaos-executivos\/demapa\/wp-json\/wp\/v2\/comments?post=32913"}],"version-history":[{"count":0,"href":"https:\/\/www.ufsm.br\/orgaos-executivos\/demapa\/wp-json\/wp\/v2\/posts\/32913\/revisions"}],"wp:attachment":[{"href":"https:\/\/www.ufsm.br\/orgaos-executivos\/demapa\/wp-json\/wp\/v2\/media?parent=32913"}],"wp:term":[{"taxonomy":"category","embeddable":true,"href":"https:\/\/www.ufsm.br\/orgaos-executivos\/demapa\/wp-json\/wp\/v2\/categories?post=32913"},{"taxonomy":"post_tag","embeddable":true,"href":"https:\/\/www.ufsm.br\/orgaos-executivos\/demapa\/wp-json\/wp\/v2\/tags?post=32913"}],"curies":[{"name":"wp","href":"https:\/\/api.w.org\/{rel}","templated":true}]}}