{"id":32915,"date":"2018-04-11T11:38:13","date_gmt":"2018-04-11T14:38:13","guid":{"rendered":"https:\/\/www.ufsm.br\/orgaos-executivos\/demapa\/2018\/04\/11\/11-04-18-funcionalidade-classificados-no-portal-patrimonio\/"},"modified":"2018-04-11T11:38:13","modified_gmt":"2018-04-11T14:38:13","slug":"11-04-18-funcionalidade-classificados-no-portal-patrimonio","status":"publish","type":"post","link":"https:\/\/www.ufsm.br\/orgaos-executivos\/demapa\/2018\/04\/11\/11-04-18-funcionalidade-classificados-no-portal-patrimonio","title":{"rendered":"11\/04\/18 &#8211; Funcionalidade &#8220;Classificados&#8221; no Portal Patrim\u00f4nio"},"content":{"rendered":"<p style=\"text-align: justify;\">Como resultado dos cont\u00ednuos esfor\u00e7os realizados pela PRA, DEMAPA, CPD e Divis\u00e3o de Patrim\u00f4nio para o aperfei\u00e7oamento da gest\u00e3o patrimonial no \u00e2mbito da UFSM, informamos que est\u00e1 dispon\u00edvel, no Portal Patrim\u00f4nio, a <strong>funcionalidade dos &#8220;Classificados<\/strong>&#8220;.<\/p>\n<p style=\"text-align: justify;\">Salientamos que os materiais a serem disponibilizados devem estar <strong>ociosos mas em condi\u00e7\u00f5es de uso<\/strong> dentro das unidades, para que possam ser utilizados por outros setores que necessitem destes bens. Nesta funcionalidade <strong>n\u00e3o devem ser inclu\u00eddos bens irrecuper\u00e1veis<\/strong>.<\/p>\n<p style=\"text-align: justify;\">Ressaltamos que a consulta aos classificados est\u00e1 dispon\u00edvel, neste primeiro momento, a todos os servidores da institui\u00e7\u00e3o. No entanto as requisi\u00e7\u00f5es de bens permanentes podem ser realizadas apenas por chefes respons\u00e1veis pela carga patrimonial e os agentes patrimoniais devidamente habilitados.<\/p>\n<p style=\"text-align: justify;\">A Divis\u00e3o de Patrim\u00f4nio, localizada no pr\u00e9dio 64B, coloca-se \u00e0 disposi\u00e7\u00e3o para auxili\u00e1-los em suas d\u00favidas atrav\u00e9s do e-mail <a href=\"mailto:dipat.ufsm@gmail.com\">dipat.ufsm@gmail.com<\/a> e dos ramais 8374 e 8767.<\/p>\n<p style=\"text-align: justify;\">Convidamos a todos que participem do curso de Sistema de Patrim\u00f4nio que est\u00e1 sendo ministrado ao longo do m\u00eas de abril, onde esta e outras funcionalidades do Portal Patrim\u00f4nio est\u00e3o sendo abordadas.<\/p>\n<p>&nbsp;<\/p>\n<p><img fetchpriority=\"high\" decoding=\"async\" src=\"images\/tela_classificados.png\" alt=\"tela classificados.png\" width=\"1146\" height=\"568\" \/><\/p>\n","protected":false},"excerpt":{"rendered":"<p>Como resultado dos cont\u00ednuos esfor\u00e7os realizados pela PRA, DEMAPA, CPD e Divis\u00e3o de Patrim\u00f4nio para o aperfei\u00e7oamento da gest\u00e3o patrimonial no \u00e2mbito da UFSM, informamos que est\u00e1 dispon\u00edvel, no Portal Patrim\u00f4nio, a funcionalidade dos &#8220;Classificados&#8220;. Salientamos que os materiais a serem disponibilizados devem estar ociosos mas em condi\u00e7\u00f5es de uso dentro das unidades, para que [&hellip;]<\/p>\n","protected":false},"author":25,"featured_media":0,"comment_status":"closed","ping_status":"closed","sticky":false,"template":"","format":"standard","meta":{"footnotes":""},"categories":[162],"tags":[],"class_list":["post-32915","post","type-post","status-publish","format-standard","hentry","category-noticias-dipat"],"acf":[],"_links":{"self":[{"href":"https:\/\/www.ufsm.br\/orgaos-executivos\/demapa\/wp-json\/wp\/v2\/posts\/32915","targetHints":{"allow":["GET"]}}],"collection":[{"href":"https:\/\/www.ufsm.br\/orgaos-executivos\/demapa\/wp-json\/wp\/v2\/posts"}],"about":[{"href":"https:\/\/www.ufsm.br\/orgaos-executivos\/demapa\/wp-json\/wp\/v2\/types\/post"}],"author":[{"embeddable":true,"href":"https:\/\/www.ufsm.br\/orgaos-executivos\/demapa\/wp-json\/wp\/v2\/users\/25"}],"replies":[{"embeddable":true,"href":"https:\/\/www.ufsm.br\/orgaos-executivos\/demapa\/wp-json\/wp\/v2\/comments?post=32915"}],"version-history":[{"count":0,"href":"https:\/\/www.ufsm.br\/orgaos-executivos\/demapa\/wp-json\/wp\/v2\/posts\/32915\/revisions"}],"wp:attachment":[{"href":"https:\/\/www.ufsm.br\/orgaos-executivos\/demapa\/wp-json\/wp\/v2\/media?parent=32915"}],"wp:term":[{"taxonomy":"category","embeddable":true,"href":"https:\/\/www.ufsm.br\/orgaos-executivos\/demapa\/wp-json\/wp\/v2\/categories?post=32915"},{"taxonomy":"post_tag","embeddable":true,"href":"https:\/\/www.ufsm.br\/orgaos-executivos\/demapa\/wp-json\/wp\/v2\/tags?post=32915"}],"curies":[{"name":"wp","href":"https:\/\/api.w.org\/{rel}","templated":true}]}}