{"id":32919,"date":"2018-07-18T10:22:30","date_gmt":"2018-07-18T13:22:30","guid":{"rendered":"https:\/\/www.ufsm.br\/orgaos-executivos\/demapa\/2018\/07\/18\/18-07-2018-primeiro-recebimento-de-equipamentos-no-novo-predio-do-patrimonio\/"},"modified":"2019-05-02T15:03:12","modified_gmt":"2019-05-02T18:03:12","slug":"18-07-2018-primeiro-recebimento-de-equipamentos-no-novo-predio-do-patrimonio","status":"publish","type":"post","link":"https:\/\/www.ufsm.br\/orgaos-executivos\/demapa\/2018\/07\/18\/18-07-2018-primeiro-recebimento-de-equipamentos-no-novo-predio-do-patrimonio","title":{"rendered":"18\/07\/2018 &#8211; Primeiro Recebimento de Equipamentos no Novo Pr\u00e9dio do Patrim\u00f4nio\/UFSM"},"content":{"rendered":"<p>Com a coordena\u00e7\u00e3o do Diretor de Patrim\u00f4nio Gilson Peres e sua equipe de trabalho, a DIPAT est\u00e1 realizando no dia de hoje o primeiro recebimento de materiais adquiridos pela UFSM em seu Novo Pr\u00e9dio.\u00a0<\/p>\n<p>Essa nova estrutura al\u00e9m de oportunizar melhores condi\u00e7\u00f5es de trabalhos aos servidores da Institui\u00e7\u00e3o, ser\u00e1 capaz de atender as demandas da comunidade acad\u00eamica, otimizando dessa forma, os servi\u00e7os de controle patrimonial da Universidade.<\/p>\n\n\n<ul class=\"wp-block-gallery columns-2 is-cropped wp-block-gallery-1 is-layout-flex wp-block-gallery-is-layout-flex\"><li class=\"blocks-gallery-item\"><figure><img fetchpriority=\"high\" decoding=\"async\" width=\"1024\" height=\"576\" src=\"https:\/\/www.ufsm.br\/orgaos-executivos\/demapa\/wp-content\/uploads\/sites\/352\/2019\/05\/rece-1024x576.jpg\" alt=\"\" data-id=\"32951\" data-link=\"https:\/\/www.ufsm.br\/orgaos-executivos\/demapa\/2018\/07\/18\/18-07-2018-primeiro-recebimento-de-equipamentos-no-novo-predio-do-patrimonio\/rece\/\" class=\"wp-image-32951\" srcset=\"https:\/\/www.ufsm.br\/app\/uploads\/sites\/352\/2019\/05\/rece-1024x576.jpg 1024w, https:\/\/www.ufsm.br\/app\/uploads\/sites\/352\/2019\/05\/rece-300x169.jpg 300w, https:\/\/www.ufsm.br\/app\/uploads\/sites\/352\/2019\/05\/rece-768x432.jpg 768w, https:\/\/www.ufsm.br\/app\/uploads\/sites\/352\/2019\/05\/rece.jpg 1280w\" sizes=\"(max-width: 1024px) 100vw, 1024px\" \/><\/figure><\/li><li class=\"blocks-gallery-item\"><figure><img decoding=\"async\" src=\"https:\/\/www.ufsm.br\/orgaos-executivos\/demapa\/wp-content\/uploads\/sites\/352\/2019\/05\/rec-1-1024x576.jpg\" alt=\"\" data-id=\"32954\" data-link=\"https:\/\/www.ufsm.br\/orgaos-executivos\/demapa\/2018\/07\/18\/18-07-2018-primeiro-recebimento-de-equipamentos-no-novo-predio-do-patrimonio\/rec-2\/\" class=\"wp-image-32954\" \/><\/figure><\/li><\/ul>\n","protected":false},"excerpt":{"rendered":"<p>Com a coordena\u00e7\u00e3o do Diretor de Patrim\u00f4nio Gilson Peres e sua equipe de trabalho, a DIPAT est\u00e1 realizando no dia de hoje o primeiro recebimento de materiais adquiridos pela UFSM em seu Novo Pr\u00e9dio.\u00a0 Essa nova estrutura al\u00e9m de oportunizar melhores condi\u00e7\u00f5es de trabalhos aos servidores da Institui\u00e7\u00e3o, ser\u00e1 capaz de atender as demandas da [&hellip;]<\/p>\n","protected":false},"author":25,"featured_media":0,"comment_status":"closed","ping_status":"closed","sticky":false,"template":"","format":"standard","meta":{"footnotes":""},"categories":[162],"tags":[],"class_list":["post-32919","post","type-post","status-publish","format-standard","hentry","category-noticias-dipat"],"acf":[],"_links":{"self":[{"href":"https:\/\/www.ufsm.br\/orgaos-executivos\/demapa\/wp-json\/wp\/v2\/posts\/32919","targetHints":{"allow":["GET"]}}],"collection":[{"href":"https:\/\/www.ufsm.br\/orgaos-executivos\/demapa\/wp-json\/wp\/v2\/posts"}],"about":[{"href":"https:\/\/www.ufsm.br\/orgaos-executivos\/demapa\/wp-json\/wp\/v2\/types\/post"}],"author":[{"embeddable":true,"href":"https:\/\/www.ufsm.br\/orgaos-executivos\/demapa\/wp-json\/wp\/v2\/users\/25"}],"replies":[{"embeddable":true,"href":"https:\/\/www.ufsm.br\/orgaos-executivos\/demapa\/wp-json\/wp\/v2\/comments?post=32919"}],"version-history":[{"count":0,"href":"https:\/\/www.ufsm.br\/orgaos-executivos\/demapa\/wp-json\/wp\/v2\/posts\/32919\/revisions"}],"wp:attachment":[{"href":"https:\/\/www.ufsm.br\/orgaos-executivos\/demapa\/wp-json\/wp\/v2\/media?parent=32919"}],"wp:term":[{"taxonomy":"category","embeddable":true,"href":"https:\/\/www.ufsm.br\/orgaos-executivos\/demapa\/wp-json\/wp\/v2\/categories?post=32919"},{"taxonomy":"post_tag","embeddable":true,"href":"https:\/\/www.ufsm.br\/orgaos-executivos\/demapa\/wp-json\/wp\/v2\/tags?post=32919"}],"curies":[{"name":"wp","href":"https:\/\/api.w.org\/{rel}","templated":true}]}}