{"id":32922,"date":"2018-12-21T17:13:45","date_gmt":"2018-12-21T19:13:45","guid":{"rendered":"https:\/\/www.ufsm.br\/orgaos-executivos\/demapa\/2018\/12\/21\/horario-de-expediente-dipat-entre-26-12-2018-e-22-02-2018\/"},"modified":"2018-12-21T17:13:45","modified_gmt":"2018-12-21T19:13:45","slug":"horario-de-expediente-dipat-entre-26-12-2018-e-22-02-2018","status":"publish","type":"post","link":"https:\/\/www.ufsm.br\/orgaos-executivos\/demapa\/2018\/12\/21\/horario-de-expediente-dipat-entre-26-12-2018-e-22-02-2018","title":{"rendered":"21\/12\/2018 &#8211; Hor\u00e1rio de expediente DIPAT entre 26\/12\/2018 e 22\/02\/2018"},"content":{"rendered":"<p>A Divis\u00e3o de Patrim\u00f4nio da UFSM, seguindo a determina\u00e7\u00e3o estabelecida na Portaria n\u00ba 92.024, de 20\/11\/2018, comunica que o hor\u00e1rio de expediente e atendimento externo a partir de 26\/12\/2018 at\u00e9 22\/02\/2019 ser\u00e1&nbsp;<strong>das 7:30 \u00e0s 13:30<\/strong>.<\/p>\n<p>Nas datas de 24\/12 e 31\/12 do corrente ano, a DIPAT estar\u00e1 fechada, como orientado na Ordem de Servi\u00e7o n\u00ba 03\/2018 &#8211; Gabineto do Reitor, de 20\/11\/2018.<\/p>\n<p>A equipe da Divis\u00e3o de Patrim\u00f4nio agradece a compreens\u00e3o e deseja \u00f3timas festividades de final de ano a todos.<\/p>\n<p>&nbsp;<\/p>\n","protected":false},"excerpt":{"rendered":"<p>A Divis\u00e3o de Patrim\u00f4nio da UFSM, seguindo a determina\u00e7\u00e3o estabelecida na Portaria n\u00ba 92.024, de 20\/11\/2018, comunica que o hor\u00e1rio de expediente e atendimento externo a partir de 26\/12\/2018 at\u00e9 22\/02\/2019 ser\u00e1&nbsp;das 7:30 \u00e0s 13:30. Nas datas de 24\/12 e 31\/12 do corrente ano, a DIPAT estar\u00e1 fechada, como orientado na Ordem de Servi\u00e7o n\u00ba [&hellip;]<\/p>\n","protected":false},"author":25,"featured_media":0,"comment_status":"closed","ping_status":"closed","sticky":false,"template":"","format":"standard","meta":{"footnotes":""},"categories":[162],"tags":[],"class_list":["post-32922","post","type-post","status-publish","format-standard","hentry","category-noticias-dipat"],"acf":[],"_links":{"self":[{"href":"https:\/\/www.ufsm.br\/orgaos-executivos\/demapa\/wp-json\/wp\/v2\/posts\/32922","targetHints":{"allow":["GET"]}}],"collection":[{"href":"https:\/\/www.ufsm.br\/orgaos-executivos\/demapa\/wp-json\/wp\/v2\/posts"}],"about":[{"href":"https:\/\/www.ufsm.br\/orgaos-executivos\/demapa\/wp-json\/wp\/v2\/types\/post"}],"author":[{"embeddable":true,"href":"https:\/\/www.ufsm.br\/orgaos-executivos\/demapa\/wp-json\/wp\/v2\/users\/25"}],"replies":[{"embeddable":true,"href":"https:\/\/www.ufsm.br\/orgaos-executivos\/demapa\/wp-json\/wp\/v2\/comments?post=32922"}],"version-history":[{"count":0,"href":"https:\/\/www.ufsm.br\/orgaos-executivos\/demapa\/wp-json\/wp\/v2\/posts\/32922\/revisions"}],"wp:attachment":[{"href":"https:\/\/www.ufsm.br\/orgaos-executivos\/demapa\/wp-json\/wp\/v2\/media?parent=32922"}],"wp:term":[{"taxonomy":"category","embeddable":true,"href":"https:\/\/www.ufsm.br\/orgaos-executivos\/demapa\/wp-json\/wp\/v2\/categories?post=32922"},{"taxonomy":"post_tag","embeddable":true,"href":"https:\/\/www.ufsm.br\/orgaos-executivos\/demapa\/wp-json\/wp\/v2\/tags?post=32922"}],"curies":[{"name":"wp","href":"https:\/\/api.w.org\/{rel}","templated":true}]}}