{"id":333,"date":"2017-12-06T18:54:22","date_gmt":"2017-12-06T20:54:22","guid":{"rendered":"https:\/\/www.ufsm.br\/orgaos-executivos\/demapa\/2017\/12\/06\/noticia120\/"},"modified":"2017-12-06T18:54:22","modified_gmt":"2017-12-06T20:54:22","slug":"noticia120","status":"publish","type":"post","link":"https:\/\/www.ufsm.br\/orgaos-executivos\/demapa\/2017\/12\/06\/noticia120","title":{"rendered":"06\/12\/2017 &#8211; Nova sistem\u00e1tica no recebimento de bens patrimoniais adquiridos por projetos- FATEC"},"content":{"rendered":"<p style=\"text-align: justify;\">De acordo com o <a href=\"https:\/\/www.ufsm.br\/orgaos-executivos\/demapa\/wp-content\/uploads\/sites\/352\/2017\/12\/Mem_Circ_05.2017_Fatec_ACM.pdf\" onclick=\"window.open(this.href,'','scrollbars=yes,resizable=yes,location=yes,menubar=yes,status=yes,toolbar=yes,left=0,top=0');return false;\">Memorando Circular 05\/2017-FATEC<\/a>, a partir do dia 02 de janeiro de 2018 os equipamentos (materiais permanentes) adquiridos pelos coordenadores de projetos FATEC ser\u00e3o entregues na Divis\u00e3o de Patrim\u00f4nio &#8211; DIPAT\/UFSM.<\/p>\n","protected":false},"excerpt":{"rendered":"<p>De acordo com o Memorando Circular 05\/2017-FATEC, a partir do dia 02 de janeiro de 2018 os equipamentos (materiais permanentes) adquiridos pelos coordenadores de projetos FATEC ser\u00e3o entregues na Divis\u00e3o de Patrim\u00f4nio &#8211; DIPAT\/UFSM.<\/p>\n","protected":false},"author":8,"featured_media":0,"comment_status":"closed","ping_status":"closed","sticky":false,"template":"","format":"standard","meta":{"footnotes":""},"categories":[1],"tags":[],"class_list":["post-333","post","type-post","status-publish","format-standard","hentry","category-sem-categoria"],"acf":[],"_links":{"self":[{"href":"https:\/\/www.ufsm.br\/orgaos-executivos\/demapa\/wp-json\/wp\/v2\/posts\/333","targetHints":{"allow":["GET"]}}],"collection":[{"href":"https:\/\/www.ufsm.br\/orgaos-executivos\/demapa\/wp-json\/wp\/v2\/posts"}],"about":[{"href":"https:\/\/www.ufsm.br\/orgaos-executivos\/demapa\/wp-json\/wp\/v2\/types\/post"}],"author":[{"embeddable":true,"href":"https:\/\/www.ufsm.br\/orgaos-executivos\/demapa\/wp-json\/wp\/v2\/users\/8"}],"replies":[{"embeddable":true,"href":"https:\/\/www.ufsm.br\/orgaos-executivos\/demapa\/wp-json\/wp\/v2\/comments?post=333"}],"version-history":[{"count":0,"href":"https:\/\/www.ufsm.br\/orgaos-executivos\/demapa\/wp-json\/wp\/v2\/posts\/333\/revisions"}],"wp:attachment":[{"href":"https:\/\/www.ufsm.br\/orgaos-executivos\/demapa\/wp-json\/wp\/v2\/media?parent=333"}],"wp:term":[{"taxonomy":"category","embeddable":true,"href":"https:\/\/www.ufsm.br\/orgaos-executivos\/demapa\/wp-json\/wp\/v2\/categories?post=333"},{"taxonomy":"post_tag","embeddable":true,"href":"https:\/\/www.ufsm.br\/orgaos-executivos\/demapa\/wp-json\/wp\/v2\/tags?post=333"}],"curies":[{"name":"wp","href":"https:\/\/api.w.org\/{rel}","templated":true}]}}