{"id":336,"date":"2023-09-15T15:05:00","date_gmt":"2023-09-15T18:05:00","guid":{"rendered":"https:\/\/www.ufsm.br\/orgaos-executivos\/demapa\/2018\/01\/10\/aviso-de-dedetizacao-no-almoxarifado-central\/"},"modified":"2023-09-15T15:03:08","modified_gmt":"2023-09-15T18:03:08","slug":"aviso-de-dedetizacao-no-almoxarifado-central","status":"publish","type":"post","link":"https:\/\/www.ufsm.br\/orgaos-executivos\/demapa\/2023\/09\/15\/aviso-de-dedetizacao-no-almoxarifado-central","title":{"rendered":"Aviso de dedetiza\u00e7\u00e3o nos predios da DIPAT &#8211; Divis\u00e3o de Patrim\u00f4nio"},"content":{"rendered":"<p>A DIPAT comunica que, nos dia 19 de setembro de 2023\u00a0 (Ter\u00e7a-Feira) e 29 de setembro de 2023 (Sexta-Feira), ser\u00e1 realizado o servi\u00e7o de desinsetiza\u00e7\u00e3o de suas instala\u00e7\u00f5es<span class=\"text_exposed_show\">. Dessa forma, haver\u00e1 interrup\u00e7\u00e3o no atendimento nos respectivos dias das 15:00 \u00e0s 17:00hs. <\/span><\/p>\n<p><span class=\"text_exposed_show\">A Dire\u00e7\u00e3o agradece a compreens\u00e3o.<\/span><\/p>\n","protected":false},"excerpt":{"rendered":"<p>A DIPAT comunica que, nos dia 19 de setembro de 2023\u00a0 (Ter\u00e7a-Feira) e 29 de setembro de 2023 (Sexta-Feira), ser\u00e1 realizado o servi\u00e7o de desinsetiza\u00e7\u00e3o de suas instala\u00e7\u00f5es. Dessa forma, haver\u00e1 interrup\u00e7\u00e3o no atendimento nos respectivos dias das 15:00 \u00e0s 17:00hs. A Dire\u00e7\u00e3o agradece a compreens\u00e3o.<\/p>\n","protected":false},"author":8,"featured_media":0,"comment_status":"closed","ping_status":"closed","sticky":false,"template":"","format":"standard","meta":{"footnotes":""},"categories":[55,162,1],"tags":[],"class_list":["post-336","post","type-post","status-publish","format-standard","hentry","category-noticia","category-noticias-dipat","category-sem-categoria"],"acf":[],"_links":{"self":[{"href":"https:\/\/www.ufsm.br\/orgaos-executivos\/demapa\/wp-json\/wp\/v2\/posts\/336","targetHints":{"allow":["GET"]}}],"collection":[{"href":"https:\/\/www.ufsm.br\/orgaos-executivos\/demapa\/wp-json\/wp\/v2\/posts"}],"about":[{"href":"https:\/\/www.ufsm.br\/orgaos-executivos\/demapa\/wp-json\/wp\/v2\/types\/post"}],"author":[{"embeddable":true,"href":"https:\/\/www.ufsm.br\/orgaos-executivos\/demapa\/wp-json\/wp\/v2\/users\/8"}],"replies":[{"embeddable":true,"href":"https:\/\/www.ufsm.br\/orgaos-executivos\/demapa\/wp-json\/wp\/v2\/comments?post=336"}],"version-history":[{"count":0,"href":"https:\/\/www.ufsm.br\/orgaos-executivos\/demapa\/wp-json\/wp\/v2\/posts\/336\/revisions"}],"wp:attachment":[{"href":"https:\/\/www.ufsm.br\/orgaos-executivos\/demapa\/wp-json\/wp\/v2\/media?parent=336"}],"wp:term":[{"taxonomy":"category","embeddable":true,"href":"https:\/\/www.ufsm.br\/orgaos-executivos\/demapa\/wp-json\/wp\/v2\/categories?post=336"},{"taxonomy":"post_tag","embeddable":true,"href":"https:\/\/www.ufsm.br\/orgaos-executivos\/demapa\/wp-json\/wp\/v2\/tags?post=336"}],"curies":[{"name":"wp","href":"https:\/\/api.w.org\/{rel}","templated":true}]}}