{"id":33722,"date":"2019-09-16T14:22:12","date_gmt":"2019-09-16T17:22:12","guid":{"rendered":"https:\/\/www.ufsm.br\/orgaos-executivos\/demapa\/?p=33722"},"modified":"2019-09-16T14:22:15","modified_gmt":"2019-09-16T17:22:15","slug":"orientacoes-sobre-o-planejamento-e-gerenciamento-de-contratacoes-pgc","status":"publish","type":"post","link":"https:\/\/www.ufsm.br\/orgaos-executivos\/demapa\/2019\/09\/16\/orientacoes-sobre-o-planejamento-e-gerenciamento-de-contratacoes-pgc","title":{"rendered":"Orienta\u00e7\u00f5es sobre o Planejamento e Gerenciamento de Contrata\u00e7\u00f5es\/PGC"},"content":{"rendered":"\n<p>O DEMAPA emitiu o <a href=\"https:\/\/www.ufsm.br\/orgaos-executivos\/demapa\/wp-content\/uploads\/sites\/352\/2019\/09\/Memo_Circ_06.2019_DEMAPA.pdf\">Memorando Circular n\u00ba 006\/2019<\/a>, que orienta os usu\u00e1rios sobre o primeiro acesso ao sistema\u00a0 de Planejamento e Gerenciamento de Contrata\u00e7\u00f5es (PGC).<\/p>\n<p>Acesse o Memorando para ver as informa\u00e7\u00f5es e orienta\u00e7\u00f5es na integra.<\/p>\n","protected":false},"excerpt":{"rendered":"<p>O DEMAPA emitiu o Memorando Circular n\u00ba 006\/2019, que orienta os usu\u00e1rios sobre o primeiro acesso ao sistema\u00a0 de Planejamento e Gerenciamento de Contrata\u00e7\u00f5es (PGC). Acesse o Memorando para ver as informa\u00e7\u00f5es e orienta\u00e7\u00f5es na integra.<\/p>\n","protected":false},"author":100,"featured_media":0,"comment_status":"closed","ping_status":"closed","sticky":false,"template":"","format":"standard","meta":{"footnotes":""},"categories":[55,162],"tags":[],"class_list":["post-33722","post","type-post","status-publish","format-standard","hentry","category-noticia","category-noticias-dipat"],"acf":[],"_links":{"self":[{"href":"https:\/\/www.ufsm.br\/orgaos-executivos\/demapa\/wp-json\/wp\/v2\/posts\/33722","targetHints":{"allow":["GET"]}}],"collection":[{"href":"https:\/\/www.ufsm.br\/orgaos-executivos\/demapa\/wp-json\/wp\/v2\/posts"}],"about":[{"href":"https:\/\/www.ufsm.br\/orgaos-executivos\/demapa\/wp-json\/wp\/v2\/types\/post"}],"author":[{"embeddable":true,"href":"https:\/\/www.ufsm.br\/orgaos-executivos\/demapa\/wp-json\/wp\/v2\/users\/100"}],"replies":[{"embeddable":true,"href":"https:\/\/www.ufsm.br\/orgaos-executivos\/demapa\/wp-json\/wp\/v2\/comments?post=33722"}],"version-history":[{"count":0,"href":"https:\/\/www.ufsm.br\/orgaos-executivos\/demapa\/wp-json\/wp\/v2\/posts\/33722\/revisions"}],"wp:attachment":[{"href":"https:\/\/www.ufsm.br\/orgaos-executivos\/demapa\/wp-json\/wp\/v2\/media?parent=33722"}],"wp:term":[{"taxonomy":"category","embeddable":true,"href":"https:\/\/www.ufsm.br\/orgaos-executivos\/demapa\/wp-json\/wp\/v2\/categories?post=33722"},{"taxonomy":"post_tag","embeddable":true,"href":"https:\/\/www.ufsm.br\/orgaos-executivos\/demapa\/wp-json\/wp\/v2\/tags?post=33722"}],"curies":[{"name":"wp","href":"https:\/\/api.w.org\/{rel}","templated":true}]}}