{"id":35473,"date":"2021-07-22T09:13:35","date_gmt":"2021-07-22T12:13:35","guid":{"rendered":"https:\/\/www.ufsm.br\/orgaos-executivos\/demapa\/?p=35473"},"modified":"2021-07-22T09:13:37","modified_gmt":"2021-07-22T12:13:37","slug":"demapa-define-prazo-para-as-relicitacoes-ano-2021","status":"publish","type":"post","link":"https:\/\/www.ufsm.br\/orgaos-executivos\/demapa\/2021\/07\/22\/demapa-define-prazo-para-as-relicitacoes-ano-2021","title":{"rendered":"DEMAPA define prazo para as relicita\u00e7\u00f5es &#8211; ano 2021"},"content":{"rendered":"\n<p><br \/>O DEMAPA emitiu os memorandos circulares <a href=\"https:\/\/www.ufsm.br\/app\/uploads\/sites\/352\/2021\/07\/Mem_Circ_02.2021_relicitacao.pdf\">02\/2021<\/a> e <a href=\"https:\/\/www.ufsm.br\/app\/uploads\/sites\/352\/2021\/07\/Mem_Circ_03.2021_relicitacao.pdf\">03\/2021<\/a> no qual definiu os prazos para as relicita\u00e7\u00f5es dos processos licitat\u00f3rios do ano de 2021.<\/p>\n","protected":false},"excerpt":{"rendered":"<p>O DEMAPA emitiu os memorandos circulares 02\/2021 e 03\/2021 no qual definiu os prazos para as relicita\u00e7\u00f5es dos processos licitat\u00f3rios do ano de 2021.<\/p>\n","protected":false},"author":100,"featured_media":0,"comment_status":"closed","ping_status":"closed","sticky":false,"template":"","format":"standard","meta":{"footnotes":""},"categories":[1],"tags":[],"class_list":["post-35473","post","type-post","status-publish","format-standard","hentry","category-sem-categoria"],"acf":[],"_links":{"self":[{"href":"https:\/\/www.ufsm.br\/orgaos-executivos\/demapa\/wp-json\/wp\/v2\/posts\/35473","targetHints":{"allow":["GET"]}}],"collection":[{"href":"https:\/\/www.ufsm.br\/orgaos-executivos\/demapa\/wp-json\/wp\/v2\/posts"}],"about":[{"href":"https:\/\/www.ufsm.br\/orgaos-executivos\/demapa\/wp-json\/wp\/v2\/types\/post"}],"author":[{"embeddable":true,"href":"https:\/\/www.ufsm.br\/orgaos-executivos\/demapa\/wp-json\/wp\/v2\/users\/100"}],"replies":[{"embeddable":true,"href":"https:\/\/www.ufsm.br\/orgaos-executivos\/demapa\/wp-json\/wp\/v2\/comments?post=35473"}],"version-history":[{"count":0,"href":"https:\/\/www.ufsm.br\/orgaos-executivos\/demapa\/wp-json\/wp\/v2\/posts\/35473\/revisions"}],"wp:attachment":[{"href":"https:\/\/www.ufsm.br\/orgaos-executivos\/demapa\/wp-json\/wp\/v2\/media?parent=35473"}],"wp:term":[{"taxonomy":"category","embeddable":true,"href":"https:\/\/www.ufsm.br\/orgaos-executivos\/demapa\/wp-json\/wp\/v2\/categories?post=35473"},{"taxonomy":"post_tag","embeddable":true,"href":"https:\/\/www.ufsm.br\/orgaos-executivos\/demapa\/wp-json\/wp\/v2\/tags?post=35473"}],"curies":[{"name":"wp","href":"https:\/\/api.w.org\/{rel}","templated":true}]}}