{"id":36427,"date":"2022-07-11T08:54:29","date_gmt":"2022-07-11T11:54:29","guid":{"rendered":"https:\/\/www.ufsm.br\/orgaos-executivos\/demapa\/?p=36427"},"modified":"2022-07-11T08:56:38","modified_gmt":"2022-07-11T11:56:38","slug":"prazos-finais-para-execucao-orcamentaria-no-exercicio-de-2022","status":"publish","type":"post","link":"https:\/\/www.ufsm.br\/orgaos-executivos\/demapa\/2022\/07\/11\/prazos-finais-para-execucao-orcamentaria-no-exercicio-de-2022","title":{"rendered":"Prazos finais para execu\u00e7\u00e3o or\u00e7ament\u00e1ria no exerc\u00edcio de 2022"},"content":{"rendered":"\n<div>O Departamento de Material e Patrim\u00f4nio (DEMAPA), o Departamento de Contabilidade e Finan\u00e7as (DCF) e a Pr\u00f3-Reitoria de Administra\u00e7\u00e3o (PRA) emitiram em conjunto o <a href=\"\/\/www.ufsm.br\/app\/uploads\/sites\/352\/2022\/07\/Memorando-Circular-02-2022.pdf\">Memorando Circular 02\/2022<\/a> que trata sobre sobre os prazos finais da execu\u00e7\u00e3o or\u00e7ament\u00e1ria para o exerc\u00edcio de 2022 .<\/div>\n<div>\u00a0<\/div>\n<div>Favor divulgar internamente nas suas unidades e subunidades.<\/div>\n","protected":false},"excerpt":{"rendered":"<p>O Departamento de Material e Patrim\u00f4nio (DEMAPA), o Departamento de Contabilidade e Finan\u00e7as (DCF) e a Pr\u00f3-Reitoria de Administra\u00e7\u00e3o (PRA) emitiram em conjunto o Memorando Circular 02\/2022 que trata sobre sobre os prazos finais da execu\u00e7\u00e3o or\u00e7ament\u00e1ria para o exerc\u00edcio de 2022 . \u00a0 Favor divulgar internamente nas suas unidades e subunidades.<\/p>\n","protected":false},"author":2317,"featured_media":0,"comment_status":"closed","ping_status":"closed","sticky":false,"template":"","format":"standard","meta":{"footnotes":""},"categories":[1],"tags":[],"class_list":["post-36427","post","type-post","status-publish","format-standard","hentry","category-sem-categoria"],"acf":[],"_links":{"self":[{"href":"https:\/\/www.ufsm.br\/orgaos-executivos\/demapa\/wp-json\/wp\/v2\/posts\/36427","targetHints":{"allow":["GET"]}}],"collection":[{"href":"https:\/\/www.ufsm.br\/orgaos-executivos\/demapa\/wp-json\/wp\/v2\/posts"}],"about":[{"href":"https:\/\/www.ufsm.br\/orgaos-executivos\/demapa\/wp-json\/wp\/v2\/types\/post"}],"author":[{"embeddable":true,"href":"https:\/\/www.ufsm.br\/orgaos-executivos\/demapa\/wp-json\/wp\/v2\/users\/2317"}],"replies":[{"embeddable":true,"href":"https:\/\/www.ufsm.br\/orgaos-executivos\/demapa\/wp-json\/wp\/v2\/comments?post=36427"}],"version-history":[{"count":0,"href":"https:\/\/www.ufsm.br\/orgaos-executivos\/demapa\/wp-json\/wp\/v2\/posts\/36427\/revisions"}],"wp:attachment":[{"href":"https:\/\/www.ufsm.br\/orgaos-executivos\/demapa\/wp-json\/wp\/v2\/media?parent=36427"}],"wp:term":[{"taxonomy":"category","embeddable":true,"href":"https:\/\/www.ufsm.br\/orgaos-executivos\/demapa\/wp-json\/wp\/v2\/categories?post=36427"},{"taxonomy":"post_tag","embeddable":true,"href":"https:\/\/www.ufsm.br\/orgaos-executivos\/demapa\/wp-json\/wp\/v2\/tags?post=36427"}],"curies":[{"name":"wp","href":"https:\/\/api.w.org\/{rel}","templated":true}]}}