{"id":1396,"date":"2019-11-28T16:06:35","date_gmt":"2019-11-28T19:06:35","guid":{"rendered":"https:\/\/www.ufsm.br\/orgaos-suplementares\/biblioteca\/?p=1396"},"modified":"2019-11-28T16:09:32","modified_gmt":"2019-11-28T19:09:32","slug":"bscefd-promoveu-oficina-sobre-gerenciadores-de-referencia","status":"publish","type":"post","link":"https:\/\/www.ufsm.br\/orgaos-suplementares\/biblioteca\/2019\/11\/28\/bscefd-promoveu-oficina-sobre-gerenciadores-de-referencia","title":{"rendered":"BSCEFD promoveu oficina sobre gerenciadores de refer\u00eancias"},"content":{"rendered":"\n<p>Na tarde de hoje (28\/11), o bibliotec\u00e1rio Rafael Carmo ministrou, em parceria com a docente Silvana Matheus, a oficina &#8220;Mendeley e Zotero: entendendo os gerenciadores de refer\u00eancias&#8221; para os discentes do quarto semestre (Educa\u00e7\u00e3o F\u00edsica &#8211; Bacharelado) da disciplina Metodologia da Pesquisa em Educa\u00e7\u00e3o F\u00edsica.<\/p>\n<p>A oficina apresentou o conceito de gerenciadores de refer\u00eancia e sua utiliza\u00e7\u00e3o na constru\u00e7\u00e3o de um trabalho acad\u00eamico. Os estudantes tiveram a oportunidade de inserir refer\u00eancias e bibliografias a partir de pesquisas na internet utilizando os softwares Mendeley e Zotero.<\/p>\n<p>Se voc\u00ea possui interesse em promover oficina semelhante, entre em contato com o e-mail bibliocefd@ufsm.br.<\/p>\n\n\n\n<figure class=\"wp-block-image size-large\"><img fetchpriority=\"high\" decoding=\"async\" width=\"800\" height=\"450\" src=\"https:\/\/www.ufsm.br\/orgaos-suplementares\/biblioteca\/wp-content\/uploads\/sites\/362\/2019\/11\/8577b282-0419-4e42-aa4a-723b35948095.jpg\" alt=\"\" class=\"wp-image-1397\" srcset=\"https:\/\/www.ufsm.br\/app\/uploads\/sites\/362\/2019\/11\/8577b282-0419-4e42-aa4a-723b35948095.jpg 800w, https:\/\/www.ufsm.br\/app\/uploads\/sites\/362\/2019\/11\/8577b282-0419-4e42-aa4a-723b35948095-300x169.jpg 300w, https:\/\/www.ufsm.br\/app\/uploads\/sites\/362\/2019\/11\/8577b282-0419-4e42-aa4a-723b35948095-768x432.jpg 768w\" sizes=\"(max-width: 800px) 100vw, 800px\" \/><\/figure>\n","protected":false},"excerpt":{"rendered":"<p>Na tarde de hoje (28\/11), o bibliotec\u00e1rio Rafael Carmo ministrou, em parceria com a docente Silvana Matheus, a oficina &#8220;Mendeley e Zotero: entendendo os gerenciadores de refer\u00eancias&#8221; para os discentes do quarto semestre (Educa\u00e7\u00e3o F\u00edsica &#8211; Bacharelado) da disciplina Metodologia da Pesquisa em Educa\u00e7\u00e3o F\u00edsica. A oficina apresentou o conceito de gerenciadores de refer\u00eancia e [&hellip;]<\/p>\n","protected":false},"author":86,"featured_media":0,"comment_status":"closed","ping_status":"closed","sticky":false,"template":"","format":"standard","meta":{"footnotes":""},"categories":[91,175],"tags":[],"class_list":["post-1396","post","type-post","status-publish","format-standard","hentry","category-banner-bscefd","category-bscefd-pt"],"acf":[],"_links":{"self":[{"href":"https:\/\/www.ufsm.br\/orgaos-suplementares\/biblioteca\/wp-json\/wp\/v2\/posts\/1396","targetHints":{"allow":["GET"]}}],"collection":[{"href":"https:\/\/www.ufsm.br\/orgaos-suplementares\/biblioteca\/wp-json\/wp\/v2\/posts"}],"about":[{"href":"https:\/\/www.ufsm.br\/orgaos-suplementares\/biblioteca\/wp-json\/wp\/v2\/types\/post"}],"author":[{"embeddable":true,"href":"https:\/\/www.ufsm.br\/orgaos-suplementares\/biblioteca\/wp-json\/wp\/v2\/users\/86"}],"replies":[{"embeddable":true,"href":"https:\/\/www.ufsm.br\/orgaos-suplementares\/biblioteca\/wp-json\/wp\/v2\/comments?post=1396"}],"version-history":[{"count":0,"href":"https:\/\/www.ufsm.br\/orgaos-suplementares\/biblioteca\/wp-json\/wp\/v2\/posts\/1396\/revisions"}],"wp:attachment":[{"href":"https:\/\/www.ufsm.br\/orgaos-suplementares\/biblioteca\/wp-json\/wp\/v2\/media?parent=1396"}],"wp:term":[{"taxonomy":"category","embeddable":true,"href":"https:\/\/www.ufsm.br\/orgaos-suplementares\/biblioteca\/wp-json\/wp\/v2\/categories?post=1396"},{"taxonomy":"post_tag","embeddable":true,"href":"https:\/\/www.ufsm.br\/orgaos-suplementares\/biblioteca\/wp-json\/wp\/v2\/tags?post=1396"}],"curies":[{"name":"wp","href":"https:\/\/api.w.org\/{rel}","templated":true}]}}