{"id":2774,"date":"2022-12-14T09:21:05","date_gmt":"2022-12-14T12:21:05","guid":{"rendered":"https:\/\/www.ufsm.br\/orgaos-suplementares\/biblioteca\/?p=2774"},"modified":"2022-12-14T09:21:06","modified_gmt":"2022-12-14T12:21:06","slug":"base-de-normas-tecnicas-volta-a-estar-disponivel-para-a-ufsm","status":"publish","type":"post","link":"https:\/\/www.ufsm.br\/orgaos-suplementares\/biblioteca\/2022\/12\/14\/base-de-normas-tecnicas-volta-a-estar-disponivel-para-a-ufsm","title":{"rendered":"Base de normas t\u00e9cnicas volta a estar dispon\u00edvel para a UFSM"},"content":{"rendered":"\n<p>Ap\u00f3s an\u00fancio de que o contrato da UFSM para acesso \u00e0s normas t\u00e9cnicas da ABNT e do Mercosul (<a href=\"https:\/\/www.ufsm.br\/pro-reitorias\/prograd\/2022\/10\/31\/biblioteca-divulga-o-encerramento-de-acesso-a-duas-bases-de-conteudo-digital\/\">1<\/a>, <a href=\"https:\/\/www.ufsm.br\/orgaos-suplementares\/biblioteca\/2022\/12\/01\/assinatura-da-plataforma-target-gedweb-sera-encerrada-em-dezembro\/\">2<\/a>), conseguiu-se, com apoio da <a href=\"https:\/\/www.ufsm.br\/pro-reitorias\/pra\/\">Pr\u00f3-Reitoria de Administra\u00e7\u00e3o (PRA)<\/a>, o or\u00e7amento necess\u00e1rio para a sua renova\u00e7\u00e3o.<\/p>\n<p>Desta forma, o <a href=\"https:\/\/www.ufsm.br\/orgaos-executivos\/demapa\/contratos\/\">contrato<\/a> continuar\u00e1 vigente at\u00e9 dezembro de 2023 e a comunidade acad\u00eamica continuar\u00e1 podendo acessar as normas a partir da <a href=\"https:\/\/www.ufsm.br\/orgaos-suplementares\/biblioteca\/normas-abnt-mdt\/\">p\u00e1gina Normas ABNT\/MDT do site das bibliotecas<\/a>, do <a href=\"https:\/\/portal.ufsm.br\/biblioteca\/pesquisa\/index.html\">Portal Biblioteca<\/a> e do <a href=\"https:\/\/www.ufsm.br\/app\/uploads\/sites\/362\/2021\/06\/Como-acessar-as-normas-ABNTMercosul-no-Celular.pdf\">aplicativo mobile da empresa<\/a>.<\/p>\n<p>Caso voc\u00ea tenha d\u00favidas sobre o acesso e uso da plataforma, <a href=\"https:\/\/www.ufsm.br\/orgaos-suplementares\/biblioteca\/contato\/\">procure a biblioteca mais pr\u00f3xima da sua unidade<\/a>.<\/p>\n","protected":false},"excerpt":{"rendered":"<p>Ap\u00f3s an\u00fancio de que o contrato da UFSM para acesso \u00e0s normas t\u00e9cnicas da ABNT e do Mercosul (1, 2), conseguiu-se, com apoio da Pr\u00f3-Reitoria de Administra\u00e7\u00e3o (PRA), o or\u00e7amento necess\u00e1rio para a sua renova\u00e7\u00e3o. Desta forma, o contrato continuar\u00e1 vigente at\u00e9 dezembro de 2023 e a comunidade acad\u00eamica continuar\u00e1 podendo acessar as normas a [&hellip;]<\/p>\n","protected":false},"author":85,"featured_media":0,"comment_status":"closed","ping_status":"closed","sticky":false,"template":"","format":"standard","meta":{"footnotes":""},"categories":[137],"tags":[472,209,474,473],"class_list":["post-2774","post","type-post","status-publish","format-standard","hentry","category-noticias","tag-abnt","tag-acervo","tag-normas","tag-target-gedweb"],"acf":[],"_links":{"self":[{"href":"https:\/\/www.ufsm.br\/orgaos-suplementares\/biblioteca\/wp-json\/wp\/v2\/posts\/2774","targetHints":{"allow":["GET"]}}],"collection":[{"href":"https:\/\/www.ufsm.br\/orgaos-suplementares\/biblioteca\/wp-json\/wp\/v2\/posts"}],"about":[{"href":"https:\/\/www.ufsm.br\/orgaos-suplementares\/biblioteca\/wp-json\/wp\/v2\/types\/post"}],"author":[{"embeddable":true,"href":"https:\/\/www.ufsm.br\/orgaos-suplementares\/biblioteca\/wp-json\/wp\/v2\/users\/85"}],"replies":[{"embeddable":true,"href":"https:\/\/www.ufsm.br\/orgaos-suplementares\/biblioteca\/wp-json\/wp\/v2\/comments?post=2774"}],"version-history":[{"count":0,"href":"https:\/\/www.ufsm.br\/orgaos-suplementares\/biblioteca\/wp-json\/wp\/v2\/posts\/2774\/revisions"}],"wp:attachment":[{"href":"https:\/\/www.ufsm.br\/orgaos-suplementares\/biblioteca\/wp-json\/wp\/v2\/media?parent=2774"}],"wp:term":[{"taxonomy":"category","embeddable":true,"href":"https:\/\/www.ufsm.br\/orgaos-suplementares\/biblioteca\/wp-json\/wp\/v2\/categories?post=2774"},{"taxonomy":"post_tag","embeddable":true,"href":"https:\/\/www.ufsm.br\/orgaos-suplementares\/biblioteca\/wp-json\/wp\/v2\/tags?post=2774"}],"curies":[{"name":"wp","href":"https:\/\/api.w.org\/{rel}","templated":true}]}}