{"id":3455,"date":"2024-12-12T16:25:26","date_gmt":"2024-12-12T19:25:26","guid":{"rendered":"https:\/\/www.ufsm.br\/orgaos-suplementares\/biblioteca\/?p=3455"},"modified":"2024-12-12T17:39:29","modified_gmt":"2024-12-12T20:39:29","slug":"roda-de-conversa-desinformacao-e-fake-news-nas-redes-sociais-uma-interlocucao-mobiliza-equipe-de-trabalho-da-biblioteca-do-ccsh","status":"publish","type":"post","link":"https:\/\/www.ufsm.br\/orgaos-suplementares\/biblioteca\/2024\/12\/12\/roda-de-conversa-desinformacao-e-fake-news-nas-redes-sociais-uma-interlocucao-mobiliza-equipe-de-trabalho-da-biblioteca-do-ccsh","title":{"rendered":"Roda de Conversa \u201cDesinforma\u00e7\u00e3o e Fake News nas Redes Sociais: uma interlocu\u00e7\u00e3o\u201d mobiliza equipe de trabalho da Biblioteca do CCSH"},"content":{"rendered":"\t\t<div data-elementor-type=\"wp-post\" data-elementor-id=\"3455\" class=\"elementor elementor-3455\">\n\t\t\t\t\t\t<section class=\"elementor-section elementor-top-section elementor-element elementor-element-4e733f0 elementor-section-boxed elementor-section-height-default elementor-section-height-default\" data-id=\"4e733f0\" data-element_type=\"section\">\n\t\t\t\t\t\t<div class=\"elementor-container elementor-column-gap-default\">\n\t\t\t\t\t<div class=\"elementor-column elementor-col-100 elementor-top-column elementor-element elementor-element-aabfce2\" data-id=\"aabfce2\" data-element_type=\"column\">\n\t\t\t<div class=\"elementor-widget-wrap elementor-element-populated\">\n\t\t\t\t\t\t<div class=\"elementor-element elementor-element-c2998d8 elementor-widget elementor-widget-text-editor\" data-id=\"c2998d8\" data-element_type=\"widget\" data-widget_type=\"text-editor.default\">\n\t\t\t\t<div class=\"elementor-widget-container\">\n\t\t\t\t\t\t\t<p><img fetchpriority=\"high\" decoding=\"async\" class=\"alignleft wp-image-3457 size-full\" src=\"https:\/\/www.ufsm.br\/app\/uploads\/sites\/362\/2024\/12\/1-e1734035958840.jpeg\" alt=\"\" width=\"440\" height=\"247\" \/><\/p><p style=\"text-align: justify\">Compreendendo o papel estrat\u00e9gico da biblioteca na redu\u00e7\u00e3o da propaga\u00e7\u00e3o de desinforma\u00e7\u00e3o, a roda de conversa foi realizada na manh\u00e3 desta quinta-feira (12\/12\/2024). O evento reuniu a\u00a0<span style=\"text-align: justify\">equipe para debater o tema e foi mediado pelas bibliotec\u00e1rias Karen Britto e Jus\u00e9lia Silva. A atividade tamb\u00e9m contou com a participa\u00e7\u00e3o de Tircianne Apr\u00edgio, formanda em Biblioteconomia pela Universidade de Rond\u00f4nia, que est\u00e1 concluindo seu est\u00e1gio obrigat\u00f3rio remoto na Biblioteca do CCSH.<\/span><\/p><p><img decoding=\"async\" class=\"alignright wp-image-3458 size-full\" style=\"text-align: justify\" src=\"https:\/\/www.ufsm.br\/app\/uploads\/sites\/362\/2024\/12\/2-1-e1734035336588.jpg\" alt=\"\" width=\"350\" height=\"466\" \/><\/p><p style=\"text-align: justify\">A roda de conversa, que foi uma das atividades propostas no contexto do est\u00e1gio supervisionado, teve como objetivo principal a discuss\u00e3o no contexto da comunica\u00e7\u00e3o digital no \u00e2mbito dos efeitos negativos das fake News e na proposta por a\u00e7\u00f5es de combate \u00e0 desinforma\u00e7\u00e3o no ambiente das redes sociais.<\/p><p style=\"text-align: justify\"><span style=\"text-align: justify\">Na oportunidade, Tircianne abordou as terminologias corretas<\/span><span style=\"text-align: justify\">\u00a0para descrever diferentes tipos de informa\u00e7\u00f5es falsas, destacando como essas contribuem negativamente em diversas esferas sociais. Al\u00e9m disso, foi apresentado um infogr\u00e1fico da IFLA (Federa\u00e7\u00e3o Internacional de Associa\u00e7\u00f5es e Institui\u00e7\u00f5es Bibliotec\u00e1rias), que serve como guia para a identifica\u00e7\u00e3o de informa\u00e7\u00f5es falsas.<\/span><\/p><p style=\"text-align: justify\">Tamb\u00e9m foi discutida a import\u00e2ncia do papel fundamental desempenhado pelos bibliotec\u00e1rios que atuam como agentes de Compet\u00eancia em Informa\u00e7\u00e3o (CoInfo), houve o\u00a0 compartilhamento de experi\u00eancias profissionais e a\u00e7\u00f5es j\u00e1 vivenciadas na atua\u00e7\u00e3o no contexto de bibliotecas, projetos e outras viv\u00eancias, propiciando um ambiente de reflex\u00e3o e aprendizado m\u00fatuo.<\/p><p style=\"text-align: justify\">A discuss\u00e3o serviu como um ponto de partida para a tomada de a\u00e7\u00f5es relacionadas ao tema. Planeja-se implementar, ao longo de 2025, um conjunto de atividades cont\u00ednuas, incluindo: a sele\u00e7\u00e3o e divulga\u00e7\u00e3o de t\u00edtulos do acervo da UFSM com enfoque no tema; a promo\u00e7\u00e3o de oficinas e debates com especialistas; a organiza\u00e7\u00e3o de uma s\u00e9rie de publica\u00e7\u00f5es abordando diferentes perspectivas do assunto; e a realiza\u00e7\u00e3o de cine-debates. Essas a\u00e7\u00f5es estar\u00e3o vinculadas ao BibliOConecta, um projeto da Biblioteca do CCSH que busca promover a intera\u00e7\u00e3o com a comunidade acad\u00eamica e externa.<\/p><p><img decoding=\"async\" class=\"aligncenter wp-image-3459 size-full\" src=\"https:\/\/www.ufsm.br\/app\/uploads\/sites\/362\/2024\/12\/3.3-e1734035283667.jpg\" alt=\"\" width=\"800\" height=\"315\" \/><\/p>\t\t\t\t\t\t<\/div>\n\t\t\t\t<\/div>\n\t\t\t\t\t<\/div>\n\t\t<\/div>\n\t\t\t\t\t<\/div>\n\t\t<\/section>\n\t\t\t\t<\/div>\n\t\t","protected":false},"excerpt":{"rendered":"<p>Compreendendo o papel estrat\u00e9gico da biblioteca na redu\u00e7\u00e3o da propaga\u00e7\u00e3o de desinforma\u00e7\u00e3o, a roda de conversa foi realizada na manh\u00e3 desta quinta-feira (12\/12\/2024). O evento reuniu a\u00a0equipe para debater o tema e foi mediado pelas bibliotec\u00e1rias Karen Britto e Jus\u00e9lia Silva. A atividade tamb\u00e9m contou com a participa\u00e7\u00e3o de Tircianne Apr\u00edgio, formanda em Biblioteconomia pela [&hellip;]<\/p>\n","protected":false},"author":586,"featured_media":0,"comment_status":"closed","ping_status":"closed","sticky":false,"template":"","format":"standard","meta":{"footnotes":""},"categories":[497,46,137],"tags":[],"class_list":["post-3455","post","type-post","status-publish","format-standard","hentry","category-atividades-bsccsh","category-bsccsh","category-noticias"],"acf":[],"_links":{"self":[{"href":"https:\/\/www.ufsm.br\/orgaos-suplementares\/biblioteca\/wp-json\/wp\/v2\/posts\/3455","targetHints":{"allow":["GET"]}}],"collection":[{"href":"https:\/\/www.ufsm.br\/orgaos-suplementares\/biblioteca\/wp-json\/wp\/v2\/posts"}],"about":[{"href":"https:\/\/www.ufsm.br\/orgaos-suplementares\/biblioteca\/wp-json\/wp\/v2\/types\/post"}],"author":[{"embeddable":true,"href":"https:\/\/www.ufsm.br\/orgaos-suplementares\/biblioteca\/wp-json\/wp\/v2\/users\/586"}],"replies":[{"embeddable":true,"href":"https:\/\/www.ufsm.br\/orgaos-suplementares\/biblioteca\/wp-json\/wp\/v2\/comments?post=3455"}],"version-history":[{"count":0,"href":"https:\/\/www.ufsm.br\/orgaos-suplementares\/biblioteca\/wp-json\/wp\/v2\/posts\/3455\/revisions"}],"wp:attachment":[{"href":"https:\/\/www.ufsm.br\/orgaos-suplementares\/biblioteca\/wp-json\/wp\/v2\/media?parent=3455"}],"wp:term":[{"taxonomy":"category","embeddable":true,"href":"https:\/\/www.ufsm.br\/orgaos-suplementares\/biblioteca\/wp-json\/wp\/v2\/categories?post=3455"},{"taxonomy":"post_tag","embeddable":true,"href":"https:\/\/www.ufsm.br\/orgaos-suplementares\/biblioteca\/wp-json\/wp\/v2\/tags?post=3455"}],"curies":[{"name":"wp","href":"https:\/\/api.w.org\/{rel}","templated":true}]}}